{"id":635472,"date":"2026-01-02T04:25:16","date_gmt":"2026-01-02T04:25:16","guid":{"rendered":"https:\/\/www.europesays.com\/fr\/635472\/"},"modified":"2026-01-02T04:25:16","modified_gmt":"2026-01-02T04:25:16","slug":"cyclo-cross-cyclo-cross-x2o-trofee-lucinda-brand-simpose-facilement-au-gp-sven-nys-a-baal-pieterse-2e","status":"publish","type":"post","link":"https:\/\/www.europesays.com\/fr\/635472\/","title":{"rendered":"Cyclo-cross. Cyclo-cross. X2O Trofee &#8211; Lucinda Brand s\u2019impose facilement au GP Sven Nys \u00e0 Baal, Pieterse 2e"},"content":{"rendered":"<p>L\u2019ann\u00e9e 2026 commence comme l\u2019ann\u00e9e 2025 s\u2019est termin\u00e9e pour <strong><a href=\"https:\/\/www.cyclismactu.net\/..\/news-x2o-trofee-cyclo-cross-lucinda-brand-une-12e-victoire-de-suite-malgre-un-mauvais-depart-91385.html\" target=\"_blank\" rel=\"noopener\">Lucinda Brand<\/a><\/strong> (Baloise Verzekeringen \u2013 Het Poetsbureau Lions), bras lev\u00e9s \u00e0 l\u2019arriv\u00e9e. Ce jeudi 1er janvier, pas de temps de repos apr\u00e8s le r\u00e9veillon du Nouvel An pour les coureuses, qui ont affront\u00e9 le terrible circuit de la l\u00e9gende <strong><a href=\"https:\/\/www.cyclismactu.net\/..\/\" target=\"_blank\" rel=\"noopener\">Sven Nys<\/a><\/strong> \u00e0 Baal, sur un terrain rendu tr\u00e8s technique et boueux par les pluies abondantes. Chez les femmes, sans grande surprise, c\u2019est <strong>Lucinda Brand<\/strong> qui s\u2019est impos\u00e9e, tuant le suspense d\u00e8s le premier tour et r\u00e9sistant au retour de la championne des Pays-Bas <strong><a href=\"https:\/\/www.cyclismactu.net\/..\/news-superprestige-cyclo-cross-puck-pieterse-je-suis-heureuse-d-avoir-remporte-cette-course-91408.html\" target=\"_blank\" rel=\"noopener\">Puck Pieterse<\/a><\/strong> (Fenix\u2013Premier Tech) et de la Britannique <strong>Zoe Backstedt<\/strong> (CANYON\/\/SRAM zondacrypto).<\/p>\n<p>Vid\u00e9o &#8211;  Lire la suite de l&rsquo;article&#13;<br \/>\n&#13;<br \/>\nLucinda Brand intouchable&#13;<\/p>\n<p>\u00ab\u00a0Une journ\u00e9e comme les autres\u00a0\u00bb finalement pour <strong>Lucinda Brand<\/strong>. Malgr\u00e9 la pluie et le terrain boueux, la N\u00e9erlandaise de 36 ans remporte une \u00e9preuve de cyclo-cross pour la 13e fois cons\u00e9cutive, en s\u2019adjugeant cette fois le <strong>GP Sven Nys <\/strong>\u00e0 Baal. Cerise sur le g\u00e2teau : il s\u2019agit de son 60e podium cons\u00e9cutif, une statistique impressionnante pour celle qui n\u2019a plus quitt\u00e9 le podium depuis Benidorm en 2024.<\/p>\n<p>&#13;<\/p>\n<p>La course en elle-m\u00eame n\u2019a pas \u00e9t\u00e9 r\u00e9ellement passionnante : un d\u00e9part r\u00e9ussi pour <strong>Brand<\/strong>, puis elle s\u2019en est all\u00e9e. Personne, pas m\u00eame <strong>Puck Pieterse<\/strong>, n\u2019a pu accompagner la v\u00e9t\u00e9rane n\u00e9erlandaise, qui s\u2019est envol\u00e9e vers un nouveau succ\u00e8s, le tout premier de son ann\u00e9e 2026.<\/p>\n","protected":false},"excerpt":{"rendered":"L\u2019ann\u00e9e 2026 commence comme l\u2019ann\u00e9e 2025 s\u2019est termin\u00e9e pour Lucinda Brand (Baloise Verzekeringen \u2013 Het Poetsbureau Lions), bras&hellip;\n","protected":false},"author":2,"featured_media":635473,"comment_status":"","ping_status":"","sticky":false,"template":"","format":"standard","meta":{"footnotes":""},"categories":[1411],"tags":[1154,207,59294,211,1011,27,60,210,212,208,213,74306],"class_list":{"0":"post-635472","1":"post","2":"type-post","3":"status-publish","4":"format-standard","5":"has-post-thumbnail","7":"category-cyclisme","8":"tag-cycling","9":"tag-cyclisme","10":"tag-cyclo-cross","11":"tag-ffc","12":"tag-fr","13":"tag-france","14":"tag-sports","15":"tag-tour-de-france","16":"tag-uci","17":"tag-velo","18":"tag-world-tour","19":"tag-x2o-trofee"},"share_on_mastodon":{"url":"https:\/\/pubeurope.com\/@fr\/115823609313538565","error":""},"_links":{"self":[{"href":"https:\/\/www.europesays.com\/fr\/wp-json\/wp\/v2\/posts\/635472","targetHints":{"allow":["GET"]}}],"collection":[{"href":"https:\/\/www.europesays.com\/fr\/wp-json\/wp\/v2\/posts"}],"about":[{"href":"https:\/\/www.europesays.com\/fr\/wp-json\/wp\/v2\/types\/post"}],"author":[{"embeddable":true,"href":"https:\/\/www.europesays.com\/fr\/wp-json\/wp\/v2\/users\/2"}],"replies":[{"embeddable":true,"href":"https:\/\/www.europesays.com\/fr\/wp-json\/wp\/v2\/comments?post=635472"}],"version-history":[{"count":0,"href":"https:\/\/www.europesays.com\/fr\/wp-json\/wp\/v2\/posts\/635472\/revisions"}],"wp:featuredmedia":[{"embeddable":true,"href":"https:\/\/www.europesays.com\/fr\/wp-json\/wp\/v2\/media\/635473"}],"wp:attachment":[{"href":"https:\/\/www.europesays.com\/fr\/wp-json\/wp\/v2\/media?parent=635472"}],"wp:term":[{"taxonomy":"category","embeddable":true,"href":"https:\/\/www.europesays.com\/fr\/wp-json\/wp\/v2\/categories?post=635472"},{"taxonomy":"post_tag","embeddable":true,"href":"https:\/\/www.europesays.com\/fr\/wp-json\/wp\/v2\/tags?post=635472"}],"curies":[{"name":"wp","href":"https:\/\/api.w.org\/{rel}","templated":true}]}}