{"id":635480,"date":"2026-01-02T04:30:14","date_gmt":"2026-01-02T04:30:14","guid":{"rendered":"https:\/\/www.europesays.com\/fr\/635480\/"},"modified":"2026-01-02T04:30:14","modified_gmt":"2026-01-02T04:30:14","slug":"meteo-du-1-janvier-2026-previsions-meteo-a-21h00-meteo","status":"publish","type":"post","link":"https:\/\/www.europesays.com\/fr\/635480\/","title":{"rendered":"M\u00e9t\u00e9o du 1 janvier 2026 : Pr\u00e9visions m\u00e9t\u00e9o \u00e0 21h00 &#8211; M\u00e9t\u00e9o"},"content":{"rendered":"<p id=\"descriptionPanel\" class=\"text-secondary mr-2 line-clamp-2 pr-2.5 overflow-visible\">M\u00e9t\u00e9o du jeudi 1 janvier 2026 \u00e0 21h00 sur TF1 pr\u00e9sent\u00e9e par Tatiana Silva ou Evelyne Dheliat. Consultez sans plus attendre les pr\u00e9visions m\u00e9t\u00e9orologiques du jeudi 1 janvier 2026 \u00e0 21h00 et d\u00e9couvrez les temp\u00e9ratures du jour, du lendemain et des prochains jours en France m\u00e9tropolitaine et en Corse.<\/p>\n<p>Afficher la version longue du r\u00e9sum\u00e9<a class=\"shrink-0\" href=\"https:\/\/www.tf1.fr\/tf1\/meteo\" target=\"_blank\" rel=\"noopener\"><img decoding=\"async\" src=\"https:\/\/www.europesays.com\/fr\/wp-content\/uploads\/2025\/10\/flux-vignette-portrait-meteo-2020-1e2e88-84301c-a05dd2-0@1x.jpg\" width=\"138\" height=\"184\" alt=\"\" loading=\"eager\" fetchpriority=\"auto\" class=\"rounded-3px aspect-[3\/4] h-24 w-auto\" aria-hidden=\"true\"\/><\/a><img alt=\"Sous-Titrage T\u00e9l\u00e9texte\" loading=\"lazy\" width=\"27\" height=\"20\" decoding=\"async\" data-nimg=\"1\" style=\"color:transparent\" src=\"https:\/\/www.tf1.fr\/public\/_next\/static\/media\/sme.b8f879c0.svg\"\/><\/p>\n<p>2m06<\/p>\n<p>1 janv. 2026 \u00e0 21:00<\/p>\n","protected":false},"excerpt":{"rendered":"M\u00e9t\u00e9o du jeudi 1 janvier 2026 \u00e0 21h00 sur TF1 pr\u00e9sent\u00e9e par Tatiana Silva ou Evelyne Dheliat. Consultez&hellip;\n","protected":false},"author":2,"featured_media":466470,"comment_status":"","ping_status":"","sticky":false,"template":"","format":"standard","meta":{"footnotes":""},"categories":[1356],"tags":[58,2889,59031,59032,44667,59,1011,27,2487,59033,59034,59041,59045,59030,59042,59046,59038,59037,59043,59044,59039,59040,252,1364,59035,59036],"class_list":{"0":"post-635480","1":"post","2":"type-post","3":"status-publish","4":"format-standard","5":"has-post-thumbnail","7":"category-television","8":"tag-divertissement","9":"tag-emission","10":"tag-emission-meteo","11":"tag-emission-meteo-tf1","12":"tag-emission-tf1","13":"tag-entertainment","14":"tag-fr","15":"tag-france","16":"tag-meteo","17":"tag-meteo-emission","18":"tag-meteo-emission-tf1","19":"tag-meteo-streaming","20":"tag-meteo-streaming-gratuit","21":"tag-meteo-tf1","22":"tag-meteo-tf1-streaming","23":"tag-meteo-tf1-streaming-gratuit","24":"tag-meteo-tf1-video","25":"tag-meteo-video","26":"tag-streaming-gratuit-meteo","27":"tag-streaming-gratuit-meteo-tf1","28":"tag-streaming-meteo","29":"tag-streaming-meteo-tf1","30":"tag-television","31":"tag-tv","32":"tag-video-meteo","33":"tag-video-meteo-tf1"},"share_on_mastodon":{"url":"https:\/\/pubeurope.com\/@fr\/115823629069206511","error":""},"_links":{"self":[{"href":"https:\/\/www.europesays.com\/fr\/wp-json\/wp\/v2\/posts\/635480","targetHints":{"allow":["GET"]}}],"collection":[{"href":"https:\/\/www.europesays.com\/fr\/wp-json\/wp\/v2\/posts"}],"about":[{"href":"https:\/\/www.europesays.com\/fr\/wp-json\/wp\/v2\/types\/post"}],"author":[{"embeddable":true,"href":"https:\/\/www.europesays.com\/fr\/wp-json\/wp\/v2\/users\/2"}],"replies":[{"embeddable":true,"href":"https:\/\/www.europesays.com\/fr\/wp-json\/wp\/v2\/comments?post=635480"}],"version-history":[{"count":0,"href":"https:\/\/www.europesays.com\/fr\/wp-json\/wp\/v2\/posts\/635480\/revisions"}],"wp:featuredmedia":[{"embeddable":true,"href":"https:\/\/www.europesays.com\/fr\/wp-json\/wp\/v2\/media\/466470"}],"wp:attachment":[{"href":"https:\/\/www.europesays.com\/fr\/wp-json\/wp\/v2\/media?parent=635480"}],"wp:term":[{"taxonomy":"category","embeddable":true,"href":"https:\/\/www.europesays.com\/fr\/wp-json\/wp\/v2\/categories?post=635480"},{"taxonomy":"post_tag","embeddable":true,"href":"https:\/\/www.europesays.com\/fr\/wp-json\/wp\/v2\/tags?post=635480"}],"curies":[{"name":"wp","href":"https:\/\/api.w.org\/{rel}","templated":true}]}}