{"id":635483,"date":"2026-01-02T04:32:16","date_gmt":"2026-01-02T04:32:16","guid":{"rendered":"https:\/\/www.europesays.com\/fr\/635483\/"},"modified":"2026-01-02T04:32:16","modified_gmt":"2026-01-02T04:32:16","slug":"17-ans-apres-la-suite-de-ce-film-culte-avec-sophie-marceau-devoile-sa-bande-annonce","status":"publish","type":"post","link":"https:\/\/www.europesays.com\/fr\/635483\/","title":{"rendered":"17 ans apr\u00e8s, la suite de ce film culte avec Sophie Marceau d\u00e9voile sa bande-annonce"},"content":{"rendered":"<p itemprop=\"description\">Avis aux plus nostalgiques ! Apr\u00e8s avoir<br \/>\nmarqu\u00e9 toute une g\u00e9n\u00e9ration \u00e0 la fin des ann\u00e9es 2000, \u00ab\u00a0LOL\u00a0\u00bb<br \/>\ns&rsquo;appr\u00eate \u00e0 faire son grand retour au cin\u00e9ma. Voici les premi\u00e8res<br \/>\nimages.<\/p>\n<p>\u201cWe used to say that we were brother and sister\u2026\u201d<br \/>\nDifficile de chanter ces c\u00e9l\u00e8bres paroles sans penser \u00e0<br \/>\n<strong>LOL, <a href=\"https:\/\/www.bibamagazine.fr\/culture\/cinema\/lol-devenus-acteurs-224545.html\" target=\"_blank\" rel=\"noopener\">le film culte<\/a> qui a berc\u00e9 notre<br \/>\njeunesse<\/strong>. Sorti en 2009, ce teen movie sign\u00e9 Lisa<br \/>\nAzuelos \u00e9tait devenu un v\u00e9ritable ph\u00e9nom\u00e8ne g\u00e9n\u00e9rationnel, attirant<br \/>\npas moins de <strong>3,6 millions de spectateurs en salles<br \/>\nobscures<\/strong>. Port\u00e9 par <strong>Sophie Marceau et la toute<br \/>\njeune Christa Th\u00e9ret<\/strong>, le long-m\u00e9trage abordait avec une<br \/>\njustesse rare <strong>les relations m\u00e8re-fille et les<br \/>\nbouleversements propres \u00e0 l\u2019adolescence<\/strong>. Dix-sept ans plus<br \/>\ntard, <strong>l\u2019univers de LOL s\u2019appr\u00eate \u00e0 faire son grand<br \/>\nretour<\/strong>. Et justement, <strong>la bande-annonce de <a href=\"https:\/\/www.bibamagazine.fr\/culture\/cinema\/lol-2-0-sophie-marceau-revient-dans-la-suite-tant-attendue-du-film-culte-prevue-pour-467770.html\" target=\"_blank\" rel=\"noopener\">cette suite<\/a><\/strong> tr\u00e8s<br \/>\nattendue vient enfin d\u2019\u00eatre d\u00e9voil\u00e9e !<\/p>\n<p>LOL 2.0 : une suite dans l\u2019air du temps mais toujours<br \/>\navec la m\u00eame \u00e9motion<\/p>\n<p>\u00c0 en croire la bande-annonce et le synopsis officiel, ce nouvel<br \/>\nopus aborde une nouvelle facette de la parentalit\u00e9 : <strong>la<br \/>\ng\u00e9n\u00e9ration \u201cboomerang\u201d<\/strong>. Autrement dit, la g\u00e9n\u00e9ration des<br \/>\nenfants qui reviennent vivre chez leurs parents \u00e0 l\u2019\u00e2ge adulte.<br \/>\nVoici le r\u00e9sum\u00e9 : \u201c\u00c0 55 ans, Anne profite enfin de sa libert\u00e9<br \/>\napr\u00e8s le d\u00e9part de ses enfants. Mais tout bascule quand <strong>sa<br \/>\nfille Louise, 23 ans, revient vivre chez elle apr\u00e8s un \u00e9chec<br \/>\nprofessionnel et sentimental<\/strong>. Et comme une surprise<br \/>\nn\u2019arrive jamais seule, <strong>son fils Th\u00e9o lui annonce qu\u2019elle va<br \/>\ndevenir grand-m\u00e8re<\/strong> ! Entre chocs g\u00e9n\u00e9rationnels, r\u00eaves en<br \/>\nmutation et nouveaux \u00e9lans amoureux\u2026 Anne comprend que la vie ne<br \/>\nsuit jamais tout \u00e0 fait le plan pr\u00e9vu, et qu<strong>\u2019\u00e0 tout \u00e2ge, on<br \/>\ncontinue toujours d\u2019apprendre \u00e0 grandir<\/strong>.\u201d<\/p>\n<p>On l\u2019aura compris, cette fois, l\u2019intrigue ne tourne plus autour<br \/>\nde Lola, absente de ce nouveau chapitre, mais de <strong>sa petite<br \/>\ns\u0153ur Louise<\/strong>. Incarn\u00e9e par <strong>Tha\u00efs<br \/>\nAlessandrin<\/strong>, la fille de la r\u00e9alisatrice, elle devient le<br \/>\nmiroir d\u2019une g\u00e9n\u00e9ration qui cherche sa place dans un monde o\u00f9 les<br \/>\ntrajectoires ne sont plus aussi lin\u00e9aires qu\u2019avant. La<br \/>\nbande-annonce, tout juste d\u00e9voil\u00e9e, distille d\u00e9j\u00e0 <strong>ce<br \/>\nm\u00e9lange d\u2019humour doux-amer et de tendresse<\/strong> qui faisait la<br \/>\nforce du premier film, tout <strong>en ancrant clairement le r\u00e9cit<br \/>\ndans les pr\u00e9occupations d\u2019aujourd\u2019hui<\/strong>.<\/p>\n<p>Qui sera au casting de LOL 2.0<br \/>\n?<\/p>\n<p>Sans surprise, <strong><a href=\"https:\/\/www.bibamagazine.fr\/beaute\/minceur\/je-ne-passe-pas-mon-temps-a-faire-du-jogging-sophie-marceau-58-ans-revele-son-secret-minceur-491133.html\" target=\"_blank\" rel=\"noopener\">Sophie Marceau<\/a><\/strong> reprend<br \/>\nson r\u00f4le iconique d\u2019Anne, d\u00e9sormais quinqua confront\u00e9e \u00e0 un nouveau<br \/>\nchamboulement familial. Autour d\u2019elle, plusieurs visages familiers<br \/>\nfont leur retour, \u00e0 commencer par <strong>Alexandre Astier<\/strong><br \/>\n(Alain, l\u2019ex-mari d\u2019Anne), <strong>Fran\u00e7oise Fabian<\/strong> (la<br \/>\nm\u00e8re d\u2019Anne), <strong>F\u00e9lix Moati<\/strong> (Arthur) ou encore<br \/>\n<strong>Lou Lesage<\/strong> (St\u00e9phane). <strong>J\u00e9r\u00e9my<br \/>\nKapone<\/strong> renfile lui aussi le costume de Ma\u00ebl, le love<br \/>\ninterest de Lola dans <a href=\"https:\/\/www.bibamagazine.fr\/culture\/cinema\/excellent-coup-de-coeur-ce-film-culte-avec-sophie-marceau-a-pres-de-4-millions-dentrees-soffre-une-seconde-jeunesse-sur-disney-492910.html\" target=\"_blank\" rel=\"noopener\">le premier film<\/a>, ravivant<br \/>\nforc\u00e9ment quelques souvenirs chez les fans de la premi\u00e8re<br \/>\nheure.<\/p>\n<p>D\u2019autre part, <a href=\"https:\/\/www.bibamagazine.fr\/culture\/cinema\/ce-film-qui-a-berce-notre-adolescence-fait-son-retour-avec-un-second-volet-472266.html\" target=\"_blank\" rel=\"noopener\">LOL 2.0<\/a> marque aussi<br \/>\nl\u2019arriv\u00e9e de nouveaux visages. <strong>Vincent Elbaz<\/strong><br \/>\nrejoint l\u2019aventure aux c\u00f4t\u00e9s de Sophie Marceau, tandis que<br \/>\n<strong>Victor Belmondo<\/strong> (Th\u00e9o, le fils d\u2019Anne),<br \/>\n<strong>Sylvie Testud<\/strong> ou encore <strong>Paola<br \/>\nLocatelli<\/strong> s\u2019int\u00e8grent \u00e0 ce casting interg\u00e9n\u00e9rationnel. Et<br \/>\ncomme \u00e9voqu\u00e9 plus haut, c\u2019est <strong>Tha\u00efs Alessandrin<\/strong>,<br \/>\npr\u00eatant une nouvelle fois ses traits \u00e0 Louise, qui se retrouve au<br \/>\ncentre de l\u2019intrigue. Un choix qui ancre pleinement cette suite<br \/>\ndans son \u00e9poque, tout en conservant <strong>ce dialogue permanent<br \/>\nentre g\u00e9n\u00e9rations<\/strong> qui faisait d\u00e9j\u00e0 le sel du film<br \/>\noriginal.<\/p>\n<p>Reste maintenant la grande question : <strong>cette suite<br \/>\nsaura-t-elle retrouver la magie et l\u2019impact \u00e9motionnel de<br \/>\nLOL<\/strong> ? Impossible d\u2019y r\u00e9pondre pour l\u2019instant.<br \/>\nMais une chose est s\u00fbre : avec cette bande-annonce m\u00ealant coups de<br \/>\nfoudre et bonnes vieilles engueulades familiales, Lisa Azuelos<br \/>\nrallume une flamme qui pourrait bien toucher les plus nostalgiques<br \/>\nen plein c\u0153ur.<\/p>\n<p><strong>Le film LOL 2.0 sortira au cin\u00e9ma le mercredi<br \/>\n11 f\u00e9vrier 2026.<\/strong><\/p>\n","protected":false},"excerpt":{"rendered":"Avis aux plus nostalgiques ! Apr\u00e8s avoir marqu\u00e9 toute une g\u00e9n\u00e9ration \u00e0 la fin des ann\u00e9es 2000, \u00ab\u00a0LOL\u00a0\u00bb&hellip;\n","protected":false},"author":2,"featured_media":635484,"comment_status":"","ping_status":"","sticky":false,"template":"","format":"standard","meta":{"footnotes":""},"categories":[1354],"tags":[58,59,1346,1011,27,1360,729],"class_list":{"0":"post-635483","1":"post","2":"type-post","3":"status-publish","4":"format-standard","5":"has-post-thumbnail","7":"category-films","8":"tag-divertissement","9":"tag-entertainment","10":"tag-films","11":"tag-fr","12":"tag-france","13":"tag-movies","14":"tag-yout_video"},"share_on_mastodon":{"url":"https:\/\/pubeurope.com\/@fr\/115823636782915530","error":""},"_links":{"self":[{"href":"https:\/\/www.europesays.com\/fr\/wp-json\/wp\/v2\/posts\/635483","targetHints":{"allow":["GET"]}}],"collection":[{"href":"https:\/\/www.europesays.com\/fr\/wp-json\/wp\/v2\/posts"}],"about":[{"href":"https:\/\/www.europesays.com\/fr\/wp-json\/wp\/v2\/types\/post"}],"author":[{"embeddable":true,"href":"https:\/\/www.europesays.com\/fr\/wp-json\/wp\/v2\/users\/2"}],"replies":[{"embeddable":true,"href":"https:\/\/www.europesays.com\/fr\/wp-json\/wp\/v2\/comments?post=635483"}],"version-history":[{"count":0,"href":"https:\/\/www.europesays.com\/fr\/wp-json\/wp\/v2\/posts\/635483\/revisions"}],"wp:featuredmedia":[{"embeddable":true,"href":"https:\/\/www.europesays.com\/fr\/wp-json\/wp\/v2\/media\/635484"}],"wp:attachment":[{"href":"https:\/\/www.europesays.com\/fr\/wp-json\/wp\/v2\/media?parent=635483"}],"wp:term":[{"taxonomy":"category","embeddable":true,"href":"https:\/\/www.europesays.com\/fr\/wp-json\/wp\/v2\/categories?post=635483"},{"taxonomy":"post_tag","embeddable":true,"href":"https:\/\/www.europesays.com\/fr\/wp-json\/wp\/v2\/tags?post=635483"}],"curies":[{"name":"wp","href":"https:\/\/api.w.org\/{rel}","templated":true}]}}