{"id":635491,"date":"2026-01-02T04:37:12","date_gmt":"2026-01-02T04:37:12","guid":{"rendered":"https:\/\/www.europesays.com\/fr\/635491\/"},"modified":"2026-01-02T04:37:12","modified_gmt":"2026-01-02T04:37:12","slug":"les-sites-de-la-poste-sont-de-nouveau-accessibles","status":"publish","type":"post","link":"https:\/\/www.europesays.com\/fr\/635491\/","title":{"rendered":"Les sites de La Poste sont de nouveau accessibles"},"content":{"rendered":"<p>Les services en ligne de <a href=\"https:\/\/www.20minutes.fr\/dossier\/la_poste\" target=\"_blank\" class=\"c-link c-link--is-underlined\" rel=\"noopener\">La Poste<\/a> et de La Banque postale ont \u00e9t\u00e9 fortement perturb\u00e9s jeudi par une nouvelle <a href=\"https:\/\/www.20minutes.fr\/dossier\/cyberattaque\" target=\"_blank\" class=\"c-link c-link--is-underlined\" rel=\"noopener\">cyberattaque<\/a>, avant un retour progressif \u00e0 la normale en fin d\u2019apr\u00e8s-midi. L\u2019incident, survenu entre 3h30 et 17h00, a affect\u00e9 plusieurs services num\u00e9riques essentiels, dont le suivi des colis, le coffre-fort num\u00e9rique Digiposte et l\u2019application de La Banque postale, quelques jours seulement apr\u00e8s une attaque massive intervenue pendant la p\u00e9riode de No\u00ebl.<\/p>\n<p>Comme lors de l\u2019\u00e9pisode pr\u00e9c\u00e9dent, le groupe a \u00e9voqu\u00e9 aupr\u00e8s de l\u2019AFP une attaque d\u2019une \u00ab\u00a0ampleur in\u00e9dite\u00a0\u00bb. Il s\u2019agissait d\u2019une <a href=\"https:\/\/www.20minutes.fr\/high-tech\/by-the-web\/4192957-20251223-quoi-attaque-ddos-paralyse-actuellement-poste\" target=\"_blank\" class=\"c-link c-link--is-underlined\" rel=\"noopener\">attaque par d\u00e9ni de service distribu\u00e9 (DDoS)<\/a>, visant \u00e0 saturer les serveurs par un afflux massif de requ\u00eates. \u00ab\u00a0Depuis ce (jeudi) matin, plusieurs milliards de tentatives de connexion par seconde sont dirig\u00e9es vers les syst\u00e8mes d\u2019information de La Poste\u00a0\u00bb, a indiqu\u00e9 le groupe, pr\u00e9cisant qu\u2019aucune donn\u00e9e sensible n\u2019a \u00e9t\u00e9 compromise.<\/p>\n<\/p>\n<p>Une enqu\u00eate confi\u00e9e \u00e0 la DGSI<\/p>\n<p>Le mode op\u00e9ratoire est identique \u00e0 celui observ\u00e9 \u00e0 partir du 22\u00a0d\u00e9cembre, lorsque l\u2019acc\u00e8s au suivi des colis avait \u00e9t\u00e9 perturb\u00e9 durant plusieurs jours. La Poste avait alors assur\u00e9 que la distribution du courrier et des colis n\u2019avait pas \u00e9t\u00e9 interrompue, avec pr\u00e8s de deux millions d\u2019envois trait\u00e9s le 24\u00a0d\u00e9cembre, tandis que les services bancaires avaient \u00e9t\u00e9 r\u00e9tablis plus rapidement.<\/p>\n<p><a href=\"https:\/\/www.20minutes.fr\/dossier\/cyberattaque\" target=\"_blank\" class=\"c-link c-btn c-btn--primary\" rel=\"noopener\">Notre dossier sur les cyberattaques<\/a><\/p>\n<p>Cette pr\u00e9c\u00e9dente attaque avait \u00e9t\u00e9 revendiqu\u00e9e par le groupe de <a href=\"https:\/\/www.20minutes.fr\/dossier\/hacker\" target=\"_blank\" class=\"c-link c-link--is-underlined\" rel=\"noopener\">hackers<\/a> <a href=\"https:\/\/www.20minutes.fr\/monde\/russie\/\" target=\"_blank\" class=\"c-link c-link--is-underlined\" rel=\"noopener\">prorusses<\/a> NoName057 (16), d\u00e9j\u00e0 impliqu\u00e9 dans des actions visant des infrastructures critiques europ\u00e9ennes. Une enqu\u00eate est en cours, confi\u00e9e \u00e0 la <a href=\"https:\/\/www.20minutes.fr\/societe\/dgsi\/\" target=\"_blank\" class=\"c-link c-link--is-underlined\" rel=\"noopener\">DGSI<\/a> et \u00e0 l\u2019unit\u00e9 nationale cyber, dans un contexte o\u00f9 les autorit\u00e9s europ\u00e9ennes alertent sur la multiplication des attaques DDoS li\u00e9es aux tensions g\u00e9opolitiques.<\/p>\n","protected":false},"excerpt":{"rendered":"Les services en ligne de La Poste et de La Banque postale ont \u00e9t\u00e9 fortement perturb\u00e9s jeudi par&hellip;\n","protected":false},"author":2,"featured_media":635492,"comment_status":"","ping_status":"","sticky":false,"template":"","format":"standard","meta":{"footnotes":""},"categories":[6],"tags":[47,35,2481,1075,33710,33,34,1067,1011,27,10933,310,3316,132,104],"class_list":{"0":"post-635491","1":"post","2":"type-post","3":"status-publish","4":"format-standard","5":"has-post-thumbnail","7":"category-economie","8":"tag-actualite","9":"tag-business","10":"tag-cyberattaque","11":"tag-cybersecurite","12":"tag-dgsi","13":"tag-economie","14":"tag-economy","15":"tag-enquete","16":"tag-fr","17":"tag-france","18":"tag-hacker","19":"tag-internet","20":"tag-la-poste","21":"tag-russie","22":"tag-societe"},"share_on_mastodon":{"url":"https:\/\/pubeurope.com\/@fr\/115823656664745149","error":""},"_links":{"self":[{"href":"https:\/\/www.europesays.com\/fr\/wp-json\/wp\/v2\/posts\/635491","targetHints":{"allow":["GET"]}}],"collection":[{"href":"https:\/\/www.europesays.com\/fr\/wp-json\/wp\/v2\/posts"}],"about":[{"href":"https:\/\/www.europesays.com\/fr\/wp-json\/wp\/v2\/types\/post"}],"author":[{"embeddable":true,"href":"https:\/\/www.europesays.com\/fr\/wp-json\/wp\/v2\/users\/2"}],"replies":[{"embeddable":true,"href":"https:\/\/www.europesays.com\/fr\/wp-json\/wp\/v2\/comments?post=635491"}],"version-history":[{"count":0,"href":"https:\/\/www.europesays.com\/fr\/wp-json\/wp\/v2\/posts\/635491\/revisions"}],"wp:featuredmedia":[{"embeddable":true,"href":"https:\/\/www.europesays.com\/fr\/wp-json\/wp\/v2\/media\/635492"}],"wp:attachment":[{"href":"https:\/\/www.europesays.com\/fr\/wp-json\/wp\/v2\/media?parent=635491"}],"wp:term":[{"taxonomy":"category","embeddable":true,"href":"https:\/\/www.europesays.com\/fr\/wp-json\/wp\/v2\/categories?post=635491"},{"taxonomy":"post_tag","embeddable":true,"href":"https:\/\/www.europesays.com\/fr\/wp-json\/wp\/v2\/tags?post=635491"}],"curies":[{"name":"wp","href":"https:\/\/api.w.org\/{rel}","templated":true}]}}