{"id":635493,"date":"2026-01-02T04:38:12","date_gmt":"2026-01-02T04:38:12","guid":{"rendered":"https:\/\/www.europesays.com\/fr\/635493\/"},"modified":"2026-01-02T04:38:12","modified_gmt":"2026-01-02T04:38:12","slug":"zohran-mamdani-le-nouveau-maire-democrate-de-new-york-promet-de-gouverner-avec-audace","status":"publish","type":"post","link":"https:\/\/www.europesays.com\/fr\/635493\/","title":{"rendered":"Zohran Mamdani, le nouveau maire d\u00e9mocrate de New York, promet de gouverner avec \u00ab\u00a0audace\u00a0\u00bb"},"content":{"rendered":"<p>                      <img loading=\"lazy\" decoding=\"async\" src=\"https:\/\/www.europesays.com\/fr\/wp-content\/uploads\/2026\/01\/23dcc99_ftp-1-jbpu2obn0myk-a824a27a99854ab58c8aa44a36824c6d-1-de37e96e541a4892ade2d415e224bca1.jpg\" alt=\"Le s\u00e9nateur Bernie Sanders (\u00e0 gauche) fait pr\u00eater serment au nouveau maire de New York, Zohran Mamdani, tandis que l\u2019\u00e9pouse de ce dernier, Rama Duwaji, tient un coran, le 1\u1d49\u02b3\u00a0janvier\u00a02026, \u00e0 New York.\"   width=\"664\" height=\"443\"\/>    Le s\u00e9nateur Bernie Sanders (\u00e0 gauche) fait pr\u00eater serment au nouveau maire de New York, Zohran Mamdani, tandis que l\u2019\u00e9pouse de ce dernier, Rama Duwaji, tient un coran, le 1\u1d49\u02b3\u00a0janvier\u00a02026, \u00e0 New York.  ANDRES KUDACKI \/ AP                          <\/p>\n<p class=\"article__paragraph  \">\u00ab\u00a0J\u2019ai \u00e9t\u00e9 \u00e9lu en tant que socialiste d\u00e9mocrate, je gouvernerai comme un socialiste d\u00e9mocrate.\u00a0\u00bb C\u2019est devant l\u2019h\u00f4tel de ville de New York, dont il est le nouveau maire, que Zohran Mamdani a rappel\u00e9, jeudi 1er\u00a0janvier, premier jour de sa prise de fonction, ses engagements de campagne fond\u00e9s sur la lutte contre la vie ch\u00e8re, en promettant notamment le \u00ab\u00a0service universel de garde d\u2019enfants\u00a0\u00bb, le \u00ab\u00a0gel des loyers\u00a0\u00bb, ou des \u00ab\u00a0bus rapides et gratuits\u00a0\u00bb.<\/p>\n<p class=\"article__paragraph  \">\u00ab\u00a0A partir d\u2019aujourd\u2019hui, nous gouvernerons avec ambition et audace.\u00a0Nous ne r\u00e9ussirons peut-\u00eatre pas toujours, mais jamais on ne nous reprochera de manquer de courage pour essayer\u00a0\u00bb, a lanc\u00e9 aux milliers de New-Yorkais rassembl\u00e9s dans un froid mordant le jeune \u00e9lu de 34\u00a0ans, issu de la petite formation des Socialistes d\u00e9mocrates d\u2019Am\u00e9rique (DSA), <a href=\"https:\/\/www.lemonde.fr\/international\/article\/2025\/11\/05\/zohran-mamdani-elu-maire-de-new-york-la-victoire-historique-du-nouveau-heros-de-l-aile-gauche-du-parti-democrate_6652067_3210.html\" target=\"_blank\" rel=\"noopener\">qui a surpris tout le monde avec sa victoire acquise d\u00e9but novembre<\/a>.<\/p>\n<p class=\"article__paragraph  \">\u00ab\u00a0La gauche peut gouverner\u00a0\u00bb aux Etats-Unis, a ajout\u00e9 le maire d\u00e9mocrate qui n\u2019a mentionn\u00e9 qu\u2019une fois le nom de Donald Trump, pour dire qu\u2019il entendait r\u00e9pondre aux attentes des \u00e9lecteurs ayant vot\u00e9 pour le r\u00e9publicain \u00e0 la pr\u00e9sidentielle, souvent motiv\u00e9s par la hausse du co\u00fbt de la vie. Une d\u00e9claration qui montre que la tr\u00eave entre les deux hommes se poursuit depuis leur rencontre \u00e0 la Maison Blanche fin novembre, au cours de laquelle ils avaient fait assaut d\u2019amabilit\u00e9 l\u2019un envers l\u2019autre, contrastant avec une campagne tr\u00e8s tendue.<\/p>\n<p>                                       Lire aussi |  Article r\u00e9serv\u00e9 \u00e0 nos abonn\u00e9s  <a href=\"https:\/\/www.lemonde.fr\/international\/article\/2025\/11\/22\/l-etrange-journee-de-donald-trump-seduit-par-le-socialiste-zohran-mamdani-et-lache-par-l-elue-maga-marjorie-taylor-greene_6654398_3210.html\" class=\"js-article-read-also catcher--favoris__link\" data-premium=\"1\" id=\"article-title-3447764\" target=\"_blank\" rel=\"noopener\">L\u2019\u00e9trange journ\u00e9e de Donald Trump, s\u00e9duit par le socialiste Zohran Mamdani et l\u00e2ch\u00e9 par l\u2019\u00e9lue MAGA Marjorie Taylor Greene<\/a>    <\/p>\n<p>   Lire plus tard  <\/p>\n<p>                          \u00ab\u00a0Merci d\u2019avoir \u00e9lu Zohran Mamdani\u00a0\u00bb                    <\/p>\n<p class=\"article__paragraph  \"><a href=\"https:\/\/www.lemonde.fr\/international\/article\/2026\/01\/01\/zohran-mamdani-est-devenu-officiellement-maire-de-new-york_6660229_3210.html\" target=\"_blank\" rel=\"noopener\">Apr\u00e8s une premi\u00e8re prestation de serment faite mercredi soir<\/a> dans une station de m\u00e9tro historique de Manhattan, lors d\u2019une br\u00e8ve c\u00e9r\u00e9monie pr\u00e9sid\u00e9e par Letitia James, la procureure d\u00e9mocrate de l\u2019Etat de New York et ennemie d\u00e9clar\u00e9e de Donald Trump, c\u2019est devant le repr\u00e9sentant embl\u00e9matique de la gauche am\u00e9ricaine Bernie Sanders que le nouveau maire a jur\u00e9, dans l\u2019apr\u00e8s-midi.<\/p>\n<p class=\"article__paragraph  \">\u00ab\u00a0A un moment de l\u2019histoire de notre pays o\u00f9 nous voyons trop de haine, trop de division et trop d\u2019injustice, merci d\u2019avoir \u00e9lu Zohran Mamdani pour maire de New York\u00a0!\u00a0\u00bb, a lanc\u00e9 \u00e0 la foule le s\u00e9nateur du Vermont de 84\u00a0ans.<\/p>\n<p class=\"article__paragraph  \">Comme il l\u2019avait fait la veille, c\u2019est sur un exemplaire du Coran que le premier maire musulman de l\u2019histoire de la ville a pr\u00eat\u00e9 serment, aux c\u00f4t\u00e9s de son \u00e9pouse, l\u2019illustratrice et c\u00e9ramiste Rama Duwaji.<\/p>\n<p>                                       Lire aussi |  Article r\u00e9serv\u00e9 \u00e0 nos abonn\u00e9s  <a href=\"https:\/\/www.lemonde.fr\/m-le-mag\/article\/2025\/12\/14\/fight-la-petite-agence-derriere-la-victoire-de-zohran-mamdani-a-new-york_6657224_4500055.html\" class=\"js-article-read-also catcher--favoris__link\" data-premium=\"1\" id=\"article-title-3449459\" target=\"_blank\" rel=\"noopener\">Fight, la petite agence derri\u00e8re la victoire de Zohran Mamdani \u00e0 New York<\/a>    <\/p>\n<p>   Lire plus tard  <\/p>\n<p>                          Des actes qui seront scrut\u00e9s \u00e0 la loupe                    <\/p>\n<p class=\"article__paragraph  \">Autre personnalit\u00e9 connue des progressistes am\u00e9ricains, l\u2019\u00e9lue de New York au Congr\u00e8s Alexandria Ocasio-Cortez est mont\u00e9e sur sc\u00e8ne au son des premi\u00e8res notes de NUEVAYoL de Bad Bunny, qui rend hommage \u00e0 New York et \u00e0 la culture portoricaine. En ces \u00ab\u00a0temps intenables\u00a0\u00bb, la ville a \u00ab\u00a0choisi le courage plut\u00f4t que la peur\u00a0!\u00a0\u00bb, a-t-elle lanc\u00e9 \u00e0 la foule.<\/p>\n<p>                                       Lire aussi |  Article r\u00e9serv\u00e9 \u00e0 nos abonn\u00e9s  <a href=\"https:\/\/www.lemonde.fr\/international\/article\/2025\/06\/26\/l-ascension-fulgurante-de-zohran-mamdani-a-new-york-indice-d-une-vaste-aspiration-au-changement-chez-les-democrates_6615982_3210.html\" class=\"js-article-read-also catcher--favoris__link\" data-premium=\"1\" id=\"article-title-3428737\" target=\"_blank\" rel=\"noopener\">L\u2019ascension fulgurante de Zohran Mamdani \u00e0 New York, indice d\u2019une vaste aspiration au changement chez les d\u00e9mocrates<\/a>    <\/p>\n<p>   Lire plus tard  <\/p>\n<p class=\"article__paragraph  \">Jeune \u00e9lu local du Queens sans longue exp\u00e9rience politique, Zohran Mamdani aura fort \u00e0 faire pour mettre en \u0153uvre ses promesses de campagne, qui ont suscit\u00e9 une grande attente aupr\u00e8s de la population. A quelques mois des \u00e9lections de mi-mandat, ses r\u00e9ussites et \u00e9checs seront \u00e9galement scrut\u00e9s \u00e0 la loupe par le camp d\u00e9mocrate, qui continue de chercher l\u2019inspiration pour s\u2019opposer \u00e0 Donald Trump.<\/p>\n<p> Le Monde M\u00e9morable  <\/p>\n<p> <a href=\"https:\/\/www.lemonde.fr\/memorable\/?rfextension=inread\" class=\"inread__link js-services-inread-link\" target=\"_blank\" rel=\"noopener\">  <\/p>\n<p>Testez votre culture g\u00e9n\u00e9rale avec la r\u00e9daction du \u00ab Monde \u00bb<\/p>\n<p>Testez votre culture g\u00e9n\u00e9rale avec la r\u00e9daction du \u00ab Monde \u00bb<\/p>\n<p>D\u00e9couvrir<\/p>\n<p> <\/a>      <\/p>\n<p> Newsletter  <\/p>\n<p> <a href=\"https:\/\/www.lemonde.fr\/newsletters\/a-la-une\/\" class=\"inread__link js-services-inread-link\" target=\"_blank\" rel=\"noopener\">  <\/p>\n<p>\u00ab A la une \u00bb<\/p>\n<p>Chaque matin, parcourez l&rsquo;essentiel de l&rsquo;actualit\u00e9 du jour avec les derniers titres du \u00ab Monde \u00bb<\/p>\n<p>S&rsquo;inscrire<\/p>\n<p> <\/a>          <\/p>\n<p> Le Monde Application  <\/p>\n<p> <a href=\"https:\/\/lamatinale.onelink.me\/gKMy\/ahw2ubr3\" class=\"inread__link js-services-inread-link\" target=\"_blank\" rel=\"noopener\">  <\/p>\n<p>La Matinale du Monde<\/p>\n<p>Chaque matin, retrouvez notre s\u00e9lection de 20 articles \u00e0 ne pas manquer <\/p>\n<p>T\u00e9l\u00e9charger l&rsquo;application<\/p>\n<p> <\/a>      <\/p>\n<p> Newsletter abonn\u00e9s  <\/p>\n<p> <a href=\"https:\/\/www.lemonde.fr\/newsletters\/international\/\" class=\"inread__link js-services-inread-link\" target=\"_blank\" rel=\"noopener\">  <\/p>\n<p>\u00ab International \u00bb<\/p>\n<p>L\u2019essentiel de l\u2019actualit\u00e9 internationale de la semaine<\/p>\n<p>S&rsquo;inscrire<\/p>\n<p> <\/a>             <\/p>\n<p class=\"article__paragraph  \">Soutien de longue date de la cause palestinienne, extr\u00eamement critique sur la politique d\u2019Isra\u00ebl, l\u2019\u00e9lu se sait en outre \u00e9troitement surveill\u00e9 sur la question de la d\u00e9fense de la communaut\u00e9 juive, sur fond de mont\u00e9e de l\u2019antis\u00e9mitisme \u00e0 New York comme ailleurs aux Etats-Unis. Depuis son \u00e9lection, une de ses recrues a d\u00e9missionn\u00e9 apr\u00e8s la r\u00e9v\u00e9lation de tweets antis\u00e9mites qu\u2019elle avait post\u00e9s dans sa jeunesse.<\/p>\n<p>                                       Lire aussi |  Article r\u00e9serv\u00e9 \u00e0 nos abonn\u00e9s  <a href=\"https:\/\/www.lemonde.fr\/m-le-mag\/article\/2025\/12\/13\/astoria-le-new-york-populaire-de-zohran-mamdani_6657200_4500055.html\" class=\"js-article-read-also catcher--favoris__link\" data-premium=\"1\" id=\"article-title-3449930\" target=\"_blank\" rel=\"noopener\">Astoria, le New York populaire de Zohran Mamdani<\/a>    <\/p>\n<p>   Lire plus tard  <\/p>\n<p class=\"author__detail\">  Le Monde avec AFP  <\/p>\n<p>                <a href=\"https:\/\/www.lemonde.fr\/syndication\/\" class=\"reuse__content\" title=\"R\u00e9utiliser ce contenu\" target=\"_blank\" rel=\"noopener\">R\u00e9utiliser ce contenu<\/a>      <\/p>\n","protected":false},"excerpt":{"rendered":"Le s\u00e9nateur Bernie Sanders (\u00e0 gauche) fait pr\u00eater serment au nouveau maire de New York, Zohran Mamdani, tandis&hellip;\n","protected":false},"author":2,"featured_media":635494,"comment_status":"","ping_status":"","sticky":false,"template":"","format":"standard","meta":{"footnotes":""},"categories":[5],"tags":[11,1011,27,14,12,28],"class_list":{"0":"post-635493","1":"post","2":"type-post","3":"status-publish","4":"format-standard","5":"has-post-thumbnail","7":"category-international","8":"tag-actualites","9":"tag-fr","10":"tag-france","11":"tag-international","12":"tag-news","13":"tag-world"},"share_on_mastodon":{"url":"https:\/\/pubeurope.com\/@fr\/115823660481898536","error":""},"_links":{"self":[{"href":"https:\/\/www.europesays.com\/fr\/wp-json\/wp\/v2\/posts\/635493","targetHints":{"allow":["GET"]}}],"collection":[{"href":"https:\/\/www.europesays.com\/fr\/wp-json\/wp\/v2\/posts"}],"about":[{"href":"https:\/\/www.europesays.com\/fr\/wp-json\/wp\/v2\/types\/post"}],"author":[{"embeddable":true,"href":"https:\/\/www.europesays.com\/fr\/wp-json\/wp\/v2\/users\/2"}],"replies":[{"embeddable":true,"href":"https:\/\/www.europesays.com\/fr\/wp-json\/wp\/v2\/comments?post=635493"}],"version-history":[{"count":0,"href":"https:\/\/www.europesays.com\/fr\/wp-json\/wp\/v2\/posts\/635493\/revisions"}],"wp:featuredmedia":[{"embeddable":true,"href":"https:\/\/www.europesays.com\/fr\/wp-json\/wp\/v2\/media\/635494"}],"wp:attachment":[{"href":"https:\/\/www.europesays.com\/fr\/wp-json\/wp\/v2\/media?parent=635493"}],"wp:term":[{"taxonomy":"category","embeddable":true,"href":"https:\/\/www.europesays.com\/fr\/wp-json\/wp\/v2\/categories?post=635493"},{"taxonomy":"post_tag","embeddable":true,"href":"https:\/\/www.europesays.com\/fr\/wp-json\/wp\/v2\/tags?post=635493"}],"curies":[{"name":"wp","href":"https:\/\/api.w.org\/{rel}","templated":true}]}}