{"id":635495,"date":"2026-01-02T04:39:20","date_gmt":"2026-01-02T04:39:20","guid":{"rendered":"https:\/\/www.europesays.com\/fr\/635495\/"},"modified":"2026-01-02T04:39:20","modified_gmt":"2026-01-02T04:39:20","slug":"deux-cambrioleurs-interpelles-en-flagrant-delit-leur-complice-presume-se-rend-lui-meme-au-commissariat-pour-signaler-leur-disparition","status":"publish","type":"post","link":"https:\/\/www.europesays.com\/fr\/635495\/","title":{"rendered":"Deux cambrioleurs interpell\u00e9s en flagrant d\u00e9lit, leur complice pr\u00e9sum\u00e9 se rend lui-m\u00eame au commissariat\u2026 pour signaler leur disparition"},"content":{"rendered":"<p>\n                                                                    l&rsquo;essentiel<br \/>\n                                                                Trois hommes \u00e2g\u00e9s de 22 \u00e0 41 ans vont \u00eatre jug\u00e9s ce vendredi 2\u00a0janvier \u00e0 Albi pour une tentative avort\u00e9e de cambriolage chez un particulier. Deux d\u2019entre eux avaient \u00e9t\u00e9 interpell\u00e9s en flagrant d\u00e9lit \u00e0 l\u2019int\u00e9rieur de l\u2019habitation. Le troisi\u00e8me, leur complice pr\u00e9sum\u00e9, s\u2019est lui-m\u00eame rendu le lendemain au commissariat, inquiet de ne pas voir revenir ses camarades\u2026\n                            <\/p>\n<p>Comme chaque ann\u00e9e, les cambriolages d\u2019habitations se sont multipli\u00e9s \u00e0 travers le d\u00e9partement pendant la p\u00e9riode des f\u00eates. Certaines tentatives ont n\u00e9anmoins \u00e9t\u00e9 mises en \u00e9chec par les forces de l\u2019ordre, comme \u00e0 Albi le 29\u00a0d\u00e9cembre dernier.<\/p>\n<p>Ce jour-l\u00e0, entre midi et 14\u00a0h, les policiers du commissariat ont \u00e9t\u00e9 alert\u00e9s d\u2019un cambriolage en cours dans une maison d\u2019habitation du quartier de Lapanouse, pr\u00e8s de la clinique Claude-Bernard. Des effectifs de la brigade anticriminalit\u00e9 et de police-secours sont rapidement intervenus. Sur place, ils ont constat\u00e9 que la porte d\u2019entr\u00e9e avait \u00e9t\u00e9 fractur\u00e9e. \u00c0 l\u2019int\u00e9rieur de la b\u00e2tisse, deux hommes \u00e9taient encore pr\u00e9sents. Ils ont \u00e9t\u00e9 interpell\u00e9s et plac\u00e9s en garde \u00e0 vue.<\/p>\n<p>        <img decoding=\"async\" class=\"std-img__img responsive-img\" src=\"https:\/\/www.europesays.com\/fr\/wp-content\/uploads\/2026\/01\/1767328760_606_image.jpg\" alt=\"Les deux hommes ont \u00e9t\u00e9 interpell\u00e9s en flagrant d\u00e9lit dans une maison du quartier de Lapanouse.\"\/><\/p>\n<p>                Les deux hommes ont \u00e9t\u00e9 interpell\u00e9s en flagrant d\u00e9lit dans une maison du quartier de Lapanouse.<br \/>\n                                    DDM &#8211; C.G<\/p>\n<p>Mais le visionnage\u00a0des images de vid\u00e9oprotection de la maison, qui est\u00a0\u00e9quip\u00e9e d\u2019un syst\u00e8me complet d\u2019alarme, montre que cette \u00e9quipe de monte-en-l\u2019air \u00e9tait en fait compos\u00e9e de trois personnes. Un troisi\u00e8me larron semble donc avoir pris la fuite avant l\u2019arriv\u00e9e des forces de l\u2019ordre.<\/p>\n<p>Le suspect se pr\u00e9sente lui-m\u00eame au commissariat<\/p>\n<p>Le fuyard\u00a0s\u2019est-il \u00e9vanoui dans la nature\u00a0? \u00c0 leur grande surprise, les policiers ont vu d\u00e9barquer d\u00e8s le lendemain au commissariat un individu \u00e2g\u00e9 de 22 ans, venu signaler la disparition d\u2019un ami\u2026 qui\u00a0s\u2019av\u00e8re \u00eatre un des deux cambrioleurs.<\/p>\n<p>Les enqu\u00eateurs l\u2019ont interrog\u00e9 \u00e0 son tour sur la tentative de cambriolage. Le jeune homme, un Alg\u00e9rien en situation irr\u00e9guli\u00e8re et sans domicile connu, affirme qu\u2019il n\u2019\u00e9tait pas lui-m\u00eame pr\u00e9sent dans la maison et la vid\u00e9osurveillance ne permet pas de l\u2019identifier. Il a n\u00e9anmoins rejoint ses comparses en garde \u00e0 vue.<\/p>\n<p>Assist\u00e9s par Mes Laurie Natter et J\u00e9r\u00f4me Vialaret, les trois hommes ont \u00e9t\u00e9 d\u00e9f\u00e9r\u00e9s le 31\u00a0d\u00e9cembre et plac\u00e9s en d\u00e9tention provisoire en attente de l\u2019audience de comparution imm\u00e9diate du 2\u00a0janvier au\u00a0tribunal judiciaire d\u2019Albi.<\/p>\n","protected":false},"excerpt":{"rendered":"l&rsquo;essentiel Trois hommes \u00e2g\u00e9s de 22 \u00e0 41 ans vont \u00eatre jug\u00e9s ce vendredi 2\u00a0janvier \u00e0 Albi pour&hellip;\n","protected":false},"author":2,"featured_media":635496,"comment_status":"","ping_status":"","sticky":false,"template":"","format":"standard","meta":{"footnotes":""},"categories":[4],"tags":[11,7296,118,1011,27,12,25,8412],"class_list":{"0":"post-635495","1":"post","2":"type-post","3":"status-publish","4":"format-standard","5":"has-post-thumbnail","7":"category-france","8":"tag-actualites","9":"tag-albi","10":"tag-faits-divers","11":"tag-fr","12":"tag-france","13":"tag-news","14":"tag-republique-francaise","15":"tag-tarn"},"share_on_mastodon":{"url":"https:\/\/pubeurope.com\/@fr\/115823664442725322","error":""},"_links":{"self":[{"href":"https:\/\/www.europesays.com\/fr\/wp-json\/wp\/v2\/posts\/635495","targetHints":{"allow":["GET"]}}],"collection":[{"href":"https:\/\/www.europesays.com\/fr\/wp-json\/wp\/v2\/posts"}],"about":[{"href":"https:\/\/www.europesays.com\/fr\/wp-json\/wp\/v2\/types\/post"}],"author":[{"embeddable":true,"href":"https:\/\/www.europesays.com\/fr\/wp-json\/wp\/v2\/users\/2"}],"replies":[{"embeddable":true,"href":"https:\/\/www.europesays.com\/fr\/wp-json\/wp\/v2\/comments?post=635495"}],"version-history":[{"count":0,"href":"https:\/\/www.europesays.com\/fr\/wp-json\/wp\/v2\/posts\/635495\/revisions"}],"wp:featuredmedia":[{"embeddable":true,"href":"https:\/\/www.europesays.com\/fr\/wp-json\/wp\/v2\/media\/635496"}],"wp:attachment":[{"href":"https:\/\/www.europesays.com\/fr\/wp-json\/wp\/v2\/media?parent=635495"}],"wp:term":[{"taxonomy":"category","embeddable":true,"href":"https:\/\/www.europesays.com\/fr\/wp-json\/wp\/v2\/categories?post=635495"},{"taxonomy":"post_tag","embeddable":true,"href":"https:\/\/www.europesays.com\/fr\/wp-json\/wp\/v2\/tags?post=635495"}],"curies":[{"name":"wp","href":"https:\/\/api.w.org\/{rel}","templated":true}]}}