{"id":635505,"date":"2026-01-02T04:49:27","date_gmt":"2026-01-02T04:49:27","guid":{"rendered":"https:\/\/www.europesays.com\/fr\/635505\/"},"modified":"2026-01-02T04:49:27","modified_gmt":"2026-01-02T04:49:27","slug":"lenquete-sur-la-mort-de-linterne-se-poursuit-une-rave-contenue-par-les-forces-de-lordre-une-loutre-au-salagou-lessentiel-de-lactu-en-region","status":"publish","type":"post","link":"https:\/\/www.europesays.com\/fr\/635505\/","title":{"rendered":"L\u2019enqu\u00eate sur la mort de l\u2019interne se poursuit, une rave contenue par les forces de l\u2019ordre, une loutre au Salagou\u00a0: l\u2019essentiel de l\u2019actu en r\u00e9gion"},"content":{"rendered":"<p>\n                                                                Tous les soirs \u00e0 20\u00a0h\u00a030, retrouvez l\u2019essentiel de l\u2019actualit\u00e9 r\u00e9gionale sur midilibre.fr.\n                            <\/p>\n<p>Interne d\u00e9c\u00e9d\u00e9 \u00e0 l\u2019h\u00f4pital\u00a0: la famille conteste la th\u00e8se du suicide<\/p>\n<p><strong>#MONTPELLIER<\/strong> Un interne du CHU de Montpellier est d\u00e9c\u00e9d\u00e9 sur son lieu de travail lundi 29\u00a0d\u00e9cembre. Dans un communiqu\u00e9, l\u2019h\u00f4pital annonce qu\u2019il a \u00ab\u00a0l\u2019immense tristesse d\u2019annoncer le d\u00e9c\u00e8s brutal d\u2019un interne en pharmacie\u00a0\u00bb et pr\u00e9cise \u00ab\u00a0qu\u2019une enqu\u00eate est en cours pour d\u00e9terminer les causes du d\u00e9c\u00e8s, \u00e0 ce jour inconnues.\u00a0\u00bb<\/p>\n<p>D\u2019apr\u00e8s nos sources les premi\u00e8res constatations privil\u00e9gieraient l\u2019hypoth\u00e8se d\u2019un suicide par absorption de m\u00e9dicaments, de la part de cet interne \u00e2g\u00e9 de 27 ans et de nationalit\u00e9 alg\u00e9rienne. Une th\u00e8se que conteste la famille de la victime qui a pr\u00e9cis\u00e9 \u00e0 nos confr\u00e8res de l\u2019AFP que le d\u00e9funt est d\u00e9c\u00e9d\u00e9 pendant sa garde. \u00ab\u00a0L\u2019ensemble de la communaut\u00e9 hospitali\u00e8re est profond\u00e9ment affect\u00e9 par cette disparition et exprime ses plus sinc\u00e8res condol\u00e9ances \u00e0 sa famille, \u00e0 ses proches et aux coll\u00e8gues qui l\u2019ont c\u00f4toy\u00e9.\u00a0\u00bb<\/p>\n<p>La rave du Nouvel an vite contenue<\/p>\n<p><strong>#GARD <\/strong><a href=\"https:\/\/www.midilibre.fr\/2025\/12\/31\/une-rave-party-est-en-cours-devacuation-sur-la-commune-de-saint-victor-la-coste-dans-le-gard-13138317.php\" target=\"_self\" rel=\"noopener\">Des raveurs ont tent\u00e9 de s\u2019installer mercredi 31\u00a0d\u00e9cembre au\u00a0matin<\/a> sur un terrain priv\u00e9 situ\u00e9 sur les hauteurs de Saint-Victor-la-Coste. Des enceintes ont commenc\u00e9 \u00e0 \u00eatre dress\u00e9es pour former un mur de son dans la matin\u00e9e alors qu\u2019on comptait une soixantaine de v\u00e9hicules et 150 personnes environ sur place.<\/p>\n<p>Selon des t\u00e9moins, la situation \u00e9tait calme et les forces de l\u2019ordre avaient notamment demand\u00e9 de ne pas mettre la musique. Les acc\u00e8s au site ont \u00e9galement \u00e9t\u00e9 bloqu\u00e9s pour \u00e9viter que de nouveaux teufeurs arrivent et que l\u2019\u00e9v\u00e9nement ne prenne de l\u2019ampleur. Un arr\u00eat\u00e9 pr\u00e9fectoral interdit ce type de rassemblement jusqu\u2019au 5\u00a0janvier.<\/p>\n<p>La loutre a fait son apparition au lac du Salagou<\/p>\n<p><strong>#H\u00c9RAULT<\/strong><a href=\"https:\/\/www.midilibre.fr\/2025\/12\/31\/la-loutre-rejoint-le-vison-damerique-les-cormorans-et-autres-ecrevisses-au-salagou-un-lac-cosmopolite-13138323.php\" target=\"_self\" rel=\"noopener\"> La loutre a fait son apparition au lac du Salagou.<\/a> Sur les r\u00e9seaux sociaux, la question les environnementalistes. Jusqu\u2019\u00e0 ce que le verdict tombe mettant terme aux sp\u00e9culations\u00a0: \u00ab\u00a0si l\u2019\u00e9preinte (la crotte, NDLR) sent l\u2019odeur tr\u00e8s caract\u00e9ristique du poisson sucr\u00e9, il s\u2019agit bien d\u2019une loutre, c\u2019est un crit\u00e8re infaillible\u00a0\u00bb, analyse Jason Crebassa, responsable de l\u2019Atlas de la biodiversit\u00e9 en C\u0153ur d\u2019H\u00e9rault.<\/p>\n<p>Crit\u00e8re v\u00e9rifi\u00e9, le discret animal fait donc son apparition. \u00ab\u00a0Esp\u00e8ce nouvelle sur le lac, un pr\u00e9dateur aquatique formidable\u00a0\u00bb, savoure le plongeur Philippe Carri\u00e8re.<\/p>\n<p>Une cagnotte en ligne pour les agriculteurs en lutte<\/p>\n<p><strong>#AVEYRON<\/strong> Alors que les agriculteurs aveyronnais ont lev\u00e9 les barrages sur la RN88 \u00e0 Baraqueville et sur l\u2019A75 \u00e0 S\u00e9v\u00e9rac-d\u2019Aveyon mardi 30\u00a0d\u00e9cembre 2025,<a href=\"https:\/\/www.midilibre.fr\/2025\/12\/31\/dermatose-nodulaire-la-coordination-rurale-de-laveyron-lance-une-cagnotte-pour-soutenir-les-eleveurs-mobilises-13138169.php\" target=\"_self\" rel=\"noopener\"> la Coordination rurale annonce l\u2019ouverture d\u2019une cagnotte en ligne <\/a>pour soutenir les \u00e9leveurs mobilis\u00e9s.<\/p>\n<p>\u00ab\u00a0Par le biais de cette cagnotte, vous pouvez concr\u00e8tement manifester votre soutien et votre solidarit\u00e9. Les fonds r\u00e9colt\u00e9s serviront \u00e0 soutenir nos actions, nos d\u00e9marches, nos mobilisations et \u00e0 nous donner les moyens de poursuivre ce combat essentiel\u00a0\u00bb, communique le syndicat agricole.<\/p>\n<p>La Coordination rurale a \u00e9galement affirm\u00e9 qu\u2019un \u00ab\u00a0nouveau plan d\u2019action interd\u00e9partemental\u00a0\u00bb est en pr\u00e9paration pour \u00ab\u00a0frapper beaucoup plus fort\u00a0\u00bb si la mobilisation doit se poursuivre.<\/p>\n<p>Le chiffre du jour\u00a0: 43<\/p>\n<p><strong>#HAUTE-GARONNE<\/strong> C\u2019est, en ann\u00e9es, l\u2019\u00e2ge de Margot, un rhinoc\u00e9ros blanc qui est d\u00e9c\u00e9d\u00e9 au zoo de Plaisance-du-Touch pr\u00e8s de Toulouse dans la nuit du 24 au 25\u00a0d\u00e9cembre, rapporte <a href=\"https:\/\/www.ladepeche.fr\/2025\/12\/31\/margot-la-femelle-rhinoceros-blanc-la-plus-agee-de-france-est-morte-a-43-ans-pres-de-toulouse-13138509.php\" target=\"_self\" rel=\"noopener\">la D\u00e9p\u00eache du Midi<\/a>. Margot \u00e9tait l\u2019un des animaux les plus anciens du parc.<\/p>\n<p>Selon le zoo, elle \u00e9tait \u00e9galement la femelle rhinoc\u00e9ros blanc la plus \u00e2g\u00e9e de France et la sixi\u00e8me plus \u00e2g\u00e9e d\u2019Europe. Une long\u00e9vit\u00e9 rare pour cette esp\u00e8ce, aussi bien en milieu naturel qu\u2019en parc zoologique.<\/p>\n","protected":false},"excerpt":{"rendered":"Tous les soirs \u00e0 20\u00a0h\u00a030, retrouvez l\u2019essentiel de l\u2019actualit\u00e9 r\u00e9gionale sur midilibre.fr. Interne d\u00e9c\u00e9d\u00e9 \u00e0 l\u2019h\u00f4pital\u00a0: la famille&hellip;\n","protected":false},"author":2,"featured_media":635506,"comment_status":"","ping_status":"","sticky":false,"template":"","format":"standard","meta":{"footnotes":""},"categories":[9599],"tags":[1111,11,1777,674,1011,27,7089,74309,2208,12,2680,71654,25],"class_list":{"0":"post-635505","1":"post","2":"type-post","3":"status-publish","4":"format-standard","5":"has-post-thumbnail","7":"category-montpellier","8":"tag-actu","9":"tag-actualites","10":"tag-eu","11":"tag-europe","12":"tag-fr","13":"tag-france","14":"tag-herault","15":"tag-lessentiel-de-lactualitu00e9","16":"tag-montpellier","17":"tag-news","18":"tag-occitanie","19":"tag-rendez-vous-de-la-ru00e9daction","20":"tag-republique-francaise"},"share_on_mastodon":{"url":"https:\/\/pubeurope.com\/@fr\/115823703674883349","error":""},"_links":{"self":[{"href":"https:\/\/www.europesays.com\/fr\/wp-json\/wp\/v2\/posts\/635505","targetHints":{"allow":["GET"]}}],"collection":[{"href":"https:\/\/www.europesays.com\/fr\/wp-json\/wp\/v2\/posts"}],"about":[{"href":"https:\/\/www.europesays.com\/fr\/wp-json\/wp\/v2\/types\/post"}],"author":[{"embeddable":true,"href":"https:\/\/www.europesays.com\/fr\/wp-json\/wp\/v2\/users\/2"}],"replies":[{"embeddable":true,"href":"https:\/\/www.europesays.com\/fr\/wp-json\/wp\/v2\/comments?post=635505"}],"version-history":[{"count":0,"href":"https:\/\/www.europesays.com\/fr\/wp-json\/wp\/v2\/posts\/635505\/revisions"}],"wp:featuredmedia":[{"embeddable":true,"href":"https:\/\/www.europesays.com\/fr\/wp-json\/wp\/v2\/media\/635506"}],"wp:attachment":[{"href":"https:\/\/www.europesays.com\/fr\/wp-json\/wp\/v2\/media?parent=635505"}],"wp:term":[{"taxonomy":"category","embeddable":true,"href":"https:\/\/www.europesays.com\/fr\/wp-json\/wp\/v2\/categories?post=635505"},{"taxonomy":"post_tag","embeddable":true,"href":"https:\/\/www.europesays.com\/fr\/wp-json\/wp\/v2\/tags?post=635505"}],"curies":[{"name":"wp","href":"https:\/\/api.w.org\/{rel}","templated":true}]}}