{"id":635507,"date":"2026-01-02T04:57:22","date_gmt":"2026-01-02T04:57:22","guid":{"rendered":"https:\/\/www.europesays.com\/fr\/635507\/"},"modified":"2026-01-02T04:57:22","modified_gmt":"2026-01-02T04:57:22","slug":"liam-rosenior-pourrait-decider-de-son-avenir-aujourdhui-alsasports","status":"publish","type":"post","link":"https:\/\/www.europesays.com\/fr\/635507\/","title":{"rendered":"Liam Rosenior pourrait d\u00e9cider de son avenir aujourd&rsquo;hui \u2014 Alsa&rsquo;Sports"},"content":{"rendered":"<p><strong>L\u2019entra\u00eeneur du Racing Liam Rosenior a des chances de succ\u00e9der \u00e0 Enzo Maresca sur le banc de Chelsea. Il pourrait d\u00e9cider aujourd\u2019hui, avant la conf\u00e9rence de presse d\u2019avant match \u00e0 Nice demain apr\u00e8s-midi. <\/strong><\/p>\n<p>Sacr\u00e9e nouvelle pour d\u00e9buter 2026. Le Chelsea Football Club s\u2019est s\u00e9par\u00e9 ce jeudi midi de son entra\u00eeneur, Enzo Maresca, sur fond de mauvais r\u00e9sultats, de d\u00e9saccords r\u00e9p\u00e9t\u00e9s concernant les protocoles de reprise pour les joueurs apr\u00e8s blessure, et d\u2019\u00e9ventuels premiers contacts avec Manchester City, club qu\u2019il aurait manifestement des chances de rejoindre l\u2019\u00e9t\u00e9 prochain. Alors forc\u00e9ment, lorsque le technicien du club phare de l\u2019actionnaire am\u00e9ricain Blue&amp;Co laisse le poste vacant, tous les regards se sont tourn\u00e9s vers celui de Strasbourg qui pourrait en profiter. C\u2019est d\u2019ailleurs ce qu\u2019annonce la presse \u00e9trang\u00e8re (The Athletic, Sky Sports) ces deux derni\u00e8res heures. <\/p>\n<p><strong>Un choix fait aujourd\u2019hui avant la conf\u00e9rence de presse de demain ? <\/strong><\/p>\n<p>Liam Rosenior a-t-il vraiment des chances de quitter Strasbourg \u00e0 mi-saison ?  En tout cas, nous sommes en mesure de confirmer qu\u2019il y r\u00e9fl\u00e9chit avec son entourage et que l\u2019issue est proche. Peut-\u00eatre m\u00eame pour aujourd\u2019hui, en tout cas dans son esprit, \u00e9tant donn\u00e9 qu\u2019il se pr\u00e9sentera \u00e0 la presse demain vendredi 2 janvier pour aborder le match contre Nice de samedi. Le dilemme est gargantuesque pour le carri\u00e9riste qu\u2019il est. Peut-il laisser passer cette opportunit\u00e9 de coacher Chelsea qui n\u2019est pas certaine de se repr\u00e9senter ? Mais parce qu\u2019il a toujours d\u00e9fendu un projet long terme \u00e0 Strasbourg, qu\u2019il a d\u00e9cid\u00e9 de prolonger l\u2019aventure l\u2019\u00e9t\u00e9 dernier jusqu\u2019en juin 2028 et qu\u2019il est tellement impliqu\u00e9 dans son \u00e9quipe strasbourgeoise, peut-il vraiment tout plaquer pour rallier Londres ? <\/p>\n<p>Un d\u00e9part soudain du Racing poserait alors \u00e9norm\u00e9ment de questions. Il viendrait confirmer les craintes des Ultras et de toutes les associations de supporters qui sont encore aujourd\u2019hui en n\u00e9gociations pour une lev\u00e9e des mesures restrictives \u00e0 leur encontre. Celles contre la multipropri\u00e9t\u00e9 et les changements d\u2019organisation et de management qu\u2019elle implique. Parce que quitter un club \u00e0 mi-saison qui est sur des standards progressifs (septi\u00e8me de Ligue 1, premier de saison r\u00e9guli\u00e8re de Ligue Conf\u00e9rence), est d\u00e9j\u00e0 une mauvaise nouvelle, cela le serait d\u2019autant plus dans ce contexte-l\u00e0 de d\u00e9fiance depuis l\u2019\u00e9t\u00e9 2023. Surtout, il jetterait un \u00e9norme flou sur la suite de la saison sur le plan sportif. Qui pour le remplacer et surtout quelle r\u00e9action pour l\u2019\u00e9quipe apr\u00e8s un impr\u00e9vu du genre ? Il est urgent d\u2019attendre. <\/p>\n","protected":false},"excerpt":{"rendered":"L\u2019entra\u00eeneur du Racing Liam Rosenior a des chances de succ\u00e9der \u00e0 Enzo Maresca sur le banc de Chelsea.&hellip;\n","protected":false},"author":2,"featured_media":635508,"comment_status":"","ping_status":"","sticky":false,"template":"","format":"standard","meta":{"footnotes":""},"categories":[2820],"tags":[1111,11,1777,674,63,1011,27,775,15900,12,4448,25,640],"class_list":{"0":"post-635507","1":"post","2":"type-post","3":"status-publish","4":"format-standard","5":"has-post-thumbnail","7":"category-strasbourg","8":"tag-actu","9":"tag-actualites","10":"tag-eu","11":"tag-europe","12":"tag-football","13":"tag-fr","14":"tag-france","15":"tag-grand-est","16":"tag-liam-rosenior","17":"tag-news","18":"tag-rc-strasbourg","19":"tag-republique-francaise","20":"tag-strasbourg"},"share_on_mastodon":{"url":"https:\/\/pubeurope.com\/@fr\/115823735165288109","error":""},"_links":{"self":[{"href":"https:\/\/www.europesays.com\/fr\/wp-json\/wp\/v2\/posts\/635507","targetHints":{"allow":["GET"]}}],"collection":[{"href":"https:\/\/www.europesays.com\/fr\/wp-json\/wp\/v2\/posts"}],"about":[{"href":"https:\/\/www.europesays.com\/fr\/wp-json\/wp\/v2\/types\/post"}],"author":[{"embeddable":true,"href":"https:\/\/www.europesays.com\/fr\/wp-json\/wp\/v2\/users\/2"}],"replies":[{"embeddable":true,"href":"https:\/\/www.europesays.com\/fr\/wp-json\/wp\/v2\/comments?post=635507"}],"version-history":[{"count":0,"href":"https:\/\/www.europesays.com\/fr\/wp-json\/wp\/v2\/posts\/635507\/revisions"}],"wp:featuredmedia":[{"embeddable":true,"href":"https:\/\/www.europesays.com\/fr\/wp-json\/wp\/v2\/media\/635508"}],"wp:attachment":[{"href":"https:\/\/www.europesays.com\/fr\/wp-json\/wp\/v2\/media?parent=635507"}],"wp:term":[{"taxonomy":"category","embeddable":true,"href":"https:\/\/www.europesays.com\/fr\/wp-json\/wp\/v2\/categories?post=635507"},{"taxonomy":"post_tag","embeddable":true,"href":"https:\/\/www.europesays.com\/fr\/wp-json\/wp\/v2\/tags?post=635507"}],"curies":[{"name":"wp","href":"https:\/\/api.w.org\/{rel}","templated":true}]}}