{"id":635509,"date":"2026-01-02T04:58:11","date_gmt":"2026-01-02T04:58:11","guid":{"rendered":"https:\/\/www.europesays.com\/fr\/635509\/"},"modified":"2026-01-02T04:58:11","modified_gmt":"2026-01-02T04:58:11","slug":"crise-ou-moment-de-tension-linquietude-monte-autour-de-la-situation-financiere-du-centre-antoine-lacassagne-a-nice","status":"publish","type":"post","link":"https:\/\/www.europesays.com\/fr\/635509\/","title":{"rendered":"\u00ab Crise \u00bb ou \u00ab moment de tension \u00bb ? L\u2019inqui\u00e9tude monte autour de la situation financi\u00e8re du Centre Antoine-Lacassagne \u00e0 Nice"},"content":{"rendered":"<p class=\"fs-5 \">Quand le <strong>d\u00e9l\u00e9gu\u00e9 CGT du Centre Antoine-Lacassagne<\/strong> a contact\u00e9 Nice-Matin, il \u00e9tait tr\u00e8s inquiet. \u00ab On est mi-d\u00e9cembre et on ne conna\u00eet toujours pas le planning des aides-soignantes pour janvier. La situation devient tr\u00e8s probl\u00e9matique \u00bb, alertait Richard Dalmas. La veille, <strong>le syndicat FO<\/strong> nous sollicitait pour partager\u2026 exactement les m\u00eames inqui\u00e9tudes. Deux actions, ni concert\u00e9es ni coordonn\u00e9es, qui mettent en \u00e9vidence les interrogations du personnel du centre anti-cancer ni\u00e7ois. Et qui ne datent pas d\u2019hier.<\/p>\n<p class=\"fs-5 \">\u00ab En ao\u00fbt, la direction nous a inform\u00e9s du fait que <strong>les pr\u00e9visions budg\u00e9taires<\/strong> n\u2019\u00e9taient pas bonnes, r\u00e9sume Jacqueline Angelet, d\u00e9l\u00e9gu\u00e9e FO. Le d\u00e9ficit serait bien plus important que pr\u00e9vu. \u00bb Les syndicats \u00e9voquent <strong>-5,8 \u00e0 -6 millions<\/strong> par rapport \u00e0 l\u2019\u00e9tat pr\u00e9visionnel des d\u00e9penses et des recettes. \u00ab Oui, l\u2019\u00e9tablissement traverse actuellement une p\u00e9riode de tension budg\u00e9taire, comme c\u2019est le cas aujourd\u2019hui pour une tr\u00e8s grande majorit\u00e9 des h\u00f4pitaux en France, admet le directeur g\u00e9n\u00e9ral, le Pr Emmanuel Barranger. Ce n\u2019est <strong>ni une surprise, ni une situation ignor\u00e9e<\/strong>. Ces difficult\u00e9s s\u2019inscrivent dans un contexte national clairement identifi\u00e9 et partag\u00e9 par l\u2019ensemble des acteurs du syst\u00e8me de sant\u00e9. \u00bb<\/p>\n<p>        <img src=\"https:\/\/www.europesays.com\/fr\/wp-content\/uploads\/2026\/01\/c3bed92_upload-from-url-1-yqgtibe8o8aa-data-art-16760161.jpg\"   loading=\"lazy\" decoding=\"async\" alt=\"De g \u00e0 d\u00a0: Ludovic Voilmy, directeur g\u00e9n\u00e9ral du centre hospitalier La Drac\u00e9nie \u00e0 Draguignan, Bastien Ripert, directeur g\u00e9n\u00e9ral de l\u2019h\u00f4pital d\u2019Antibes, Pr Emmanuel Barranger, directeur g\u00e9n\u00e9ral du CAL et Myl\u00e8ne Ezavin, directrice g\u00e9n\u00e9rale du centre hospitalier de Menton. \" class=\"img-fluid position-absolute w-100 object-fit-cover rounded-2\" width=\"600\" height=\"400\"\/><\/p>\n<p>                                                                                \u00ab Des ajustements organisationnels en cours \u00bb<\/p>\n<p class=\"fs-5 \">\u00ab La direction doit rectifier le tir et le fait <strong>en r\u00e9alisant des \u00e9conomies sur le personnel<\/strong>, d\u00e9plore le c\u00e9g\u00e9tiste Richard Dalmas. Il n\u2019y a certes pas de licenciements, mais des non-remplacements et des d\u00e9parts gel\u00e9s. La situation la plus complexe est celle des aides-soignantes de nuit. Elles pourraient se retrouver \u00e0 50 % de moins, <strong>les contrats courts n\u2019\u00e9tant pas renouvel\u00e9s<\/strong>. Par glissement, les infirmi\u00e8res se retrouveraient dans l\u2019obligation de compenser certains actes et donc, \u00e0 toute fin, cela a aussi un impact sur les patients. \u00bb<\/p>\n<p class=\"fs-5 \">Jacqueline Angelet abonde : \u00ab Neuf \u00e0 dix \u00e9quivalents temps plein ne seraient pas reconduits. L\u2019absence de planning des aides-soignantes engendre une extr\u00eame angoisse, elles ne savent pas ce qu\u2019elles vont devenir. Dans d\u2019autres professions aussi, il y aura <strong>des changements d\u2019horaires \u00e0 marche forc\u00e9e<\/strong>. Nous comprenons bien que la direction doive faire des choix face \u00e0 la situation financi\u00e8re ; ce que nous d\u00e9plorons, c\u2019est la brutalit\u00e9 des m\u00e9thodes. Nous avons le sentiment que le personnel n\u2019est pas assez consult\u00e9 et associ\u00e9. \u00bb<\/p>\n<p class=\"fs-5 \">Lydia Zedda (CGT) s\u2019\u00e9tonne que \u00ab le Centre [veuille] relancer l\u2019activit\u00e9 h\u00e9mato, qui compte quatre m\u00e9decins, tout en enlevant des aides-soignants. Les efforts ne peuvent pas reposer majoritairement sur une cat\u00e9gorie de personnel. \u00bb<\/p>\n<p class=\"fs-5 \">\u00ab Sur le plan organisationnel, des ajustements sont en cours, confirme le Pr Barranger. Ils peuvent naturellement susciter des inqui\u00e9tudes l\u00e9gitimes, que nous entendons pleinement et sur lesquelles nous travaillons. <strong>Le dialogue social est ouvert<\/strong>, constant, et nous sommes pleinement mobilis\u00e9s aux c\u00f4t\u00e9s des \u00e9quipes m\u00e9dicales et des organisations syndicales pour accompagner ces \u00e9volutions. \u00bb<\/p>\n<p>                                                                                \u00ab Responsabilit\u00e9 et action collective \u00bb<\/p>\n<p class=\"fs-5 \">\u00ab Le budget pr\u00e9visionnel 2026 et les mesures mises en \u0153uvre progressivement ont \u00e9t\u00e9 examin\u00e9s et valid\u00e9s par le conseil d\u2019administration de l\u2019\u00e9tablissement, r\u00e9uni le 16 d\u00e9cembre sous la pr\u00e9sidence du pr\u00e9fet, en pr\u00e9sence du d\u00e9l\u00e9gu\u00e9 d\u00e9partemental de l\u2019agence r\u00e9gionale de sant\u00e9, informe le directeur g\u00e9n\u00e9ral.<\/p>\n<p class=\"fs-5 \">L\u2019ensemble des administrateurs <strong>a salu\u00e9 les mesures engag\u00e9es<\/strong>, tout en soulignant l\u2019impact des contraintes budg\u00e9taires nationales sur notre \u00e9tablissement. Les organisations syndicales, quant \u00e0 elles, ont exprim\u00e9 leur opposition, ce qui est l\u00e9gitime et fait partie du d\u00e9bat. Il ne s\u2019agit donc pas d\u2019une crise, mais d\u2019un moment de tension qui appelle responsabilit\u00e9 et action collective, dans l\u2019int\u00e9r\u00eat des patients comme des professionnels. \u00bb<\/p>\n","protected":false},"excerpt":{"rendered":"Quand le d\u00e9l\u00e9gu\u00e9 CGT du Centre Antoine-Lacassagne a contact\u00e9 Nice-Matin, il \u00e9tait tr\u00e8s inquiet. \u00ab On est mi-d\u00e9cembre&hellip;\n","protected":false},"author":2,"featured_media":635510,"comment_status":"","ping_status":"","sticky":false,"template":"","format":"standard","meta":{"footnotes":""},"categories":[2819],"tags":[1111,11,1777,674,1011,27,12,2401,882,25],"class_list":{"0":"post-635509","1":"post","2":"type-post","3":"status-publish","4":"format-standard","5":"has-post-thumbnail","7":"category-nice","8":"tag-actu","9":"tag-actualites","10":"tag-eu","11":"tag-europe","12":"tag-fr","13":"tag-france","14":"tag-news","15":"tag-nice","16":"tag-provence-alpes-cote-dazur","17":"tag-republique-francaise"},"share_on_mastodon":{"url":"https:\/\/pubeurope.com\/@fr\/115823739187125209","error":""},"_links":{"self":[{"href":"https:\/\/www.europesays.com\/fr\/wp-json\/wp\/v2\/posts\/635509","targetHints":{"allow":["GET"]}}],"collection":[{"href":"https:\/\/www.europesays.com\/fr\/wp-json\/wp\/v2\/posts"}],"about":[{"href":"https:\/\/www.europesays.com\/fr\/wp-json\/wp\/v2\/types\/post"}],"author":[{"embeddable":true,"href":"https:\/\/www.europesays.com\/fr\/wp-json\/wp\/v2\/users\/2"}],"replies":[{"embeddable":true,"href":"https:\/\/www.europesays.com\/fr\/wp-json\/wp\/v2\/comments?post=635509"}],"version-history":[{"count":0,"href":"https:\/\/www.europesays.com\/fr\/wp-json\/wp\/v2\/posts\/635509\/revisions"}],"wp:featuredmedia":[{"embeddable":true,"href":"https:\/\/www.europesays.com\/fr\/wp-json\/wp\/v2\/media\/635510"}],"wp:attachment":[{"href":"https:\/\/www.europesays.com\/fr\/wp-json\/wp\/v2\/media?parent=635509"}],"wp:term":[{"taxonomy":"category","embeddable":true,"href":"https:\/\/www.europesays.com\/fr\/wp-json\/wp\/v2\/categories?post=635509"},{"taxonomy":"post_tag","embeddable":true,"href":"https:\/\/www.europesays.com\/fr\/wp-json\/wp\/v2\/tags?post=635509"}],"curies":[{"name":"wp","href":"https:\/\/api.w.org\/{rel}","templated":true}]}}