{"id":635511,"date":"2026-01-02T04:59:22","date_gmt":"2026-01-02T04:59:22","guid":{"rendered":"https:\/\/www.europesays.com\/fr\/635511\/"},"modified":"2026-01-02T04:59:22","modified_gmt":"2026-01-02T04:59:22","slug":"nice-rapatrie-elye-wahi-en-ligue-1","status":"publish","type":"post","link":"https:\/\/www.europesays.com\/fr\/635511\/","title":{"rendered":"Nice rapatrie Elye Wahi en Ligue 1 !"},"content":{"rendered":"<p>L\u2019aventure d\u2019Elye Wahi en Allemagne n\u2019aura pas dur\u00e9 bien longtemps. Vendu 26 M\u20ac par l\u2019Olympique de Marseille \u00e0 l\u2019Eintracht Francfort en janvier 2025, six mois seulement apr\u00e8s son arriv\u00e9e sur la Canebi\u00e8re, l\u2019attaquant de 22 ans n\u2019a pas connu la m\u00eame r\u00e9ussite que ses compatriotes Randal Kolo Muani et Hugo Ekitike. Son passage en Bundesliga a tr\u00e8s rapidement tourn\u00e9 au vinaigre. Apr\u00e8s 11 matches disput\u00e9s en six mois (0 but, 0 passe d\u00e9cisive), Wahi n\u2019a pas vraiment redress\u00e9 la barre durant la premi\u00e8re moiti\u00e9 de l\u2019exercice 2025\/2026.<\/p>\n<p>            La suite apr\u00e8s cette publicit\u00e9<\/p>\n<p>En 14 matches disput\u00e9s, toutes comp\u00e9titions confondues, Wahi n\u2019a inscrit que 1 but et d\u00e9livr\u00e9 3 offrandes. \u00c0 cela s\u2019est ajout\u00e9e une relation peu \u00e9vidente avec son entra\u00eeneur, Dino Toppm\u00f6ller. Tr\u00e8s vite, le divorce entre les deux hommes a \u00e9t\u00e9 annonc\u00e9 comme in\u00e9vitable par la presse allemande. Et alors qu\u2019une r\u00e9union entre les parties concern\u00e9es \u00e9tait annonc\u00e9e durant la tr\u00eave hivernale, tout s\u2019est acc\u00e9l\u00e9r\u00e9 pour l\u2019attaquant. Courtis\u00e9 par le S\u00e9ville FC et l\u2019OGC Nice, <a href=\"https:\/\/www.footmercato.net\/joueur\/sepe-elye-wahi\/\" target=\"_blank\" rel=\"noopener\">Elye Wahi<\/a> fait son grand retour en <a href=\"https:\/\/www.footmercato.net\/france\/ligue-1\/\" target=\"_blank\" rel=\"noopener\">ligue 1<\/a> chez les Aiglons.<\/p>\n<p>        Wahi retrouve Haise<\/p>\n<p>\u00abL\u2019OGC Nice enregistre l\u2019arriv\u00e9e d\u2019Elye Wahi, pr\u00eat\u00e9 au Gym jusqu\u2019\u00e0 la fin de la saison par l\u2019Eintracht Francfort. L\u2019attaquant international Espoirs fran\u00e7ais vient renforcer le secteur offensif des Aiglons. Rapide, puissant et dot\u00e9 d\u2019un sens aigu du but, Elye Wahi s\u2019est d\u00e9j\u00e0 impos\u00e9 comme l\u2019un des attaquants les plus prometteurs de sa g\u00e9n\u00e9ration sur les pelouses de Ligue 1.\u00bb, peut-on lire sur le communiqu\u00e9 publi\u00e9 par le club azur\u00e9en.<\/p>\n<p>            La suite apr\u00e8s cette publicit\u00e9<\/p>\n<p>Apr\u00e8s ses passages \u00e0 Montpellier, Lens et Marseille, Elye Wahi va donc retrouver le championnat de France. Sur la C\u00f4te d\u2019Azur, il pensait retrouver Franck Haise, qu\u2019il a c\u00f4toy\u00e9 chez les Sang et Or durant la saison 2023\/2024, mais Wahi \u00e9voluera finalement sous les ordres de Claude Puel. Il convient tout de m\u00eame de signaler que cette op\u00e9ration en a surpris plus d\u2019un. En difficult\u00e9 \u00e0 <a href=\"https:\/\/www.footmercato.net\/club\/eintracht-francfort\/\" target=\"_blank\" rel=\"noopener\">Francfort<\/a>, Wahi va tenter de se relancer dans un club en crise qui vient de changer d\u2019entra\u00eeneur, o\u00f9 le collectif n\u2019est pas franchement une valeur mise en avant par les Aiglons. Le natif de Courcouronnes nous fera-t-il mentir ?<\/p>\n<p>\n    Pub. le 01\/01\/2026 19:04<br \/>\n            &#8211; MAJ le 02\/01\/2026 02:13\n    <\/p>\n","protected":false},"excerpt":{"rendered":"L\u2019aventure d\u2019Elye Wahi en Allemagne n\u2019aura pas dur\u00e9 bien longtemps. Vendu 26 M\u20ac par l\u2019Olympique de Marseille \u00e0&hellip;\n","protected":false},"author":2,"featured_media":635512,"comment_status":"","ping_status":"","sticky":false,"template":"","format":"standard","meta":{"footnotes":""},"categories":[2819],"tags":[1111,11,1777,674,1011,27,12,2401,882,25],"class_list":{"0":"post-635511","1":"post","2":"type-post","3":"status-publish","4":"format-standard","5":"has-post-thumbnail","7":"category-nice","8":"tag-actu","9":"tag-actualites","10":"tag-eu","11":"tag-europe","12":"tag-fr","13":"tag-france","14":"tag-news","15":"tag-nice","16":"tag-provence-alpes-cote-dazur","17":"tag-republique-francaise"},"share_on_mastodon":{"url":"https:\/\/pubeurope.com\/@fr\/115823742965409229","error":""},"_links":{"self":[{"href":"https:\/\/www.europesays.com\/fr\/wp-json\/wp\/v2\/posts\/635511","targetHints":{"allow":["GET"]}}],"collection":[{"href":"https:\/\/www.europesays.com\/fr\/wp-json\/wp\/v2\/posts"}],"about":[{"href":"https:\/\/www.europesays.com\/fr\/wp-json\/wp\/v2\/types\/post"}],"author":[{"embeddable":true,"href":"https:\/\/www.europesays.com\/fr\/wp-json\/wp\/v2\/users\/2"}],"replies":[{"embeddable":true,"href":"https:\/\/www.europesays.com\/fr\/wp-json\/wp\/v2\/comments?post=635511"}],"version-history":[{"count":0,"href":"https:\/\/www.europesays.com\/fr\/wp-json\/wp\/v2\/posts\/635511\/revisions"}],"wp:featuredmedia":[{"embeddable":true,"href":"https:\/\/www.europesays.com\/fr\/wp-json\/wp\/v2\/media\/635512"}],"wp:attachment":[{"href":"https:\/\/www.europesays.com\/fr\/wp-json\/wp\/v2\/media?parent=635511"}],"wp:term":[{"taxonomy":"category","embeddable":true,"href":"https:\/\/www.europesays.com\/fr\/wp-json\/wp\/v2\/categories?post=635511"},{"taxonomy":"post_tag","embeddable":true,"href":"https:\/\/www.europesays.com\/fr\/wp-json\/wp\/v2\/tags?post=635511"}],"curies":[{"name":"wp","href":"https:\/\/api.w.org\/{rel}","templated":true}]}}