{"id":635513,"date":"2026-01-02T05:01:39","date_gmt":"2026-01-02T05:01:39","guid":{"rendered":"https:\/\/www.europesays.com\/fr\/635513\/"},"modified":"2026-01-02T05:01:39","modified_gmt":"2026-01-02T05:01:39","slug":"un-international-francais-debarque-a-nantes-cabella-officiellement-prete-aux-canaris","status":"publish","type":"post","link":"https:\/\/www.europesays.com\/fr\/635513\/","title":{"rendered":"un international fran\u00e7ais d\u00e9barque \u00e0 Nantes, Cabella officiellement pr\u00eat\u00e9 aux Canaris"},"content":{"rendered":"<p>R\u00e9my Cabella est officiellement un joueur du FC Nantes. L&rsquo;international fran\u00e7ais (35 ans, 4 s\u00e9lections) d\u00e9barque en pr\u00eat jusqu&rsquo;\u00e0 la fin de la saison en provenance de l&rsquo;Olympiacos.<\/p>\n<p><a href=\"https:\/\/rmcsport.bfmtv.com\/football\/clubs\/losc-lille\/lille-reims-le-but-spectaculaire-de-remy-cabella-pour-sa-derniere-au-losc_AV-202505170373.html\" title=\"Lille-Reims: le but spectaculaire de R\u00e9my Cabella pour sa derni\u00e8re au Losc\" class=\"internal_link\" target=\"_blank\" rel=\"noopener\">R\u00e9my Cabella<\/a> retrouve d\u00e9j\u00e0 la Ligue 1, moins de six mois apr\u00e8s l&rsquo;avoir quitt\u00e9e. Arriv\u00e9 cet \u00e9t\u00e9 \u00e0 l&rsquo;Olympiacos apr\u00e8s trois saisons \u00e0 Lille, l&rsquo;ancien Marseillais est pr\u00eat\u00e9 jusqu&rsquo;\u00e0 la fin de la saison au FC Nantes. Les Canaris ont officialis\u00e9 l&rsquo;information ce jeudi 1er janvier.<\/p>\n<p>&gt;&gt; <a href=\"https:\/\/rmcsport.bfmtv.com\/football\/transferts\/direct-mercato-suivez-en-live-toutes-les-infos-et-rumeurs-du-1er-janvier-2026_LN-202601010078.html\" title=\"DIRECT. Mercato: Nice officialise l&#039;arriv\u00e9e d&#039;Elye Wahi\" class=\"internal_link\" target=\"_blank\" rel=\"noopener\">Toutes les informations et rumeurs mercato EN DIRECT<\/a><\/p>\n<p>L&rsquo;international fran\u00e7ais (35 ans, 4 s\u00e9lections) s\u2019\u00e9tait d\u00e9j\u00e0 entra\u00een\u00e9 avec le groupe au retour de la tr\u00eave. Il pourrait faire ses grands d\u00e9buts sous le maillot nantais face \u00e0 son ancien club puisque le FCN se d\u00e9place sur la pelouse de l&rsquo;OM ce dimanche en Ligue 1 (15h).<\/p>\n<p>En manque de temps de jeu \u00e0 l&rsquo;Olympiacos<\/p>\n<p>Apr\u00e8s Montpellier, Arles-Avignon, Marseille, Saint-\u00c9tienne et Lille, Cabella va conna\u00eetre son sixi\u00e8me club professionnel en France. \u00c0 l&rsquo;Olympiacos, il n&rsquo;a disput\u00e9 que 10 matchs toutes comp\u00e9titions confondues, pour deux passes d\u00e9cisives mais aucun but.<\/p>\n<p>Alors que Deiver Machado est arriv\u00e9 d\u00e9but d\u00e9cembre en qualit\u00e9 de joker, Cabella est la premi\u00e8re recrue officielle du mercato hivernal, qui a ouvert ses portes ce jeudi 1er janvier. Le FC Nantes entame la deuxi\u00e8me partie de saison avec la n\u00e9cessit\u00e9 de redresser la barre, le club pointant \u00e0 l&rsquo;avant-derni\u00e8re place de Ligue 1 apr\u00e8s 16 journ\u00e9es.<\/p>\n","protected":false},"excerpt":{"rendered":"R\u00e9my Cabella est officiellement un joueur du FC Nantes. L&rsquo;international fran\u00e7ais (35 ans, 4 s\u00e9lections) d\u00e9barque en pr\u00eat&hellip;\n","protected":false},"author":2,"featured_media":635514,"comment_status":"","ping_status":"","sticky":false,"template":"","format":"standard","meta":{"footnotes":""},"categories":[2818],"tags":[1111,11,1777,674,1011,27,766,12,2636,25],"class_list":{"0":"post-635513","1":"post","2":"type-post","3":"status-publish","4":"format-standard","5":"has-post-thumbnail","7":"category-nantes","8":"tag-actu","9":"tag-actualites","10":"tag-eu","11":"tag-europe","12":"tag-fr","13":"tag-france","14":"tag-nantes","15":"tag-news","16":"tag-pays-de-la-loire","17":"tag-republique-francaise"},"share_on_mastodon":{"url":"https:\/\/pubeurope.com\/@fr\/115823750858070445","error":""},"_links":{"self":[{"href":"https:\/\/www.europesays.com\/fr\/wp-json\/wp\/v2\/posts\/635513","targetHints":{"allow":["GET"]}}],"collection":[{"href":"https:\/\/www.europesays.com\/fr\/wp-json\/wp\/v2\/posts"}],"about":[{"href":"https:\/\/www.europesays.com\/fr\/wp-json\/wp\/v2\/types\/post"}],"author":[{"embeddable":true,"href":"https:\/\/www.europesays.com\/fr\/wp-json\/wp\/v2\/users\/2"}],"replies":[{"embeddable":true,"href":"https:\/\/www.europesays.com\/fr\/wp-json\/wp\/v2\/comments?post=635513"}],"version-history":[{"count":0,"href":"https:\/\/www.europesays.com\/fr\/wp-json\/wp\/v2\/posts\/635513\/revisions"}],"wp:featuredmedia":[{"embeddable":true,"href":"https:\/\/www.europesays.com\/fr\/wp-json\/wp\/v2\/media\/635514"}],"wp:attachment":[{"href":"https:\/\/www.europesays.com\/fr\/wp-json\/wp\/v2\/media?parent=635513"}],"wp:term":[{"taxonomy":"category","embeddable":true,"href":"https:\/\/www.europesays.com\/fr\/wp-json\/wp\/v2\/categories?post=635513"},{"taxonomy":"post_tag","embeddable":true,"href":"https:\/\/www.europesays.com\/fr\/wp-json\/wp\/v2\/tags?post=635513"}],"curies":[{"name":"wp","href":"https:\/\/api.w.org\/{rel}","templated":true}]}}