{"id":635515,"date":"2026-01-02T05:03:37","date_gmt":"2026-01-02T05:03:37","guid":{"rendered":"https:\/\/www.europesays.com\/fr\/635515\/"},"modified":"2026-01-02T05:03:37","modified_gmt":"2026-01-02T05:03:37","slug":"recours-rejetes-sur-la-lgv-bordeaux-toulouse-la-sncf-pour-qui-25-des-travaux-sont-deja-finalises-prend-acte","status":"publish","type":"post","link":"https:\/\/www.europesays.com\/fr\/635515\/","title":{"rendered":"Recours rejet\u00e9s sur la LGV Bordeaux-Toulouse\u00a0: la SNCF pour qui \u00ab\u00a025\u00a0% des travaux sont d\u00e9j\u00e0 finalis\u00e9s\u00a0\u00bb prend acte"},"content":{"rendered":"<p>\n                                                                    l&rsquo;essentiel<br \/>\n                                                                Le projet de LGV Bordeaux-Toulouse franchit une \u00e9tape d\u00e9cisive. La justice valide l\u2019autorisation environnementale des Am\u00e9nagements Ferroviaires au Nord de Toulouse. La SNCF r\u00e9agit.\n                            <\/p>\n<p>Par un d\u00e9lib\u00e9r\u00e9 du\u00a029\u00a0d\u00e9cembre, la justice a balay\u00e9 les deux recours au fond d\u00e9pos\u00e9s par des collectifs associatifs qui contestaient la validit\u00e9 \u00e9cologique du projet de LGV Bordeaux-Toulouse. Les requ\u00eates visaient l\u2019autorisation environnementale des Am\u00e9nagements Ferroviaires au Nord de Toulouse (AFNT), volet indispensable du chantier, d\u00e9livr\u00e9e par la pr\u00e9fecture en f\u00e9vrier\u00a02024.<\/p>\n<p>Pour la justice administrative, l\u2019arr\u00eat\u00e9 pr\u00e9fectoral est donc\u00a0l\u00e9gal. Cette position confirme celle d\u00e9finie quelques mois plus t\u00f4t\u00a0: en septembre\u00a02025, le juge des r\u00e9f\u00e9r\u00e9s avait d\u00e9j\u00e0 estim\u00e9 qu\u2019il n\u2019existait aucun doute s\u00e9rieux sur la l\u00e9galit\u00e9 du dossier. SNCF R\u00e9seau \u00ab\u00a0prend acte\u00a0\u00bb ce mardi, se f\u00e9licitant d\u2019une d\u00e9cision qui \u00ab\u00a0valide la poursuite d\u2019un chantier titanesque engag\u00e9 depuis pr\u00e8s de deux ans, et dont 25\u00a0% des travaux sont d\u00e9j\u00e0 finalis\u00e9s.\u00a0\u00bb Plusieurs ouvrages sont d\u2019ores et d\u00e9j\u00e0 sortis de terre, notamment un pont-route \u00e0 Lespinasse et une passerelle \u00e0 Saint-Jory.<\/p>\n<p>Un projet cl\u00e9 pour les mobilit\u00e9s au quotidien<\/p>\n<p>Le programme des AFNT pr\u00e9voit la modernisation et l\u2019\u00e9largissement de la voie ferr\u00e9e existante sur un tron\u00e7on de 29 kilom\u00e8tres, entre le p\u00f4le de Toulouse-Matabiau et Castelnau-d\u2019Estr\u00e9tefonds. L\u2019objectif est double selon la SNCF\u00a0: \u00ab\u00a0am\u00e9liorer les trajets du quotidien et pr\u00e9parer l\u2019arriv\u00e9e de nouveaux trains longue distance.\u00a0\u00bb<\/p>\n<p class=\"std-elt__inline\">\n        <strong>\u00c0 lire aussi :<\/strong><br \/>\n        <a href=\"https:\/\/www.ladepeche.fr\/2025\/12\/29\/la-justice-ecarte-les-recours-contre-la-lgv-bordeaux-toulouse-on-vous-explique-pourquoi-13135682.php\" target=\"_blank\" rel=\"noopener\">La justice \u00e9carte les recours contre la LGV Bordeaux-Toulouse\u00a0: on vous explique pourquoi<\/a>\n    <\/p>\n<p>SNCF R\u00e9seau r\u00e9affirme ainsi \u00ab\u00a0l\u2019importance strat\u00e9gique de la Ligne Nouvelle du Sud-Ouest (LNSO)\u00a0\u00bb pour fluidifier les d\u00e9placements quotidiens des habitants de la m\u00e9tropole. L\u2019op\u00e9rateur rappelle \u00e9galement que le projet b\u00e9n\u00e9ficie d\u2019un large soutien, cit\u00e9 \u00e0 hauteur de 87\u00a0% dans les derni\u00e8res enqu\u00eates d\u2019opinion r\u00e9gionales. La mise en service compl\u00e8te des AFNT est d\u00e9sormais confirm\u00e9e pour la fin de l\u2019ann\u00e9e 2031.<\/p>\n","protected":false},"excerpt":{"rendered":"l&rsquo;essentiel Le projet de LGV Bordeaux-Toulouse franchit une \u00e9tape d\u00e9cisive. La justice valide l\u2019autorisation environnementale des Am\u00e9nagements Ferroviaires&hellip;\n","protected":false},"author":2,"featured_media":635516,"comment_status":"","ping_status":"","sticky":false,"template":"","format":"standard","meta":{"footnotes":""},"categories":[2817],"tags":[1111,11,1997,33,1777,674,1011,27,2722,6200,12,2219,25,2312,800],"class_list":{"0":"post-635515","1":"post","2":"type-post","3":"status-publish","4":"format-standard","5":"has-post-thumbnail","7":"category-bordeaux","8":"tag-actu","9":"tag-actualites","10":"tag-bordeaux","11":"tag-economie","12":"tag-eu","13":"tag-europe","14":"tag-fr","15":"tag-france","16":"tag-haute-garonne","17":"tag-lgv-bordeaux-toulouse","18":"tag-news","19":"tag-nouvelle-aquitaine","20":"tag-republique-francaise","21":"tag-toulouse","22":"tag-transports"},"share_on_mastodon":{"url":"https:\/\/pubeurope.com\/@fr\/115823758867940010","error":""},"_links":{"self":[{"href":"https:\/\/www.europesays.com\/fr\/wp-json\/wp\/v2\/posts\/635515","targetHints":{"allow":["GET"]}}],"collection":[{"href":"https:\/\/www.europesays.com\/fr\/wp-json\/wp\/v2\/posts"}],"about":[{"href":"https:\/\/www.europesays.com\/fr\/wp-json\/wp\/v2\/types\/post"}],"author":[{"embeddable":true,"href":"https:\/\/www.europesays.com\/fr\/wp-json\/wp\/v2\/users\/2"}],"replies":[{"embeddable":true,"href":"https:\/\/www.europesays.com\/fr\/wp-json\/wp\/v2\/comments?post=635515"}],"version-history":[{"count":0,"href":"https:\/\/www.europesays.com\/fr\/wp-json\/wp\/v2\/posts\/635515\/revisions"}],"wp:featuredmedia":[{"embeddable":true,"href":"https:\/\/www.europesays.com\/fr\/wp-json\/wp\/v2\/media\/635516"}],"wp:attachment":[{"href":"https:\/\/www.europesays.com\/fr\/wp-json\/wp\/v2\/media?parent=635515"}],"wp:term":[{"taxonomy":"category","embeddable":true,"href":"https:\/\/www.europesays.com\/fr\/wp-json\/wp\/v2\/categories?post=635515"},{"taxonomy":"post_tag","embeddable":true,"href":"https:\/\/www.europesays.com\/fr\/wp-json\/wp\/v2\/tags?post=635515"}],"curies":[{"name":"wp","href":"https:\/\/api.w.org\/{rel}","templated":true}]}}