{"id":635517,"date":"2026-01-02T05:04:16","date_gmt":"2026-01-02T05:04:16","guid":{"rendered":"https:\/\/www.europesays.com\/fr\/635517\/"},"modified":"2026-01-02T05:04:16","modified_gmt":"2026-01-02T05:04:16","slug":"le-musee-des-augustins-proposera-une-nocturne-par-mois-en-2026","status":"publish","type":"post","link":"https:\/\/www.europesays.com\/fr\/635517\/","title":{"rendered":"le mus\u00e9e des Augustins proposera une nocturne par mois en 2026"},"content":{"rendered":"<p>Apr\u00e8s six ans de m\u00e9tamorphose, le mus\u00e9e des Augustins \u00e0 rouvert ses portes le 19 d\u00e9cembre dernier. Si l\u2019\u00e9tablissement a d\u00e9j\u00e0 rassembl\u00e9 les foules lors de son week-end de retour avec plus de 3.200 visiteurs accueillis, il compte bien (re)fid\u00e9liser le public <a href=\"https:\/\/lopinion.com\/articles\/actualite\/actualites-haute-garonne\" rel=\"noopener noreferrer\" target=\"_blank\">toulousain<\/a>\u00a0! Pour ce faire, le lieu culturel <strong>mise notamment sur des nocturnes<\/strong>, organis\u00e9es chaque mois en 2026.<\/p>\n<p>\u00ab\u00a0Le temps d\u2019un afterwork, profitez d\u2019une programmation culturelle in\u00e9dite, guid\u00e9e par une th\u00e9matique diff\u00e9rente \u00e0 chaque \u00e9dition\u00a0\u00bb, invite l\u2019\u00e9quipe du mus\u00e9e. Lors de ces soir\u00e9es, de <strong>nombreuses activit\u00e9s<\/strong> seront propos\u00e9es, sur r\u00e9servation ou en acc\u00e8s libre. Les Toulousains auront donc l\u2019opportunit\u00e9 de d\u00e9couvrir les lieux autrement et nourrir leur curiosit\u00e9.<\/p>\n<p>Voici le programme des prochains mois\u00a0:<\/p>\n<ul>\n<li>Le 15 janvier, nocturne <strong>\u00ab\u00a0Bien-\u00eatre au mus\u00e9e\u00a0\u00bb<\/strong>\u00a0: sophro-visite, yoga et pauses musicales<\/li>\n<li>Le 14 f\u00e9vrier, nocturne <strong>\u00ab\u00a0Amour et Saint-Valentin au mus\u00e9e\u00a0\u00bb<\/strong>\u00a0: parcours humoristique \u00ab\u00a0\u00c0 tes amours, cours toujours !\u00a0\u00bb, visite-spectacle \u00ab\u00a0L\u2019amour, l\u2019amour, l\u2019amour\u00a0\u00bb et pauses musicales<\/li>\n<li>Le 19 mars, nocturne <strong>\u00ab\u00a0Le r\u00e9veil des muses\u00a0\u00bb<\/strong>\u00a0: atelier de s\u00e9rigraphie sur tote bag, atelier de mod\u00e8le vivant, prestation de danse \u00ab\u00a0Le r\u00e9veil des muses\u00a0\u00bb, dj set dans le grand clo\u00eetre, pauses musicales et de nombreuses surprises au fil du parcours<\/li>\n<li>Le 16 avril, nocturne <strong>\u00ab\u00a0Art et cr\u00e9ativit\u00e9\u00a0\u00bb<\/strong>\u00a0: atelier cr\u00e9atif, dessin de mod\u00e8le vivant et statues, et pauses musicales<\/li>\n<\/ul>\n<p>Au fil de l\u2019ann\u00e9e, les visiteurs auront donc le loisir de se d\u00e9tendre, faire le plein d\u2019aventures culturelles, jouer les m\u00e9lomanes, mettre \u00e0 l\u2019\u00e9preuve leurs comp\u00e9tences en dessin\u2026 \u00c0 noter que des <strong>visites dites parfum\u00e9es <\/strong>sont \u00e9galement organis\u00e9es par le mus\u00e9e, pour une exp\u00e9rience sensorielle \u00e0 travers les collections des Augustins\u00a0! L&rsquo;agenda complet est disponible <a href=\"https:\/\/augustins.toulouse.fr\/agenda\/\" rel=\"noopener noreferrer\" target=\"_blank\">ici<\/a>.<\/p>\n<p>&gt;&gt; \u00c0 LIRE AUSSI : <a href=\"https:\/\/lopinion.com\/articles\/culture\/31626_toulouse-60-ans-cinema-abc-change-gouvernance\" rel=\"noopener noreferrer\" target=\"_blank\">Toulouse : \u00e0 l&rsquo;aube de ses 60 ans, le cin\u00e9ma ABC change de gouvernance<\/a><\/p>\n","protected":false},"excerpt":{"rendered":"Apr\u00e8s six ans de m\u00e9tamorphose, le mus\u00e9e des Augustins \u00e0 rouvert ses portes le 19 d\u00e9cembre dernier. Si&hellip;\n","protected":false},"author":2,"featured_media":635518,"comment_status":"","ping_status":"","sticky":false,"template":"","format":"standard","meta":{"footnotes":""},"categories":[2816],"tags":[1111,11,1777,674,1011,27,12,2680,25,2312],"class_list":{"0":"post-635517","1":"post","2":"type-post","3":"status-publish","4":"format-standard","5":"has-post-thumbnail","7":"category-toulouse","8":"tag-actu","9":"tag-actualites","10":"tag-eu","11":"tag-europe","12":"tag-fr","13":"tag-france","14":"tag-news","15":"tag-occitanie","16":"tag-republique-francaise","17":"tag-toulouse"},"share_on_mastodon":{"url":"https:\/\/pubeurope.com\/@fr\/115823762771187789","error":""},"_links":{"self":[{"href":"https:\/\/www.europesays.com\/fr\/wp-json\/wp\/v2\/posts\/635517","targetHints":{"allow":["GET"]}}],"collection":[{"href":"https:\/\/www.europesays.com\/fr\/wp-json\/wp\/v2\/posts"}],"about":[{"href":"https:\/\/www.europesays.com\/fr\/wp-json\/wp\/v2\/types\/post"}],"author":[{"embeddable":true,"href":"https:\/\/www.europesays.com\/fr\/wp-json\/wp\/v2\/users\/2"}],"replies":[{"embeddable":true,"href":"https:\/\/www.europesays.com\/fr\/wp-json\/wp\/v2\/comments?post=635517"}],"version-history":[{"count":0,"href":"https:\/\/www.europesays.com\/fr\/wp-json\/wp\/v2\/posts\/635517\/revisions"}],"wp:featuredmedia":[{"embeddable":true,"href":"https:\/\/www.europesays.com\/fr\/wp-json\/wp\/v2\/media\/635518"}],"wp:attachment":[{"href":"https:\/\/www.europesays.com\/fr\/wp-json\/wp\/v2\/media?parent=635517"}],"wp:term":[{"taxonomy":"category","embeddable":true,"href":"https:\/\/www.europesays.com\/fr\/wp-json\/wp\/v2\/categories?post=635517"},{"taxonomy":"post_tag","embeddable":true,"href":"https:\/\/www.europesays.com\/fr\/wp-json\/wp\/v2\/tags?post=635517"}],"curies":[{"name":"wp","href":"https:\/\/api.w.org\/{rel}","templated":true}]}}