{"id":635519,"date":"2026-01-02T05:05:14","date_gmt":"2026-01-02T05:05:14","guid":{"rendered":"https:\/\/www.europesays.com\/fr\/635519\/"},"modified":"2026-01-02T05:05:14","modified_gmt":"2026-01-02T05:05:14","slug":"toulouse-previsions-meteo-du-jeudi-01-janvier-2026","status":"publish","type":"post","link":"https:\/\/www.europesays.com\/fr\/635519\/","title":{"rendered":"Toulouse : pr\u00e9visions m\u00e9t\u00e9o du jeudi 01 janvier 2026"},"content":{"rendered":"<p>\u00c0 Toulouse, le jeudi 1er janvier 2026, la matin\u00e9e d\u00e9bute sous un brouillard dense avec des temp\u00e9ratures n\u00e9gatives. L\u2019apr\u00e8s-midi reste tr\u00e8s nuageux mais sec, avant un ciel d\u00e9gag\u00e9 en soir\u00e9e et une l\u00e9g\u00e8re baisse des temp\u00e9ratures.<\/p>\n<p>\n    Alors que s\u2019ouvre l\u2019ann\u00e9e 2026, Toulouse retrouve une ambiance hivernale caract\u00e9ristique : temp\u00e9ratures proches de z\u00e9ro, humidit\u00e9 \u00e9lev\u00e9e et brouillard matinal. Voici votre bulletin complet, \u00e9tabli \u00e0 partir des derni\u00e8res observations certifi\u00e9es.\n<\/p>\n<p>Matin : brouillard dense au lever du soleil (08 h 27)<\/p>\n<p>\n    \u00c0 09 h, un <b>brouillard \u00e9pais<\/b> enveloppe la Ville rose. La temp\u00e9rature affiche <b>-1 \u00b0C<\/b>, tandis que le ressenti descend \u00e0 <b>-4 \u00b0C<\/b> sous une humidit\u00e9 de 100 %. Le vent d\u2019est-nord-est reste l\u00e9ger, \u00e0 5 km\/h.\n<\/p>\n<p>\n    Cette alliance entre humidit\u00e9 et gel favorise la formation de verglas sur les chauss\u00e9es et pistes cyclables. Il faut donc redoubler de prudence sur le p\u00e9riph\u00e9rique et les quais de Garonne, la visibilit\u00e9 pouvant localement chuter sous les 200 m.\n<\/p>\n<ul>\n<li><b>Conseil s\u00e9curit\u00e9 :<\/b> utilisez les phares antibrouillard et doublez vos distances de freinage.<\/li>\n<li><b>Mobilit\u00e9 douce :<\/b> n\u2019oubliez pas les gants et une lampe frontale pour vos trajets \u00e0 v\u00e9lo.<\/li>\n<\/ul>\n<p>Apr\u00e8s-midi : grisaille persistante mais mercure positif<\/p>\n<p>\n    Aux alentours de 15 h, le ciel demeure <b>tr\u00e8s nuageux<\/b>. Le thermom\u00e8tre grimpe discr\u00e8tement jusqu\u2019\u00e0 <b>4 \u00b0C<\/b> (ressenti 1 \u00b0C). L\u2019humidit\u00e9 recule \u00e0 76 % tandis que la pression s\u2019abaisse \u00e0 1 017 hPa, marquant un air un peu moins stable.\n<\/p>\n<p>\n    Le vent s\u2019oriente au sud-sud-est, toujours mod\u00e9r\u00e9 \u00e0 4 km\/h : aucune g\u00eane \u00e9olienne, ni menace pour les installations ext\u00e9rieures. L\u2019absence totale de pr\u00e9cipitations permet toutefois de profiter sans parapluie des premiers soldes en centre-ville.\n<\/p>\n<p>Soir : ciel d\u00e9gag\u00e9 avant le coucher (17 h 28)<\/p>\n<p>\n    \u00c0 21 h, la couverture nuageuse s\u2019estompe, laissant place \u00e0 un <b>ciel clair<\/b>. La temp\u00e9rature redescend \u00e0 <b>1 \u00b0C<\/b>, pour un ressenti de \u20111 \u00b0C. L\u2019humidit\u00e9 remonte \u00e0 94 %, augmentant le risque de bu\u00e9e sur pare-brises et vitrines.\n<\/p>\n<p>\n    Le vent faiblit totalement ; une grande qui\u00e9tude sonore s\u2019installe, accompagn\u00e9e d\u2019un refroidissement radiatif rapide. Ceux qui prolongent la f\u00eate du Nouvel An auront int\u00e9r\u00eat \u00e0 pr\u00e9voir bonnet et \u00e9charpe pour se pr\u00e9munir contre les engelures aux extr\u00e9mit\u00e9s.\n<\/p>\n<p>Tendance pour demain : retour possible de la pluie faible<\/p>\n<p>\n    Le 2 janvier, les mod\u00e8les annoncent un possible retour de pluie faible. La probabilit\u00e9 moyenne s\u2019\u00e9l\u00e8ve \u00e0 <b>12 %<\/b> sur la journ\u00e9e, avec d\u00e9j\u00e0 44 % de chances et 0,1 mm mesur\u00e9s d\u00e8s minuit sous un ciel tr\u00e8s nuageux.\n<\/p>\n<p>\n    Le gradient de pression poursuit sa baisse (994 hPa attendus), signe d\u2019un flux plus oc\u00e9anique. Les temp\u00e9ratures restent stables : minimum \u20114 \u00b0C, maximum 4 \u00b0C. Vent faible de secteur nord. Pour organiser vos sorties, consultez <a href=\"https:\/\/www.meteocity.com\/france\/toulouse-v2972315\" target=\"_blank\" rel=\"noopener\">notre bulletin d\u00e9taill\u00e9<\/a>.\n<\/p>\n<p>\n    <b>\u00c0 retenir :<\/b> brouillard givrant ce matin, grisaille l\u2019apr\u00e8s-midi, ciel clair en soir\u00e9e, puis l\u00e9ger risque d\u2019ond\u00e9e demain. Restez vigilants sur les routes et profitez des \u00e9claircies sans oublier gants et bonnet !<\/p>\n","protected":false},"excerpt":{"rendered":"\u00c0 Toulouse, le jeudi 1er janvier 2026, la matin\u00e9e d\u00e9bute sous un brouillard dense avec des temp\u00e9ratures n\u00e9gatives.&hellip;\n","protected":false},"author":2,"featured_media":635520,"comment_status":"","ping_status":"","sticky":false,"template":"","format":"standard","meta":{"footnotes":""},"categories":[2816],"tags":[1111,11,1777,674,1011,27,12,2680,25,2312],"class_list":{"0":"post-635519","1":"post","2":"type-post","3":"status-publish","4":"format-standard","5":"has-post-thumbnail","7":"category-toulouse","8":"tag-actu","9":"tag-actualites","10":"tag-eu","11":"tag-europe","12":"tag-fr","13":"tag-france","14":"tag-news","15":"tag-occitanie","16":"tag-republique-francaise","17":"tag-toulouse"},"share_on_mastodon":{"url":"https:\/\/pubeurope.com\/@fr\/115823766574622690","error":""},"_links":{"self":[{"href":"https:\/\/www.europesays.com\/fr\/wp-json\/wp\/v2\/posts\/635519","targetHints":{"allow":["GET"]}}],"collection":[{"href":"https:\/\/www.europesays.com\/fr\/wp-json\/wp\/v2\/posts"}],"about":[{"href":"https:\/\/www.europesays.com\/fr\/wp-json\/wp\/v2\/types\/post"}],"author":[{"embeddable":true,"href":"https:\/\/www.europesays.com\/fr\/wp-json\/wp\/v2\/users\/2"}],"replies":[{"embeddable":true,"href":"https:\/\/www.europesays.com\/fr\/wp-json\/wp\/v2\/comments?post=635519"}],"version-history":[{"count":0,"href":"https:\/\/www.europesays.com\/fr\/wp-json\/wp\/v2\/posts\/635519\/revisions"}],"wp:featuredmedia":[{"embeddable":true,"href":"https:\/\/www.europesays.com\/fr\/wp-json\/wp\/v2\/media\/635520"}],"wp:attachment":[{"href":"https:\/\/www.europesays.com\/fr\/wp-json\/wp\/v2\/media?parent=635519"}],"wp:term":[{"taxonomy":"category","embeddable":true,"href":"https:\/\/www.europesays.com\/fr\/wp-json\/wp\/v2\/categories?post=635519"},{"taxonomy":"post_tag","embeddable":true,"href":"https:\/\/www.europesays.com\/fr\/wp-json\/wp\/v2\/tags?post=635519"}],"curies":[{"name":"wp","href":"https:\/\/api.w.org\/{rel}","templated":true}]}}