{"id":635521,"date":"2026-01-02T05:07:32","date_gmt":"2026-01-02T05:07:32","guid":{"rendered":"https:\/\/www.europesays.com\/fr\/635521\/"},"modified":"2026-01-02T05:07:32","modified_gmt":"2026-01-02T05:07:32","slug":"apres-abdelli-lille-tient-un-sacre-deal-a-2me","status":"publish","type":"post","link":"https:\/\/www.europesays.com\/fr\/635521\/","title":{"rendered":"apr\u00e8s Abdelli, Lille tient un sacr\u00e9 deal \u00e0 2M\u20ac !"},"content":{"rendered":"<p>\t\t\t\t\t Un gros mois de janvier attend les hommes de Bruno Genesio, entre les matchs face au Stade Rennais, au PSG et au RC Strasbourg en Ligue 1, mais aussi le r\u00e9ception de l&rsquo;OL en Coupe de France ainsi que les chocs contre le Celta Vigo et le SC Fribourg en Ligue Europa. Mais pas de quoi effrayer Lille, qui attend d\u00e9j\u00e0 chacun de ces grands rendez-vous avec impatience et ambition. <\/p>\n<p>En coulisses, Olivier L\u00e9tang travaille sur le mercato du LOSC. Et si son nom est surtout cit\u00e9 \u00e0 Marseille et \u00e0 Lyon, Himad Abdelli serait \u00e9galement pist\u00e9 par Lille OSC selon les informations de nos confr\u00e8res de But. Un dossier qui n&rsquo;aura rien de simple toutefois pour les Dogues&#8230; <\/p>\n<p>Mais en plus de cette belle piste menant \u00e0 l&rsquo;excellent milieu de terrain international alg\u00e9rien Hima Abdelli, qui arrivera en fin de contrat \u00e0 Angers SCO dans six mois et qui serait actuellement estim\u00e9 entre 3 et 4 M\u20ac, les dirigeants du LOSC auraient \u00e9galement coch\u00e9 le nom de Brayan Medina, auteur d&rsquo;une grosse premi\u00e8re partie de saison avec le CD Tondela en Liga Portugal. Egalement suivi par l&rsquo;OGC Nice ou encore le RSC Anderlecht, ce solide d\u00e9fenseur central colombien de 23 ans mesurant 1m95 serait quant \u00e0 lui valoris\u00e9 \u00e0 environ 2 M\u20ac. Un futur Alexsandro \u00e0 Lille ? Affaire \u00e0 suivre du c\u00f4t\u00e9 de Luchin, m\u00eame si ce dossier Brayan Medina semble \u00eatre plut\u00f4t \u00e9tudi\u00e9 en vue du prochain mercato estival.\n\t\t\t\t <\/p>\n","protected":false},"excerpt":{"rendered":"Un gros mois de janvier attend les hommes de Bruno Genesio, entre les matchs face au Stade Rennais,&hellip;\n","protected":false},"author":2,"featured_media":635522,"comment_status":"","ping_status":"","sticky":false,"template":"","format":"standard","meta":{"footnotes":""},"categories":[2815],"tags":[1111,11,1777,674,1011,27,811,1307,12,25],"class_list":{"0":"post-635521","1":"post","2":"type-post","3":"status-publish","4":"format-standard","5":"has-post-thumbnail","7":"category-lille","8":"tag-actu","9":"tag-actualites","10":"tag-eu","11":"tag-europe","12":"tag-fr","13":"tag-france","14":"tag-hauts-de-france","15":"tag-lille","16":"tag-news","17":"tag-republique-francaise"},"share_on_mastodon":{"url":"https:\/\/pubeurope.com\/@fr\/115823774428737849","error":""},"_links":{"self":[{"href":"https:\/\/www.europesays.com\/fr\/wp-json\/wp\/v2\/posts\/635521","targetHints":{"allow":["GET"]}}],"collection":[{"href":"https:\/\/www.europesays.com\/fr\/wp-json\/wp\/v2\/posts"}],"about":[{"href":"https:\/\/www.europesays.com\/fr\/wp-json\/wp\/v2\/types\/post"}],"author":[{"embeddable":true,"href":"https:\/\/www.europesays.com\/fr\/wp-json\/wp\/v2\/users\/2"}],"replies":[{"embeddable":true,"href":"https:\/\/www.europesays.com\/fr\/wp-json\/wp\/v2\/comments?post=635521"}],"version-history":[{"count":0,"href":"https:\/\/www.europesays.com\/fr\/wp-json\/wp\/v2\/posts\/635521\/revisions"}],"wp:featuredmedia":[{"embeddable":true,"href":"https:\/\/www.europesays.com\/fr\/wp-json\/wp\/v2\/media\/635522"}],"wp:attachment":[{"href":"https:\/\/www.europesays.com\/fr\/wp-json\/wp\/v2\/media?parent=635521"}],"wp:term":[{"taxonomy":"category","embeddable":true,"href":"https:\/\/www.europesays.com\/fr\/wp-json\/wp\/v2\/categories?post=635521"},{"taxonomy":"post_tag","embeddable":true,"href":"https:\/\/www.europesays.com\/fr\/wp-json\/wp\/v2\/tags?post=635521"}],"curies":[{"name":"wp","href":"https:\/\/api.w.org\/{rel}","templated":true}]}}