{"id":635523,"date":"2026-01-02T05:09:22","date_gmt":"2026-01-02T05:09:22","guid":{"rendered":"https:\/\/www.europesays.com\/fr\/635523\/"},"modified":"2026-01-02T05:09:22","modified_gmt":"2026-01-02T05:09:22","slug":"visite-virtuelle-a-domicile-de-lexposition-marseille-au-coeur-du-maritime","status":"publish","type":"post","link":"https:\/\/www.europesays.com\/fr\/635523\/","title":{"rendered":"Visite virtuelle \u00e0 domicile de l&rsquo;exposition \u00ab\u00a0Marseille au c\u0153ur du maritime\u00a0\u00bb"},"content":{"rendered":"<p><img loading=\"lazy\" decoding=\"async\" alt=\"\u00a9DR - Capture \u00e9cran de l'exposition Marseille au coeur du maritime, visible par tous gratuitement depuis sa tablette ou son ordinateur.\" data-zoom-src=\"https:\/\/www.europesays.com\/fr\/wp-content\/uploads\/2026\/01\/initial-cci-expo.jpg\" data-zoomable=\"\" height=\"702\" src=\"https:\/\/www.europesays.com\/fr\/wp-content\/uploads\/2026\/01\/initial-cci-expo.jpg\" width=\"1248\"\/>  <\/p>\n<p class=\"article-desc\">\u00a9DR &#8211; Capture \u00e9cran de l&rsquo;exposition Marseille au coeur du maritime, visible par tous gratuitement depuis sa tablette ou son ordinateur. <\/p>\n<p><a href=\"https:\/\/www.cciamp.com\/\" rel=\"noopener\" target=\"_blank\">La Chambre de commerce et d\u2019industrie m\u00e9tropolitaine Aix-Marseille-Provence <\/a>(CCIAMP), en partenariat avec le mus\u00e9e Regards de Provence, a mis en ligne une visite virtuelle immersive de son patrimoine. <\/p>\n<p>Une exposition visible depuis chez soi <\/p>\n<p>Cette initiative s\u2019inscrit dans une strat\u00e9gie de valorisation du patrimoine maritime marseillais. L\u2019exposition avait pour ambition en 2024 de \u00ab rappeler le r\u00f4le structurant du port de Marseille dans les \u00e9changes commerciaux, l\u2019industrialisation et l\u2019ouverture internationale de la ville \u00bb. Et cela depuis plus de 26 si\u00e8cles. <\/p>\n<p><strong>A travers pr\u00e8s de 80 \u0153uvres issues des collections de la plus ancienne Chambre de commerce du monde,<\/strong> l\u2019exposition retrace l\u2019\u00e9volution des bassins portuaires, des infrastructures, des navires et des m\u00e9tiers li\u00e9s \u00e0 l\u2019activit\u00e9 maritime. <\/p>\n<p>Des artistes tels que Jean-Fr\u00e9d\u00e9ric Canepa, Alfred Casile, Victor Coste, Rapha\u00ebl Ponson ou Joseph Suchet illustrent les diff\u00e9rentes mutations du port, miroir des dynamiques \u00e9conomiques et sociales du territoire.<\/p>\n<p> <img decoding=\"async\" alt=\"\" class=\"img-size-full\" data-zoomable=\"\" height=\"895\" loading=\"lazy\" src=\"https:\/\/www.europesays.com\/fr\/wp-content\/uploads\/2026\/01\/epo-cci-maritime.jpg\" width=\"1837\"\/> \u00a9DR &#8211; En plus de son acc\u00e8s en ligne gratuit, la visite virtuelle est accessible depuis une borne interactive install\u00e9e dans le hall d\u2019entr\u00e9e du Palais de la Bourse, \u00e0 Marseille.\u00a0 <\/p>\n<p>Pour m\u00e9moire, conserv\u00e9es en quasi-totalit\u00e9 au sein du Palais de la Bourse de Marseille,<strong> la collection de la CCIAMP rassemble aujourd\u2019hui quelques 11 500 gravures<\/strong>, tableaux et aquarelles, plus de 5 000 affiches publicitaires, environ 200 mod\u00e8les r\u00e9duits, 4 800 objets divers, accompagn\u00e9s de 100 000 photographies.<\/p>\n<p> Une exp\u00e9rience immersive virtuelle <\/p>\n<p>La d\u00e9clinaison virtuelle a \u00e9t\u00e9 con\u00e7ue par<a href=\"https:\/\/www.euphoriques.com\/\" rel=\"noopener\" target=\"_blank\"> l\u2019agence marseillaise Euphoriques<\/a> et par son <strong>studio digital Voulez-vous<\/strong>, sp\u00e9cialis\u00e9 dans les exp\u00e9riences immersives. <strong>Elle reconstitue fid\u00e8lement les espaces du mus\u00e9e marseillais <a href=\"https:\/\/www.museeregardsdeprovence.com\/\" rel=\"noopener\" target=\"_blank\">Regards de Provence<\/a><\/strong>. Des onglets font appara\u00eetre des cartouches pr\u00e9sentant chaque artiste, tandis qu\u2019une voix off guide le visiteur dans les diff\u00e9rents espaces du site culturel.<\/p>\n<p> <img decoding=\"async\" alt=\"\" class=\"img-size-full\" data-zoomable=\"\" height=\"927\" loading=\"lazy\" src=\"https:\/\/www.europesays.com\/fr\/wp-content\/uploads\/2026\/01\/expo-cci-fiche-artiste.jpg\" width=\"1802\"\/> \u00a9DR &#8211; De nombreux onglets permettent d&rsquo;en savoir plus sur les sites marseillais repr\u00e9sent\u00e9s dans cette exposition.\u00a0 <\/p>\n<p>Pour la Chambre de commerce et d\u2019industrie Aix-Marseille-Provence, cette mise en ligne r\u00e9pond \u00e0 un double objectif : \u00ab p\u00e9renniser l\u2019investissement culturel r\u00e9alis\u00e9 autour de l\u2019exposition et renforcer l\u2019accessibilit\u00e9 \u00e0 un patrimoine majeur \u00bb. <strong>Patrimoine qui t\u00e9moigne du r\u00f4le central de l\u2019\u00e9conomie maritime<\/strong> dans l\u2019identit\u00e9 et l\u2019attractivit\u00e9 du territoire m\u00e9tropolitain. <\/p>\n<p>Un joli moment de partage en perspective, notamment avec les plus jeunes, forc\u00e9ment captiv\u00e9s par cette approche culturelle innovante. Une exposition \u00e0 d\u00e9couvrir ici <a href=\"https:\/\/marseille-au-coeur-maritime.cciamp.com\/\" target=\"_blank\" rel=\"noopener\">Unity Web Player | Regards_de_Provence<\/a><\/p>\n","protected":false},"excerpt":{"rendered":"\u00a9DR &#8211; Capture \u00e9cran de l&rsquo;exposition Marseille au coeur du maritime, visible par tous gratuitement depuis sa tablette&hellip;\n","protected":false},"author":2,"featured_media":635524,"comment_status":"","ping_status":"","sticky":false,"template":"","format":"standard","meta":{"footnotes":""},"categories":[2814],"tags":[1111,11,74310,74311,1777,674,1011,27,37118,884,12,882,25],"class_list":{"0":"post-635523","1":"post","2":"type-post","3":"status-publish","4":"format-standard","5":"has-post-thumbnail","7":"category-marseille","8":"tag-actu","9":"tag-actualites","10":"tag-cciamp","11":"tag-chambre-de-commerce-et-dindustrie","12":"tag-eu","13":"tag-europe","14":"tag-fr","15":"tag-france","16":"tag-grand-port-maritime-de-marseille","17":"tag-marseille","18":"tag-news","19":"tag-provence-alpes-cote-dazur","20":"tag-republique-francaise"},"share_on_mastodon":{"url":"https:\/\/pubeurope.com\/@fr\/115823782773062970","error":""},"_links":{"self":[{"href":"https:\/\/www.europesays.com\/fr\/wp-json\/wp\/v2\/posts\/635523","targetHints":{"allow":["GET"]}}],"collection":[{"href":"https:\/\/www.europesays.com\/fr\/wp-json\/wp\/v2\/posts"}],"about":[{"href":"https:\/\/www.europesays.com\/fr\/wp-json\/wp\/v2\/types\/post"}],"author":[{"embeddable":true,"href":"https:\/\/www.europesays.com\/fr\/wp-json\/wp\/v2\/users\/2"}],"replies":[{"embeddable":true,"href":"https:\/\/www.europesays.com\/fr\/wp-json\/wp\/v2\/comments?post=635523"}],"version-history":[{"count":0,"href":"https:\/\/www.europesays.com\/fr\/wp-json\/wp\/v2\/posts\/635523\/revisions"}],"wp:featuredmedia":[{"embeddable":true,"href":"https:\/\/www.europesays.com\/fr\/wp-json\/wp\/v2\/media\/635524"}],"wp:attachment":[{"href":"https:\/\/www.europesays.com\/fr\/wp-json\/wp\/v2\/media?parent=635523"}],"wp:term":[{"taxonomy":"category","embeddable":true,"href":"https:\/\/www.europesays.com\/fr\/wp-json\/wp\/v2\/categories?post=635523"},{"taxonomy":"post_tag","embeddable":true,"href":"https:\/\/www.europesays.com\/fr\/wp-json\/wp\/v2\/tags?post=635523"}],"curies":[{"name":"wp","href":"https:\/\/api.w.org\/{rel}","templated":true}]}}