{"id":635525,"date":"2026-01-02T05:10:16","date_gmt":"2026-01-02T05:10:16","guid":{"rendered":"https:\/\/www.europesays.com\/fr\/635525\/"},"modified":"2026-01-02T05:10:16","modified_gmt":"2026-01-02T05:10:16","slug":"stations-de-metro-foch-et-republique-renovees","status":"publish","type":"post","link":"https:\/\/www.europesays.com\/fr\/635525\/","title":{"rendered":"Stations de m\u00e9tro : Foch et R\u00e9publique r\u00e9nov\u00e9es"},"content":{"rendered":"<p>Les stations de m\u00e9tro Foch et R\u00e9publique Villeurbanne ont fait peau neuve. Ces travaux entrent dans le cadre de la r\u00e9novation des stations de la ligne A\u2026 Une ligne ouverte en 1978<\/p>\n<p>Apr\u00e8s <strong>Charpennes<\/strong>, <strong>Mass\u00e9na<\/strong> ou encore <strong>Cordeliers<\/strong>, les travaux, lanc\u00e9s en d\u00e9cembre 2024, pour les stations de m\u00e9tro <strong>Foch<\/strong> et <strong>R\u00e9publique<\/strong> se sont achev\u00e9s fin 2025. L\u2019objectif des travaux \u00e9tait bien sur de <strong>renforcer le confort des usagers<\/strong>, mais aussi continuer de <strong>d\u00e9ployer l\u2019art au c\u0153ur du r\u00e9seau TCL<\/strong>. Comme nous l\u2019explique <strong>Bruno Bernard<\/strong>, le pr\u00e9sident de <strong><a href=\"https:\/\/sytral-mobilites.fr\/#\" target=\"_blank\" rel=\"noreferrer noopener\">SYTRAL Mobilit\u00e9s<\/a><\/strong>.<\/p>\n<p>Ecoutez aussi : <a href=\"https:\/\/www.lyondemain.fr\/lyon-streetart-sytral-dimensonal-travel-culture-art-zooartshow-astro-dimensional-travel\/\" target=\"_blank\" rel=\"noreferrer noopener\">Dimensional Travel : le street-art sur les rails<\/a><\/p>\n<p><img fetchpriority=\"high\" decoding=\"async\" width=\"1200\" height=\"675\" src=\"https:\/\/www.europesays.com\/fr\/wp-content\/uploads\/2026\/01\/stations-de-metro-renovees-inauguration.jpg\" alt=\"inauguration SYTRAL\" class=\"wp-image-252935\"  \/><\/p>\n<p>Davantage d\u2019art et de culture sur le r\u00e9seau des TCL<\/p>\n<p>\u00ab\u00a0Nous avons r\u00e9affirm\u00e9 un choix fort de mettre beaucoup <strong>plus d\u2019art et de culture dans le r\u00e9seau des TCL<\/strong>, avec une nouvelle strat\u00e9gie culture. Ce sont des <strong>tramways<\/strong> qui sont <strong>d\u00e9cor\u00e9s en street art<\/strong>. Ce sont les <strong>nouvelles stations du m\u00e9tro B <\/strong>\u00e0 Saint-Genis-Laval, o\u00f9 une recherche artistique a \u00e9t\u00e9 men\u00e9e. Des partenariats avec la <strong>Biennale d\u2019art contemporain<\/strong> et beaucoup de choses. Et l\u00e0, nous devions r\u00e9nover les vieilles <strong>stations du m\u00e9tro A<\/strong>. Nous avons fait le choix pour ces stations d\u2019ajouter un <strong>geste artistique<\/strong> qui change compl\u00e8tement le visuel de la station. Ces deux stations sont assez magnifiques. L\u00e0, nous sommes au <strong>m\u00e9tro Foch<\/strong>. Il faut s\u2019arr\u00eater. et d\u00e9couvrir ces <strong>animaux<\/strong> qui partagent les deux voies du m\u00e9tro avec ce j<strong>eu de miroir de lumi\u00e8re<\/strong> assez magnifique\u00a0\u00bb.<\/p>\n<p>Ecoutez le podcast<\/p>\n<p>STATIONS DE METRO FOCH ET REPUBLIQUE RENOVEES<\/p>\n<p>La station Foch accueille d\u00e9sormais un d\u00e9cor immersif. Un lieu transform\u00e9 en un <strong>monde illustratif noir et blanc<\/strong>, rappelant l\u2019<strong>esth\u00e9tique de la BD<\/strong>. Avec des r\u00e9f\u00e9rences locales : le <strong>parc de la T\u00eate d\u2019Or<\/strong> et ses serres, les <strong>berges du Rh\u00f4ne et de la Sa\u00f4ne<\/strong> ;la soie\u2026<\/p>\n<p>Ecoutez aussi : <a href=\"https:\/\/www.lyondemain.fr\/poes-gilgamesh-venissieux\/\" target=\"_blank\" rel=\"noreferrer noopener\">Poes raconte Gilgamesh sur un mur des Minguettes<\/a><\/p>\n<p>Des r\u00e9f\u00e9rences lyonnaises au m\u00e9tro Foch en plein coeur du 6\u00e8me<\/p>\n<p>La station int\u00e8gre \u00e9galement <strong>deux niches d\u2019exposition<\/strong>, pour des <strong>programmations culturelles temporaires<\/strong>. Le <strong>mus\u00e9e des Confluences<\/strong> a pris ces quartiers \u00e0 Foch dans un premier temps.<\/p>\n<p><img loading=\"lazy\" decoding=\"async\" width=\"1200\" height=\"675\" src=\"https:\/\/www.europesays.com\/fr\/wp-content\/uploads\/2026\/01\/stations-de-metro-Julien-Soone.jpg\" alt=\"stations de m\u00e9tro\" class=\"wp-image-252936\"  \/>Julien Soone<\/p>\n<p>Une tout autre ambiance \u00e0 la <strong>station R\u00e9publique Villeurbanne<\/strong> avec une <strong>fresque immersive et m\u00e9ditative<\/strong>. Avec comme couleurs dominantes, <strong>le bleu, le blanc, le rouge. <\/strong>Quoi de plus naturel dans une <strong>station R\u00e9publique<\/strong>\u2026 C\u2019est l\u2019artiste <strong>Julien Soone<\/strong> qui s\u2019est vu confi\u00e9 la r\u00e9alisation de cette<strong> jungle urbaine po\u00e9tique<\/strong>. Une ambiance immersive qui transforme l\u2019attente du m\u00e9tro en un moment apaisant.<\/p>\n<p>Ecoutez aussi : <a href=\"https:\/\/www.lyondemain.fr\/ambassadrices-tcl-securite-femmes\/\" target=\"_blank\" rel=\"noreferrer noopener\">Ambassadrices TCL : 10 ans de marches exploratoires<\/a><\/p>\n<p>Les couleurs de la R\u00e9publique pour une jungle urbaine \u00e0 Villeurbanne<\/p>\n<p>\u00ab\u00a0Comme la station s\u2019appelle <strong>R\u00e9publique<\/strong>, je voulais partir d\u2019une base de b<strong>leu, blanc, rouge<\/strong>. Parce que je refuse que le bleu, blanc, rouge soit associ\u00e9 \u00e0 que de la politique. Non, c\u2019est notre drapeau. J\u2019ai voulu le transformer en une esp\u00e8ce de <strong>jungle urbaine<\/strong> avec des touches de couleurs, comme est la <strong>population de Villeurbanne<\/strong>. Et j\u2019ai proposer de mettre d\u2019autres palettes de couleurs dans cette jungle urbaine, sur une base de drapeau fran\u00e7ais\u00a0\u00bb..<\/p>\n<blockquote class=\"instagram-media\" data-instgrm-captioned=\"\" data-instgrm-permalink=\"https:\/\/www.instagram.com\/reel\/DSSD32LjBlc\/?utm_source=ig_embed&amp;utm_campaign=loading\" data-instgrm-version=\"14\" style=\" background:#FFF; border:0; border-radius:3px; box-shadow:0 0 1px 0 rgba(0,0,0,0.5),0 1px 10px 0 rgba(0,0,0,0.15); margin: 1px; max-width:540px; min-width:326px; padding:0; width:99.375%; width:-webkit-calc(100% - 2px); width:calc(100% - 2px);\"\/>\n<p>L\u2019habillage doit prendre toute la dimension de la station. <strong><a href=\"https:\/\/metropolis-archi.com\/\" target=\"_blank\" rel=\"noopener\">Eric Novel<\/a><\/strong>, <strong>architecte<\/strong> du projet. \u00ab\u00a0Ce sont des <strong>panneaux en verre <\/strong>extr\u00eamement r\u00e9sistants. On a \u00e9tudi\u00e9 beaucoup de solutions techniques\u2026. La probl\u00e9matique des m\u00e9tros, c\u2019est qu\u2019il faut que tout ce qu\u2019on construit soit extr\u00eamement r\u00e9sistant. Parce qu\u2019il y a des centaines de milliers de voyageurs qui passent, qui accrochent les murs. Il y a donc cette <strong>double contrainte<\/strong> de <strong>magnifier l\u2019\u0153uvre<\/strong> tout en ayant des <strong>mat\u00e9riaux extr\u00eamement durables et costauds<\/strong>\u00ab\u00a0.<\/p>\n<p><strong>Gratte-Ciel<\/strong> et <strong>Flachet-Alain Gilles<\/strong> b\u00e9n\u00e9ficieront \u00e0 leur tour d\u2019une r\u00e9novation et de leur propre <strong>univers artistique<\/strong>. Les travaux viennent de d\u00e9buter pour ces deux stations. La livraison est pr\u00e9vue pour fin 2026\u2026<\/p>\n<p>Ecoutez aussi : <a href=\"https:\/\/www.lyondemain.fr\/gare-routiere-lyon-gerland\/\" target=\"_blank\" rel=\"noreferrer noopener\">A Lyon, la gare routi\u00e8re quitte Perrache pour Gerland<\/a><\/p>\n<p><img loading=\"lazy\" decoding=\"async\" width=\"1200\" height=\"675\" src=\"https:\/\/www.europesays.com\/fr\/wp-content\/uploads\/2026\/01\/stations-de-metro-renovees.jpg\" alt=\"art en station\" class=\"wp-image-252929\"  \/><br \/>\nJ\u2019aime \u00e7a\u00a0:<\/p>\n<p>J\u2019aime chargement\u2026<\/p>\n<p><a class=\"sd-link-color\"\/><\/p>\n<p>\n\tArticles similaires\n<\/p>\n<p>\t\t\t\t<img decoding=\"async\" src=\"https:\/\/www.europesays.com\/fr\/wp-content\/uploads\/2026\/01\/7866158698e17e8ed633c05e8f8e7fe5d9e057ad78661c4dc34e413abb6b9f19.jpeg\" alt=\"G\u00e9rald Bouchon\"\/><\/p>\n<p>Pionnier des radios libres, passionn\u00e9 de radio, journaliste et dirigeant de m\u00e9dias \u00e9co-responsables..<\/p>\n<p>\t\t\t<script async src=\"\/\/www.instagram.com\/embed.js\"><\/script><\/p>\n","protected":false},"excerpt":{"rendered":"Les stations de m\u00e9tro Foch et R\u00e9publique Villeurbanne ont fait peau neuve. Ces travaux entrent dans le cadre&hellip;\n","protected":false},"author":2,"featured_media":635526,"comment_status":"","ping_status":"","sticky":false,"template":"","format":"standard","meta":{"footnotes":""},"categories":[1889],"tags":[1111,11,1396,2430,9993,5921,74312,1777,674,1011,27,74313,74314,2428,74315,4047,74316,74317,12,716,25,56598,7189,24003,74318,6345],"class_list":{"0":"post-635525","1":"post","2":"type-post","3":"status-publish","4":"format-standard","5":"has-post-thumbnail","7":"category-lyon","8":"tag-actu","9":"tag-actualites","10":"tag-art-contemporain","11":"tag-auvergne-rhone-alpes","12":"tag-bd","13":"tag-bruno-bernard","14":"tag-eric-novel","15":"tag-eu","16":"tag-europe","17":"tag-fr","18":"tag-france","19":"tag-illustrations","20":"tag-julien-soone","21":"tag-lyon","22":"tag-lyon-6eme","23":"tag-metro","24":"tag-metro-foch","25":"tag-metro-republique","26":"tag-news","27":"tag-renovation","28":"tag-republique-francaise","29":"tag-station-de-metro","30":"tag-street-art","31":"tag-sytral-mobilites","32":"tag-travaux-tcl","33":"tag-villeurbanne"},"share_on_mastodon":{"url":"https:\/\/pubeurope.com\/@fr\/115823786417205653","error":""},"_links":{"self":[{"href":"https:\/\/www.europesays.com\/fr\/wp-json\/wp\/v2\/posts\/635525","targetHints":{"allow":["GET"]}}],"collection":[{"href":"https:\/\/www.europesays.com\/fr\/wp-json\/wp\/v2\/posts"}],"about":[{"href":"https:\/\/www.europesays.com\/fr\/wp-json\/wp\/v2\/types\/post"}],"author":[{"embeddable":true,"href":"https:\/\/www.europesays.com\/fr\/wp-json\/wp\/v2\/users\/2"}],"replies":[{"embeddable":true,"href":"https:\/\/www.europesays.com\/fr\/wp-json\/wp\/v2\/comments?post=635525"}],"version-history":[{"count":0,"href":"https:\/\/www.europesays.com\/fr\/wp-json\/wp\/v2\/posts\/635525\/revisions"}],"wp:featuredmedia":[{"embeddable":true,"href":"https:\/\/www.europesays.com\/fr\/wp-json\/wp\/v2\/media\/635526"}],"wp:attachment":[{"href":"https:\/\/www.europesays.com\/fr\/wp-json\/wp\/v2\/media?parent=635525"}],"wp:term":[{"taxonomy":"category","embeddable":true,"href":"https:\/\/www.europesays.com\/fr\/wp-json\/wp\/v2\/categories?post=635525"},{"taxonomy":"post_tag","embeddable":true,"href":"https:\/\/www.europesays.com\/fr\/wp-json\/wp\/v2\/tags?post=635525"}],"curies":[{"name":"wp","href":"https:\/\/api.w.org\/{rel}","templated":true}]}}