{"id":635531,"date":"2026-01-02T05:14:11","date_gmt":"2026-01-02T05:14:11","guid":{"rendered":"https:\/\/www.europesays.com\/fr\/635531\/"},"modified":"2026-01-02T05:14:11","modified_gmt":"2026-01-02T05:14:11","slug":"zohran-mamdani-intronise-maire-de-new-york-au-defi-de-realiser-ses-promesses","status":"publish","type":"post","link":"https:\/\/www.europesays.com\/fr\/635531\/","title":{"rendered":"Zohran Mamdani, intronis\u00e9 maire de New York, au d\u00e9fi de r\u00e9aliser ses promesses"},"content":{"rendered":"<p>                     <img loading=\"lazy\" decoding=\"async\" src=\"https:\/\/www.europesays.com\/fr\/wp-content\/uploads\/2026\/01\/4e4da12_ftp-1-o6ulgi8671di-a00dfef30b6b47d88b164c006866fa3b-0-e5d1991d42a94b839c1d6c6c0bb5cde2.jpg\" alt=\"Zohran Mamdani (\u00e0 gauche), au c\u00f4t\u00e9 de son \u00e9pouse, Rama Duwaji, lors de sa c\u00e9r\u00e9monie d\u2019investiture en tant que maire de New York, le 1\u1d49\u02b3 janvier 2026.\"   width=\"664\" height=\"443\"\/>    Zohran Mamdani (\u00e0 gauche), au c\u00f4t\u00e9 de son \u00e9pouse, Rama Duwaji, lors de sa c\u00e9r\u00e9monie d\u2019investiture en tant que maire de New York, le 1\u1d49\u02b3 janvier 2026.  ANDRES KUDACKI \/ AP                 <\/p>\n<p class=\"article__paragraph  \">Une page de l\u2019histoire politique de New York s\u2019est \u00e9crite, jeudi 1er\u00a0janvier, sur le parvis de l\u2019h\u00f4tel de ville, au c\u0153ur de Manhattan. Sous le regard de milliers de partisans rassembl\u00e9s \u00e0 la mi-journ\u00e9e devant des \u00e9crans g\u00e9ants sur Broadway, Zohran Mamdani, 34\u00a0ans, <a href=\"https:\/\/www.lemonde.fr\/international\/article\/2026\/01\/02\/zohran-mamdani-le-nouveau-maire-democrate-de-new-york-promet-de-gouverner-avec-audace_6660306_3210.html\" target=\"_blank\" rel=\"noopener\">a pr\u00eat\u00e9 serment pour devenir le nouveau maire de la ville<\/a>. Le socialiste d\u00e9mocrate, \u00e0 l\u2019origine de l\u2019une des campagnes politiques les plus renversantes de l\u2019\u00e8re moderne, fait d\u00e9sormais face \u00e0 son plus grand d\u00e9fi\u00a0: donner corps aux nombreuses promesses qui l\u2019ont port\u00e9 au pouvoir.<\/p>\n<p class=\"article__paragraph  \">\u00ab\u00a0Aujourd\u2019hui est le premier jour d\u2019une nouvelle \u00e8re\u00a0\u00bb, a-t-il lanc\u00e9 en pr\u00e9lude \u00e0 un discours rempli de r\u00e9f\u00e9rences populaires (et culinaires) \u00e0 la New York cosmopolite. Le tout prononc\u00e9 devant les drapeaux des five boroughs, les cinq quartiers (Manhattan, Brooklyn, Queens, Bronx et Staten Island), signe de la diversit\u00e9 de cette ville-monde\u00a0: \u00ab\u00a0Je vous le promets\u00a0: si vous \u00eates new-yorkais, je suis votre maire. Que nous soyons d\u2019accord ou non, je vous prot\u00e9gerai, je partagerai vos joies, je serai \u00e0 vos c\u00f4t\u00e9s dans les moments de deuil, et jamais, pas un seul instant, je ne me d\u00e9roberai \u00e0 mes responsabilit\u00e9s.\u00a0\u00bb<\/p>\n<p class=\"reading-mode-only \"><strong>Il vous reste 84.98% de cet article \u00e0 lire. La suite est r\u00e9serv\u00e9e aux abonn\u00e9s.<\/strong><\/p>\n","protected":false},"excerpt":{"rendered":"Zohran Mamdani (\u00e0 gauche), au c\u00f4t\u00e9 de son \u00e9pouse, Rama Duwaji, lors de sa c\u00e9r\u00e9monie d\u2019investiture en tant&hellip;\n","protected":false},"author":2,"featured_media":635532,"comment_status":"","ping_status":"","sticky":false,"template":"","format":"standard","meta":{"footnotes":""},"categories":[1888],"tags":[1111,1928,11,1927,1777,674,1011,27,12,1926,626,1925,25],"class_list":{"0":"post-635531","1":"post","2":"type-post","3":"status-publish","4":"format-standard","5":"has-post-thumbnail","7":"category-paris","8":"tag-actu","9":"tag-actu-paris","10":"tag-actualites","11":"tag-actualites-paris","12":"tag-eu","13":"tag-europe","14":"tag-fr","15":"tag-france","16":"tag-news","17":"tag-news-paris","18":"tag-paris","19":"tag-paris-news","20":"tag-republique-francaise"},"share_on_mastodon":{"url":"https:\/\/pubeurope.com\/@fr\/115823802118939552","error":""},"_links":{"self":[{"href":"https:\/\/www.europesays.com\/fr\/wp-json\/wp\/v2\/posts\/635531","targetHints":{"allow":["GET"]}}],"collection":[{"href":"https:\/\/www.europesays.com\/fr\/wp-json\/wp\/v2\/posts"}],"about":[{"href":"https:\/\/www.europesays.com\/fr\/wp-json\/wp\/v2\/types\/post"}],"author":[{"embeddable":true,"href":"https:\/\/www.europesays.com\/fr\/wp-json\/wp\/v2\/users\/2"}],"replies":[{"embeddable":true,"href":"https:\/\/www.europesays.com\/fr\/wp-json\/wp\/v2\/comments?post=635531"}],"version-history":[{"count":0,"href":"https:\/\/www.europesays.com\/fr\/wp-json\/wp\/v2\/posts\/635531\/revisions"}],"wp:featuredmedia":[{"embeddable":true,"href":"https:\/\/www.europesays.com\/fr\/wp-json\/wp\/v2\/media\/635532"}],"wp:attachment":[{"href":"https:\/\/www.europesays.com\/fr\/wp-json\/wp\/v2\/media?parent=635531"}],"wp:term":[{"taxonomy":"category","embeddable":true,"href":"https:\/\/www.europesays.com\/fr\/wp-json\/wp\/v2\/categories?post=635531"},{"taxonomy":"post_tag","embeddable":true,"href":"https:\/\/www.europesays.com\/fr\/wp-json\/wp\/v2\/tags?post=635531"}],"curies":[{"name":"wp","href":"https:\/\/api.w.org\/{rel}","templated":true}]}}