{"id":635539,"date":"2026-01-02T05:18:21","date_gmt":"2026-01-02T05:18:21","guid":{"rendered":"https:\/\/www.europesays.com\/fr\/635539\/"},"modified":"2026-01-02T05:18:21","modified_gmt":"2026-01-02T05:18:21","slug":"la-russie-et-lukraine-saccusent-mutuellement-dattaques-contre-des-civils-lors-du-nouvel-an","status":"publish","type":"post","link":"https:\/\/www.europesays.com\/fr\/635539\/","title":{"rendered":"La Russie et l&rsquo;Ukraine s&rsquo;accusent mutuellement d&rsquo;attaques contre des civils lors du Nouvel An"},"content":{"rendered":"<p>                    La Russie et l&rsquo;Ukraine se sont mutuellement accus\u00e9es d&rsquo;avoir cibl\u00e9 des civils au cours du Nouvel An, Moscou rapportant une frappe mortelle sur un h\u00f4tel situ\u00e9 dans un territoire qu&rsquo;elle occupe dans le sud de l&rsquo;Ukraine, tandis que Kyiv a d\u00e9nonc\u00e9 une nouvelle attaque massive contre ses infrastructures \u00e9nerg\u00e9tiques.<\/p>\n<p>Ces \u00e9v\u00e9nements interviennent alors que des discussions intensives, supervis\u00e9es par le pr\u00e9sident am\u00e9ricain Donald Trump, visent \u00e0 mettre fin \u00e0 une guerre qui dure depuis pr\u00e8s de quatre ans. Chaque pays affirme que l&rsquo;autre cherche \u00e0 influencer les positions du pr\u00e9sident et \u00e0 orienter l&rsquo;issue des n\u00e9gociations.<\/p>\n<p>\u00ab\u00a0Pour le Nouvel An, la Russie apporte d\u00e9lib\u00e9r\u00e9ment la guerre. Plus de 200 drones d&rsquo;attaque ont \u00e9t\u00e9 lanc\u00e9s sur l&rsquo;Ukraine dans la nuit\u00a0\u00bb, a \u00e9crit le pr\u00e9sident ukrainien Volodymyr Zelensky sur Telegram, pr\u00e9cisant que les infrastructures \u00e9nerg\u00e9tiques de sept r\u00e9gions du pays avaient \u00e9t\u00e9 vis\u00e9es.<\/p>\n<p>La Russie accuse l&rsquo;Ukraine d&rsquo;avoir tu\u00e9 au moins 24 personnes, dont un enfant, lors d&rsquo;une frappe de drone sur un h\u00f4tel et un caf\u00e9 o\u00f9 des civils c\u00e9l\u00e9braient le Nouvel An dans une zone de la r\u00e9gion de Kherson contr\u00f4l\u00e9e par la Russie, dans le sud de l&rsquo;Ukraine.<\/p>\n<p>L&rsquo;arm\u00e9e ukrainienne, qui accuse la Russie d&rsquo;avoir tu\u00e9 de nombreux civils lors de ses propres attaques contre des villes ukrainiennes, affirme cibler uniquement des objectifs militaires et \u00e9nerg\u00e9tiques, sans toutefois faire r\u00e9f\u00e9rence sp\u00e9cifiquement \u00e0 la frappe sur l&rsquo;h\u00f4tel.<\/p>\n<p>Zelensky a d\u00e9clar\u00e9 que les attaques russes durant la p\u00e9riode des f\u00eates montraient que l&rsquo;Ukraine ne pouvait se permettre aucun retard dans la livraison de syst\u00e8mes de d\u00e9fense antia\u00e9rienne.<\/p>\n<p>\u00ab\u00a0Nos alli\u00e9s connaissent les noms des \u00e9quipements qui nous manquent. Nous attendons que tout ce qui a \u00e9t\u00e9 convenu avec les \u00c9tats-Unis \u00e0 la fin du mois de d\u00e9cembre pour notre d\u00e9fense arrive \u00e0 temps\u00a0\u00bb, a-t-il ajout\u00e9, sans plus de pr\u00e9cisions.<\/p>\n<p><b>LES RUSSES D\u00c9NONCENT UN \u00ab\u00a0CRIME DE GUERRE\u00a0\u00bb<\/b><\/p>\n<p>Vladimir Saldo, le gouverneur install\u00e9 par la Russie dans la r\u00e9gion, a affirm\u00e9 que trois drones ukrainiens avaient frapp\u00e9 les c\u00e9l\u00e9brations \u00e0 Khorly, un village c\u00f4tier, \u00e9voquant une \u00ab\u00a0frappe d\u00e9lib\u00e9r\u00e9e\u00a0\u00bb contre des civils. Selon lui, de nombreuses personnes auraient \u00e9t\u00e9 br\u00fbl\u00e9es vives.<\/p>\n<p>Le minist\u00e8re russe des Affaires \u00e9trang\u00e8res a indiqu\u00e9 qu&rsquo;en plus des 24 morts, 50 personnes avaient \u00e9t\u00e9 bless\u00e9es.<\/p>\n<p>Il a estim\u00e9 que cette frappe, ainsi que d&rsquo;autres attaques de drones imput\u00e9es \u00e0 l&rsquo;Ukraine, visaient \u00e0 \u00ab\u00a0d\u00e9tourner l&rsquo;attention des \u00e9checs de l&rsquo;arm\u00e9e ukrainienne sur le front. Le r\u00e9gime de Kyiv tente de prouver sa viabilit\u00e9 par des actes terroristes\u00a0\u00bb.<\/p>\n<p>Lundi, Moscou a accus\u00e9 Kyiv d&rsquo;avoir tent\u00e9 de frapper une r\u00e9sidence du pr\u00e9sident Vladimir Poutine. Des responsables ukrainiens et europ\u00e9ens ont d\u00e9clar\u00e9 que l&rsquo;incident n&rsquo;avait pas eu lieu et, selon des responsables de la s\u00e9curit\u00e9 am\u00e9ricaine, l&rsquo;Ukraine n&rsquo;a pas cibl\u00e9 la r\u00e9sidence.<\/p>\n<p>Un haut responsable militaire russe a remis \u00e0 un attach\u00e9 militaire am\u00e9ricain ce qu&rsquo;il pr\u00e9tend \u00eatre une pi\u00e8ce d&rsquo;un drone ukrainien contenant des donn\u00e9es prouvant que l&rsquo;arm\u00e9e ukrainienne avait vis\u00e9 la r\u00e9sidence.<\/p>\n<p>Reuters n&rsquo;a pas pu v\u00e9rifier imm\u00e9diatement la frappe rapport\u00e9e dans la r\u00e9gion de Kherson ni les photos pr\u00e9sent\u00e9es par le service de presse de Saldo comme \u00e9tant les cons\u00e9quences de l&rsquo;attaque de jeudi. Saldo a indiqu\u00e9 avoir inform\u00e9 Poutine des d\u00e9tails de l&rsquo;attaque.<\/p>\n<p>Les images montraient au moins un corps recouvert d&rsquo;un drap blanc. Le b\u00e2timent portait les traces d&rsquo;un incendie et des taches ressemblant \u00e0 du sang \u00e9taient visibles au sol. L&rsquo;agence TASS a diffus\u00e9 une vid\u00e9o montrant des fragments de drone, certains portant des inscriptions en ukrainien.<\/p>\n<p>Les responsables ukrainiens font r\u00e9guli\u00e8rement \u00e9tat de morts civils lors d&rsquo;attaques a\u00e9riennes russes, notamment dans la ville de Kherson contr\u00f4l\u00e9e par l&rsquo;Ukraine, situ\u00e9e pr\u00e8s de la ligne de front.<\/p>\n<p>Le gouverneur ukrainien de la r\u00e9gion de Kherson, Oleksandr Prokudin, a d\u00e9clar\u00e9 qu&rsquo;un homme avait \u00e9t\u00e9 tu\u00e9 et qu&rsquo;une femme de 87 ans avait \u00e9t\u00e9 bless\u00e9e lors d&rsquo;attaques contre la ville jeudi.<\/p>\n<p>Le vice-Premier ministre ukrainien, Oleksiy Kuleba, a signal\u00e9 que des installations ferroviaires avaient \u00e9t\u00e9 attaqu\u00e9es dans trois r\u00e9gions.<\/p>\n<p>Le minist\u00e8re russe de la D\u00e9fense a d\u00e9clar\u00e9 jeudi que ses frappes avaient vis\u00e9 des objectifs militaires, ainsi que des infrastructures \u00e9nerg\u00e9tiques qui, selon lui, \u00e9taient utilis\u00e9es pour soutenir l&rsquo;arm\u00e9e ukrainienne.<\/p>\n<p>Dmitri Medvedev, vice-pr\u00e9sident du Conseil de s\u00e9curit\u00e9 russe, a d\u00e9clar\u00e9 \u00e0 TASS que ceux qui avaient men\u00e9 l&rsquo;attaque contre l&rsquo;h\u00f4tel, ainsi que leurs commanditaires, devraient \u00eatre pris pour cibles.<\/p>\n<p>Kherson fait partie des quatre r\u00e9gions ukrainiennes revendiqu\u00e9es par la Russie en 2022, une d\u00e9cision que Kyiv et la plupart des pays occidentaux ont qualifi\u00e9e d&rsquo;annexion ill\u00e9gale.<\/p>\n<p>Le maire de Moscou, Sergue\u00ef Sobianine, a indiqu\u00e9 que les unit\u00e9s de d\u00e9fense a\u00e9rienne russes avaient abattu 35 drones ukrainiens au cours des derni\u00e8res 24 heures. Aucun bless\u00e9 ni d\u00e9g\u00e2t n&rsquo;a \u00e9t\u00e9 signal\u00e9.<\/p>\n","protected":false},"excerpt":{"rendered":"La Russie et l&rsquo;Ukraine se sont mutuellement accus\u00e9es d&rsquo;avoir cibl\u00e9 des civils au cours du Nouvel An, Moscou&hellip;\n","protected":false},"author":2,"featured_media":635540,"comment_status":"","ping_status":"","sticky":false,"template":"","format":"standard","meta":{"footnotes":""},"categories":[1591],"tags":[11,340,1887,12,1885,1886,132],"class_list":{"0":"post-635539","1":"post","2":"type-post","3":"status-publish","4":"format-standard","5":"has-post-thumbnail","7":"category-russie","8":"tag-actualites","9":"tag-bourse","10":"tag-federation-de-russie","11":"tag-news","12":"tag-russia","13":"tag-russian-federation","14":"tag-russie"},"share_on_mastodon":{"url":"https:\/\/pubeurope.com\/@fr\/115823817744013394","error":""},"_links":{"self":[{"href":"https:\/\/www.europesays.com\/fr\/wp-json\/wp\/v2\/posts\/635539","targetHints":{"allow":["GET"]}}],"collection":[{"href":"https:\/\/www.europesays.com\/fr\/wp-json\/wp\/v2\/posts"}],"about":[{"href":"https:\/\/www.europesays.com\/fr\/wp-json\/wp\/v2\/types\/post"}],"author":[{"embeddable":true,"href":"https:\/\/www.europesays.com\/fr\/wp-json\/wp\/v2\/users\/2"}],"replies":[{"embeddable":true,"href":"https:\/\/www.europesays.com\/fr\/wp-json\/wp\/v2\/comments?post=635539"}],"version-history":[{"count":0,"href":"https:\/\/www.europesays.com\/fr\/wp-json\/wp\/v2\/posts\/635539\/revisions"}],"wp:featuredmedia":[{"embeddable":true,"href":"https:\/\/www.europesays.com\/fr\/wp-json\/wp\/v2\/media\/635540"}],"wp:attachment":[{"href":"https:\/\/www.europesays.com\/fr\/wp-json\/wp\/v2\/media?parent=635539"}],"wp:term":[{"taxonomy":"category","embeddable":true,"href":"https:\/\/www.europesays.com\/fr\/wp-json\/wp\/v2\/categories?post=635539"},{"taxonomy":"post_tag","embeddable":true,"href":"https:\/\/www.europesays.com\/fr\/wp-json\/wp\/v2\/tags?post=635539"}],"curies":[{"name":"wp","href":"https:\/\/api.w.org\/{rel}","templated":true}]}}