{"id":635562,"date":"2026-01-02T05:35:14","date_gmt":"2026-01-02T05:35:14","guid":{"rendered":"https:\/\/www.europesays.com\/fr\/635562\/"},"modified":"2026-01-02T05:35:14","modified_gmt":"2026-01-02T05:35:14","slug":"unibet-fin-de-carriere-pour-davide-bomboi-actualite","status":"publish","type":"post","link":"https:\/\/www.europesays.com\/fr\/635562\/","title":{"rendered":"Unibet : Fin de carri\u00e8re pour Davide Bomboi &#8211; Actualit\u00e9"},"content":{"rendered":"<p dir=\"ltr\"><strong><a href=\"https:\/\/www.directvelo.com\/coureur\/21423\/davide-bomboi\" target=\"_blank\" rel=\"noopener\">Davide Bomboi<\/a><\/strong> a annonc\u00e9 mettre un terme \u00e0 sa carri\u00e8re. Le Belge aura pass\u00e9 les trois derni\u00e8res ann\u00e9es au sein de la formation <strong><a href=\"https:\/\/www.directvelo.com\/equipe\/9048\/unibet-tietema-rockets\" target=\"_blank\" rel=\"noopener\">Unibet Tietema Rockets<\/a><\/strong>, apr\u00e8s avoir couru trois saisons dans la structure Home Solution Soenens.<\/p>\n<p dir=\"ltr\">\u201cApr\u00e8s beaucoup de r\u00e9flexion et d\u2019introspection, j\u2019ai compris qu\u2019il \u00e9tait temps de passer \u00e0 autre chose, \u00e9crit-il sur Instagram. J\u2019avais le sentiment de ne pas disposer des capacit\u00e9s physiques n\u00e9cessaires pour continuer \u00e0 \u00e9voluer au m\u00eame rythme que l\u2019\u00e9quipe. De plus, le niveau du cyclisme actuel est extr\u00eamement \u00e9lev\u00e9 et je ne me voyais pas atteindre ce niveau dans les ann\u00e9es \u00e0 venir. Cela est d\u2019autant plus vrai que je souffre depuis toujours d\u2019une forme d\u2019an\u00e9mie, qui a un impact significatif sur ma r\u00e9cup\u00e9ration lors des courses par \u00e9tapes et sur mes valeurs de puissance maximale. Cela a souvent entra\u00een\u00e9 de grandes d\u00e9ceptions envers moi-m\u00eame et mon propre corps\u201d.<\/p>\n<p>Le coureur de 25 ans a termin\u00e9 la saison derni\u00e8re 2e, 5e et 6e d\u2019\u00e9tapes au Tour de Taiwan (2.1), 6e d\u2019\u00e9tape au Tour de Turquie (2.Pro), 7e du Trofeo Felanitx-Ses Salines (1.1), 10e d\u2019une \u00e9tape au Tour de Grande-Bretagne (2.Pro), 10e et 11e d\u2019\u00e9tapes au Tour de Slov\u00e9nie, 12e du Trofeo Palma (1.1) ou encore 13e de la Classic Brugge-De Panne (1.WWT).<\/p>\n<p>Davide Bomboi devrait continuer de travailler dans la ProTeam fran\u00e7aise, aux partenariats.\u00a0<\/p>\n","protected":false},"excerpt":{"rendered":"Davide Bomboi a annonc\u00e9 mettre un terme \u00e0 sa carri\u00e8re. Le Belge aura pass\u00e9 les trois derni\u00e8res ann\u00e9es&hellip;\n","protected":false},"author":2,"featured_media":635563,"comment_status":"","ping_status":"","sticky":false,"template":"","format":"standard","meta":{"footnotes":""},"categories":[1411],"tags":[834,828,836,829,837,827,83,826,824,823,1154,207,814,817,815,816,822,821,832,211,839,1011,27,820,818,819,835,831,830,833,838,60,212,208,825],"class_list":{"0":"post-635562","1":"post","2":"type-post","3":"status-publish","4":"format-standard","5":"has-post-thumbnail","7":"category-cyclisme","8":"tag-attaque","9":"tag-belgique","10":"tag-braquet","11":"tag-bretagne","12":"tag-chute","13":"tag-competition","14":"tag-coupe-de-france","15":"tag-coureur","16":"tag-course-cyclisme","17":"tag-course-cycliste","18":"tag-cycling","19":"tag-cyclisme","20":"tag-direct","21":"tag-direct-velo","22":"tag-directvelo","23":"tag-directvelo-com","24":"tag-epreuve","25":"tag-epreuve-cycliste","26":"tag-federation-francaise-de-cyclisme","27":"tag-ffc","28":"tag-flandres","29":"tag-fr","30":"tag-france","31":"tag-live","32":"tag-live-course","33":"tag-live-epreuve","34":"tag-peloton","35":"tag-radio-peloton","36":"tag-radio-tour","37":"tag-ravitaillement","38":"tag-relance","39":"tag-sports","40":"tag-uci","41":"tag-velo","42":"tag-velos"},"share_on_mastodon":{"url":"https:\/\/pubeurope.com\/@fr\/115823884606456454","error":""},"_links":{"self":[{"href":"https:\/\/www.europesays.com\/fr\/wp-json\/wp\/v2\/posts\/635562","targetHints":{"allow":["GET"]}}],"collection":[{"href":"https:\/\/www.europesays.com\/fr\/wp-json\/wp\/v2\/posts"}],"about":[{"href":"https:\/\/www.europesays.com\/fr\/wp-json\/wp\/v2\/types\/post"}],"author":[{"embeddable":true,"href":"https:\/\/www.europesays.com\/fr\/wp-json\/wp\/v2\/users\/2"}],"replies":[{"embeddable":true,"href":"https:\/\/www.europesays.com\/fr\/wp-json\/wp\/v2\/comments?post=635562"}],"version-history":[{"count":0,"href":"https:\/\/www.europesays.com\/fr\/wp-json\/wp\/v2\/posts\/635562\/revisions"}],"wp:featuredmedia":[{"embeddable":true,"href":"https:\/\/www.europesays.com\/fr\/wp-json\/wp\/v2\/media\/635563"}],"wp:attachment":[{"href":"https:\/\/www.europesays.com\/fr\/wp-json\/wp\/v2\/media?parent=635562"}],"wp:term":[{"taxonomy":"category","embeddable":true,"href":"https:\/\/www.europesays.com\/fr\/wp-json\/wp\/v2\/categories?post=635562"},{"taxonomy":"post_tag","embeddable":true,"href":"https:\/\/www.europesays.com\/fr\/wp-json\/wp\/v2\/tags?post=635562"}],"curies":[{"name":"wp","href":"https:\/\/api.w.org\/{rel}","templated":true}]}}