{"id":635570,"date":"2026-01-02T05:41:19","date_gmt":"2026-01-02T05:41:19","guid":{"rendered":"https:\/\/www.europesays.com\/fr\/635570\/"},"modified":"2026-01-02T05:41:19","modified_gmt":"2026-01-02T05:41:19","slug":"big-sean-raconte-queminem-lui-a-demande-des-dedicaces-pour-deux-de-ses-albums","status":"publish","type":"post","link":"https:\/\/www.europesays.com\/fr\/635570\/","title":{"rendered":"Big Sean raconte qu&rsquo;Eminem lui a demand\u00e9 des d\u00e9dicaces pour deux de ses albums"},"content":{"rendered":"<p itemprop=\"description\"><strong>Oui, vous avez lu dans le bon ordre : c&rsquo;est bien Eminem qui a demand\u00e9 \u00e0 Big Sean de lui signer deux de ses albums, \u00ab\u00a0Finallly Famous\u00a0\u00bb et \u00ab\u00a0Hall Of Fame\u00a0\u00bb.<\/strong><\/p>\n<p>Il y a vraiment <strong>peu de rappeurs qui auront autant marqu\u00e9 l&rsquo;histoire de cette musique au m\u00eame point qu&rsquo;<a href=\"https:\/\/generations.fr\/news\/coulisse\/80765\/50-cent-veut-ramener-eminem-sur-la-bo-du-film-street-fighter\" target=\"_blank\" rel=\"noopener\">Eminem<\/a><\/strong>, qui a litt\u00e9ralement traumatis\u00e9 la concurrence, au point qu&rsquo;<strong>on parle encore de lui comme un GOAT alors que son prime \u00e9tait il y a 20 ans.<\/strong> Mais si le monde entier a pris sa baffe avec Eminem, c&rsquo;est e<strong>ncore plus vrai pour les mecs de Detroit, pour qui Em&rsquo; a \u00e9t\u00e9 un v\u00e9ritable pionnier<\/strong>, le premier \u00e0 faire parler de sa ville au niveau mondial. Pourtant, <strong>lors de sa rencontre avec <a href=\"https:\/\/generations.fr\/video\/clip\/80532\/dave-east-big-sean-et-bun-b-reunis-dans-le-clip-de-man-in-the-mirror\" target=\"_blank\" rel=\"noopener\">Big Sean<\/a>, c&rsquo;est bien le Slim Shady qui a demand\u00e9 une d\u00e9dicace au second.<\/strong><\/p>\n<p>C&rsquo;est en tout cas l&rsquo;anecdote, plut\u00f4t cr\u00e9dible,<strong> racont\u00e9e par Big Sean lors de son interview pour Billboard<\/strong>. Une interview pendant laquelle il d\u00e9crit sa premi\u00e8re rencontre avec Eminem, qui s&rsquo;est d\u00e9roul\u00e9e <strong>en studio, \u00e0 l&rsquo;occasion du morceau \u00ab\u00a0Detroit vs Everybody\u00a0\u00bb<\/strong>.\u00a0<\/p>\n<blockquote><p>&#13;<\/p>\n<p>J&rsquo;ai kiff\u00e9 aller en studio avec Eminem et parler avec lui. C&rsquo;\u00e9tait probablement un des meilleurs moments, un vrai r\u00eave de gosse.\u00a0<\/p>\n<p>&#13;<\/p>\n<p>Je ne sais pas s&rsquo;il \u00e9tait en p\u00e9riode de pause, ou s&rsquo;il essayait de remettre de l&rsquo;ordre dans son taff, parce que <strong>je pense qu&rsquo;il \u00e9tait litt\u00e9ralement au studio tous les jours. Mais ce dont je me rappelle le plus, c&rsquo;\u00e9tait qu&rsquo;on regardait South Park et qu&rsquo;on mangeait de la pizza au studio. On a d\u00e9battu pour savoir ce qui \u00e9tait le mieux entre South Park et Family Guy.<\/strong><\/p>\n<p>&#13;<\/p>\n<p>On a parl\u00e9 de la vie, et <strong>je lui ai expliqu\u00e9 que The Slim Shady LP \u00e9tait le premier album que j&rsquo;ai achet\u00e9 \u00e0 Costco avec l&rsquo;argent de mon anniversaire<\/strong>. J&rsquo;ai toujours l&rsquo;album.<\/p>\n<p>&#13;\n<\/p><\/blockquote>\n<p><a href=\"https:\/\/generations.fr\/news\/musique\/79895\/lil-wayne-devoile-son-album-tha-carter-vi-avec-bono-2-chainz-big-sean-kodak-black\" target=\"_blank\" rel=\"noopener\">Big Sean<\/a> explique ensuite que s<strong>on album est dans la maison de ses parents, et qu&rsquo;il n&rsquo;avait pas voulu l&rsquo;amener<\/strong> lors de sa rencontre avec Eminem parce qu&rsquo;il ne<strong> voulait pas passer pour un bouffon en lui demandant un autographe<\/strong>. Mais finalement, c&rsquo;est M<strong>arshall Mathers lui-m\u00eame qui a sorti deux albums de Big Sean, et lui a demand\u00e9 de les signer.<\/strong><\/p>\n<blockquote><p>&#13;<\/p>\n<p><strong>Il a sorti Hall Of Fame et Finally Famous, et il m&rsquo;a demand\u00e9 de les signer. C\u2019\u00e9tait la derni\u00e8re fois de ma vie que je me suis dit que je n\u2019essaierais plus jamais d\u2019\u00eatre cool.<\/strong><\/p>\n<p>&#13;\n<\/p><\/blockquote>\n<p>Une anecdote folle d&rsquo;autant plus qu&rsquo;Eminem n&rsquo;a pas fait semblant juste pour le mettre \u00e0 l&rsquo;aise pendant leur rencontre : <strong>il adore vraiment la musique de Big Sean<\/strong>. D&rsquo;ailleurs, dans une interview en 2022, <strong>Em&rsquo; a clairement d\u00e9sign\u00e9 Sean comme un des rappeurs qui le poussait \u00e0 augmenter son niveau d&rsquo;exigence en terme de lyrics<\/strong>, et comme le r\u00e9v\u00e8le le rappeur dans l&rsquo;interview, il s&rsquo;agit l\u00e0 d&rsquo;un des plus beaux moments de sa vie : impossible qu&rsquo;il vous arrive un truc aussi fou dans le rap que d&rsquo;\u00eatre valid\u00e9 par Eminem.<\/p><\/p>\n","protected":false},"excerpt":{"rendered":"Oui, vous avez lu dans le bon ordre : c&rsquo;est bien Eminem qui a demand\u00e9 \u00e0 Big Sean&hellip;\n","protected":false},"author":2,"featured_media":635571,"comment_status":"","ping_status":"","sticky":false,"template":"","format":"standard","meta":{"footnotes":""},"categories":[1355],"tags":[1111,67642,11,2163,58,59,1011,27,3612,3620,3606,3607,3605,3608,3617,3615,3609,1922,1361,873,12,2189,3658,1825,67643,3616,3656,67641,3619,3621,3611,3610,2955,3655],"class_list":{"0":"post-635570","1":"post","2":"type-post","3":"status-publish","4":"format-standard","5":"has-post-thumbnail","7":"category-musique","8":"tag-actu","9":"tag-actu-rap","10":"tag-actualites","11":"tag-chroniques","12":"tag-divertissement","13":"tag-entertainment","14":"tag-fr","15":"tag-france","16":"tag-freestyles","17":"tag-funk","18":"tag-generation","19":"tag-generation88-2","20":"tag-generations","21":"tag-generations88-2","22":"tag-hip-hop","23":"tag-hiphop","24":"tag-hiphopsoul","25":"tag-info","26":"tag-music","27":"tag-musique","28":"tag-news","29":"tag-photos","30":"tag-playlist","31":"tag-radio","32":"tag-radio-rap","33":"tag-rap","34":"tag-rapfr","35":"tag-rapus","36":"tag-reggae","37":"tag-rnb","38":"tag-sons","39":"tag-soul","40":"tag-videos","41":"tag-webradio"},"share_on_mastodon":{"url":"https:\/\/pubeurope.com\/@fr\/115823908139026429","error":""},"_links":{"self":[{"href":"https:\/\/www.europesays.com\/fr\/wp-json\/wp\/v2\/posts\/635570","targetHints":{"allow":["GET"]}}],"collection":[{"href":"https:\/\/www.europesays.com\/fr\/wp-json\/wp\/v2\/posts"}],"about":[{"href":"https:\/\/www.europesays.com\/fr\/wp-json\/wp\/v2\/types\/post"}],"author":[{"embeddable":true,"href":"https:\/\/www.europesays.com\/fr\/wp-json\/wp\/v2\/users\/2"}],"replies":[{"embeddable":true,"href":"https:\/\/www.europesays.com\/fr\/wp-json\/wp\/v2\/comments?post=635570"}],"version-history":[{"count":0,"href":"https:\/\/www.europesays.com\/fr\/wp-json\/wp\/v2\/posts\/635570\/revisions"}],"wp:featuredmedia":[{"embeddable":true,"href":"https:\/\/www.europesays.com\/fr\/wp-json\/wp\/v2\/media\/635571"}],"wp:attachment":[{"href":"https:\/\/www.europesays.com\/fr\/wp-json\/wp\/v2\/media?parent=635570"}],"wp:term":[{"taxonomy":"category","embeddable":true,"href":"https:\/\/www.europesays.com\/fr\/wp-json\/wp\/v2\/categories?post=635570"},{"taxonomy":"post_tag","embeddable":true,"href":"https:\/\/www.europesays.com\/fr\/wp-json\/wp\/v2\/tags?post=635570"}],"curies":[{"name":"wp","href":"https:\/\/api.w.org\/{rel}","templated":true}]}}