{"id":635605,"date":"2026-01-02T06:17:12","date_gmt":"2026-01-02T06:17:12","guid":{"rendered":"https:\/\/www.europesays.com\/fr\/635605\/"},"modified":"2026-01-02T06:17:12","modified_gmt":"2026-01-02T06:17:12","slug":"lincessant-essor-du-nord-de-la-metropole-ou-la-population-explose","status":"publish","type":"post","link":"https:\/\/www.europesays.com\/fr\/635605\/","title":{"rendered":"l&rsquo;incessant essor du nord de la M\u00e9tropole, o\u00f9 la population explose"},"content":{"rendered":"<p>                    Par<br \/>\n        <strong><br \/>\n            <a href=\"https:\/\/actu.fr\/auteur\/guillaume-laurens\" title=\"Consulter tous les articles de Guillaume Laurens\" target=\"_blank\" rel=\"noopener\">Guillaume Laurens<\/a><br \/>\n                    <\/strong><\/p>\n<p>        Publi\u00e9 le<\/p>\n<p>            2 janv. 2026 \u00e0 6h04        <\/p>\n<p>C\u2019est incontestablement devenu, au fil des ann\u00e9es, le coin de l\u2019agglom\u00e9ration qui gagne le plus d\u2019habitants\u2009: le <strong>nord de Toulouse<\/strong> a encore enregistr\u00e9, en cette fin d\u2019ann\u00e9e 2025, \u00e0 l\u2019occasion de <a href=\"https:\/\/actu.fr\/societe\/population-la-haute-garonne-est-le-departement-de-france-metropolitaine-qui-gagne-le-plus-d-habitants_63593477.html\" target=\"_blank\" rel=\"noopener\">la publication annuelle des chiffres du recensement<\/a>, les chiffres les plus importants en termes de <strong>hausse de la population<\/strong>.<\/p>\n<p>Saint-Jory n\u2019en finit plus de grossir<\/p>\n<p class=\" wall-content\">En t\u00eate de gondole\u2009? <strong>Saint-Jory<\/strong>. Avec d\u00e9sormais <strong>8\u2009662 \u00e2mes <\/strong>au 1er\u00a0janvier 2023 selon l\u2019Insee (qui publie toujours ces chiffres avec quasiment trois ans de d\u00e9calage, NDLR),<a href=\"https:\/\/actu.fr\/occitanie\/saint-jory_31490\/pres-de-toulouse-apres-la-tourmente-judiciaire-un-nouveau-maire-a-saint-jory_60412132.html\" target=\"_blank\" rel=\"noopener\"> la ville-champignon du nord de l\u2019agglom\u00e9ration \u2013 qui a chang\u00e9 de premier magistrat avec fracas en cours de mandat \u2013<\/a> a gagn\u00e9 pr\u00e8s de 700\u00a0habitants en un an, et <strong>plus de 3\u2009100 en six ans<\/strong>\u2009! Les Saint-Joryens n\u2019\u00e9taient en effet que 5\u2009797 en 2017. En six ans, Saint-Jory a accueilli 300 \u00e2mes de plus que Saint-Orens, pourtant tr\u00e8s attractive aussi et qui comptait deux fois plus d\u2019habitants en 2017\u2026<\/p>\n<p class=\" wall-content\">Avec <strong>6,9\u2009% de hausse moyenne<\/strong> de sa population entre\u00a02017 et\u00a02023, Saint-Jory est tout simplement LA ville qui gagne le plus d\u2019habitants en Haute-Garonne, et la 4e des 586\u00a0communes toutes confondues, derri\u00e8re trois petits villages.<\/p>\n<p>Cinq communes du nord-Toulousain au sommet du classement<\/p>\n<p class=\" wall-content\">Si l\u2019on ne consid\u00e8re que les communes de plus de 2\u2009000\u00a0habitants, les <strong>cinq premi\u00e8res<\/strong> du classement sont toutes situ\u00e9es dans le nord-Toulousain\u2009: <strong>Saint-Jory<\/strong> donc, mais aussi <strong>Gragnague <\/strong>(+ 5,8 %), <strong>Beauzelle<\/strong> (+ 5,3 %), <strong>Cornebarrieu<\/strong> (+ 5,3 %) et <strong>Mondonville<\/strong> (+ 4,9 %).<\/p>\n<p class=\" wall-content\">Outre ces cinq premi\u00e8res, dans le top\u00a020 des villes de plus de 2\u2009000\u00a0habitants, on retrouve six autres communes du nord-Toulousain\u2009: <strong>C\u00e9pet<\/strong> (2\u2009389, +\u00a04,1\u2009%), <strong>Rouffiac-Tolosan<\/strong> (2\u2009363, +\u00a03,3\u2009%), <strong>Merville<\/strong> (6\u2009760, +\u00a03,1\u2009%), <strong>Larra<\/strong> (2\u2009273, +\u00a03,1\u2009%), <strong>Lespinasse<\/strong> (3\u2009251, +\u00a02,9\u2009%) et <strong>Gratentour<\/strong> (4\u2009906, +\u00a02,8\u2009%).<\/p>\n<p>Les 10\u00a0communes de plus de 2\u2009000\u00a0habitants les plus attractives\u2009:<\/p>\n<p class=\" wall-content\">Parmi les 10\u00a0communes de plus de 2\u2009000\u00a0habitants qui gagnent le plus d\u2019habitants en Haute-Garonne, six sont dans le nord-Toulousain (en gras ci-dessous)\u2009:<\/p>\n<p>Votre r\u00e9gion, votre actu !<\/p>\n<p>Recevez chaque jour les infos qui comptent pour vous.<\/p>\n<p>\t<a href=\"https:\/\/actu.fr\/newsletter\" class=\"ac-btn ac-btn--corner ac-btn--medium ac-btn--blue800\" target=\"_blank\" rel=\"noopener\">S&rsquo;incrire<\/a><\/p>\n<ol class=\" wall-content\">\n<li><strong>Saint-Jory<\/strong>\u00a08\u2009662\u00a0habitants (+ 6,9 %)<\/li>\n<li><strong>Gragnague<\/strong>\u2009: 2\u2009553\u00a0habitants (+ 5,8 %)<\/li>\n<li><strong>Beauzelle<\/strong>\u2009: 8\u2009713\u00a0habitants (+ 5,3 %)<\/li>\n<li><strong>Cornebarrieu<\/strong>\u2009: 8\u2009978\u00a0habitants (+ 5,3 %)<\/li>\n<li><strong>Mondonville<\/strong>\u2009: 6\u2009060\u00a0habitants (+ 4,9 %)<\/li>\n<li>Sainte-Foy-d\u2019Aigrefeuille\u2009: 2\u2009576\u00a0habitants (+ 4,2 %)<\/li>\n<li><strong>C\u00e9pet<\/strong>\u2009: 2\u2009389\u00a0habitants (+ 4,1 %)<\/li>\n<li>Le Fauga\u2009: 2\u2009603\u00a0habitants (4,1\u2009%)<\/li>\n<li>Saint-Sauveur\u2009: 2\u2009243\u00a0habitants (+ 4,1 %)<\/li>\n<li>Lavernose-Lacasse\u2009: 3\u2009798\u00a0habitants (+ 3,7 %)<\/li>\n<\/ol>\n<p>\u00abOn a d\u00e9j\u00e0 atteint les 10\u2009000\u00a0habitants\u2009\u00bb, annonce le maire de Saint-Jory<\/p>\n<p class=\" wall-content\">La folle d\u00e9mographie de Saint-Jory\u2009? \u00ab\u2009Ce n\u2019est pas une surprise\u2009\u00bb, r\u00e9agit <strong>Victor Denouvion<\/strong>, maire (PS) de la commune depuis d\u00e9cembre\u00a02023, qui n\u2019y va pas avec le dos de la cuill\u00e8re\u2009: \u00ab\u2009C\u2019est la cons\u00e9quence de la politique de mon pr\u00e9d\u00e9cesseur. <a href=\"https:\/\/actu.fr\/occitanie\/saint-jory_31490\/l-ex-maire-de-saint-jory-thierry-fourcassier-libere-de-sa-detention-provisoire_61110747.html\" target=\"_blank\" rel=\"noopener\">Il y a une<strong> enqu\u00eate p\u00e9nale<\/strong><\/a> sur les conditions d\u2019octroi de tous ces permis\u2009\u00bb, rappelle l\u2019\u00e9dile.<\/p>\n<p class=\" wall-content\">En r\u00e9alit\u00e9, il y aurait d\u00e9j\u00e0 bien plus d\u2019habitants que les 8\u2009600 annonc\u00e9s, toujours selon Victor Denouvion, qui annonce la couleur \u00e0 ses administr\u00e9s\u2009: \u00ab\u2009On sait que ces chiffres sont sous-\u00e9valu\u00e9s, en raison de diff\u00e9rents crit\u00e8res de l\u2019Insee. Depuis notre arriv\u00e9e, il y a eu des livraisons de logements, on sait qu\u2019<strong>on a d\u00e9j\u00e0 atteint les 10\u2009000\u00a0habitants\u2026\u2009\u00bb<\/strong><\/p>\n<blockquote class=\"ac-article-quote wall-content\">\n<p>La population a quasiment doubl\u00e9 en dix ans \u00e0 Saint-Jory, o\u00f9 il y avait 5 000 habitants en 2014.<\/p>\n<p>    <strong>Victor Denouvion<\/strong><br \/>\n        Maire (PS) de Saint-Jory depuis fin 2023    <\/p><\/blockquote>\n<p>    <img   decoding=\"async\" loading=\"lazy\" src=\"https:\/\/www.europesays.com\/fr\/wp-content\/uploads\/2026\/01\/mairie-centre-saint-jory-dss-960x640.jpg\" alt=\"La population a quasiment doubl\u00e9 \u00e0 Saint-Jory en dix ans, observe le maire\" width=\"960\" height=\"640\"\/><br \/>\n    La population a quasiment doubl\u00e9 \u00e0 Saint-Jory en dix ans, observe le maire (\u00a9D.S.-S. \/ Actu Toulouse)\u00ab\u2009\u00c0 un moment, on va avoir un tassement\u2009\u00bb<\/p>\n<p class=\" wall-content\">Jusqu\u2019o\u00f9 ira Saint-Jory\u2009? Le maire rappelle avoir mis <strong>un frein \u00e0 l\u2019explosion d\u00e9mographique<\/strong> de sa commune, o\u00f9 il n\u2019y a plus \u00ab\u2009aucune op\u00e9ration immobili\u00e8re\u2009\u00bb.<\/p>\n<blockquote class=\"ac-article-quote wall-content\">\n<p>On a stopp\u00e9 l&rsquo;urbanisation fin 2023, cela veut dire qu&rsquo;\u00e0 un moment, on va avoir un tassement de la population \u00e0 Saint-Jory.<\/p>\n<p>    <strong>Victor Denouvion<\/strong>\n            <\/p><\/blockquote>\n<p class=\" wall-content\">Victor Denouvion le r\u00e9it\u00e8re\u2009: \u00ab\u2009Je ne signerai <strong>aucun permis de construire de promoteur d\u2019ici mars\u00a02026\u2009\u00bb.<\/strong><\/p>\n<p>\u00ab\u2009Une augmentation trop brutale\u2009\u00bb, dit le maire<\/p>\n<p class=\" wall-content\">Si le premier magistrat se r\u00e9jouit que \u00ab\u2009de nouveaux habitants choisissent Saint-Jory pour y vivre\u2009\u00bb, il regrette une<strong> \u00ab\u2009augmentation trop brutale\u2009\u00bb de la population,<\/strong> qui se traduit par des difficult\u00e9s de gestion importantes pour la municipalit\u00e9\u2009:<\/p>\n<blockquote class=\"ac-article-quote wall-content\">\n<p>D&rsquo;une part, les dotations de l&rsquo;\u00c9tat ne suivent pas forc\u00e9ment. De l&rsquo;autre, on manque d&rsquo;infrastructures. Cela n&rsquo;a pas \u00e9t\u00e9 anticip\u00e9 et je le regrette. En tant que maire, mon objectif est de cr\u00e9er les services publics d&rsquo;une ville de 10 000 habitants.<\/p>\n<p>    <strong>Victor Denouvion<\/strong>\n            <\/p><\/blockquote>\n<p>Pr\u00e8s d\u2019Airbus, au bord de l\u2019A62\u2009: un territoire tr\u00e8s attractif<\/p>\n<p class=\" wall-content\">Au-del\u00e0 de la gestion de l\u2019ancienne \u00e9quipe municipale, qui est toujours dans le viseur de la justice, Saint-Jory est <strong>une destination de choix<\/strong>. Bien situ\u00e9e au bord de l\u2019A62, la commune profite \u00e0 plein de l\u2019attractivit\u00e9 de l\u2019essor du nord-Toulousain\u2009: \u00ab\u2009La premi\u00e8re couronne est satur\u00e9e en termes de logements, alors les gens se tournent vers la deuxi\u00e8me, qui reste tr\u00e8s proche de Toulouse, mais aussi des sites d\u2019Airbus\u2009\u00bb, principale zone d\u2019emploi de la r\u00e9gion\u2026 Et de constater\u2009: \u00ab\u2009C\u2019est <strong>un territoire tr\u00e8s attractif\u2009\u00bb.<\/strong><\/p>\n<p>Le Muretain pousse tr\u00e8s fort aussi<\/p>\n<p>Dans une moindre mesure que le nord-Toulousain, un autre secteur de l&rsquo;agglom\u00e9ration attire aussi fortement la population : le Muretain, au sud de la Ville rose. Dans le Top 20 des villes de plus de 20 000 habitants les plus attractives, on retrouve ainsi sept communes du Muretain Agglo : Le Fauga (2 603 habitants, + 4,1 %), Saint-Sauveur (2 243, + 4,1 %), Lavernose-Lacasse (3 798, + 3,7 %), Roques (5 436, + 3,0 %), Le Vernet (3 381, + 2,8 %), Seysses (10 539, + 2,6 %) et enfin Venerque (2 974, + 2,6 %). D&rsquo;autres communes de moindre envergure attirent fortement aussi : Saint-Hilaire (1 807 habitants, et\u00a0600 de plus qu&rsquo;en 2017, soit + 6,8 %) fait quasiment jeu \u00e9gal avec Saint-Jory.<\/p>\n<p class=\" wall-content\">Personnalisez votre actualit\u00e9 en ajoutant vos villes et m\u00e9dias en favori avec <a href=\"https:\/\/moncompte.actu.fr\" title=\"D\u00e9couvez Mon Actu\" rel=\"nofollow noopener\" data-trk=\"{&quot;cta&quot;:{&quot;action&quot;:&quot;https:\\\/\\\/moncompte.actu.fr&quot;,&quot;category&quot;:&quot;mon compte&quot;,&quot;from&quot;:&quot;article footer&quot;,&quot;name&quot;:&quot;Mon actu&quot;,&quot;type&quot;:&quot;cta&quot;}}\" target=\"_blank\">Mon Actu<\/a>.<\/p>\n","protected":false},"excerpt":{"rendered":"Par Guillaume Laurens Publi\u00e9 le 2 janv. 2026 \u00e0 6h04 C\u2019est incontestablement devenu, au fil des ann\u00e9es, le&hellip;\n","protected":false},"author":2,"featured_media":635606,"comment_status":"","ping_status":"","sticky":false,"template":"","format":"standard","meta":{"footnotes":""},"categories":[2816],"tags":[1111,11,6969,1777,674,1011,27,12,2680,25,104,2312,1090],"class_list":{"0":"post-635605","1":"post","2":"type-post","3":"status-publish","4":"format-standard","5":"has-post-thumbnail","7":"category-toulouse","8":"tag-actu","9":"tag-actualites","10":"tag-demographie","11":"tag-eu","12":"tag-europe","13":"tag-fr","14":"tag-france","15":"tag-news","16":"tag-occitanie","17":"tag-republique-francaise","18":"tag-societe","19":"tag-toulouse","20":"tag-toulouse-metropole"},"share_on_mastodon":{"url":"https:\/\/pubeurope.com\/@fr\/115824049744593804","error":""},"_links":{"self":[{"href":"https:\/\/www.europesays.com\/fr\/wp-json\/wp\/v2\/posts\/635605","targetHints":{"allow":["GET"]}}],"collection":[{"href":"https:\/\/www.europesays.com\/fr\/wp-json\/wp\/v2\/posts"}],"about":[{"href":"https:\/\/www.europesays.com\/fr\/wp-json\/wp\/v2\/types\/post"}],"author":[{"embeddable":true,"href":"https:\/\/www.europesays.com\/fr\/wp-json\/wp\/v2\/users\/2"}],"replies":[{"embeddable":true,"href":"https:\/\/www.europesays.com\/fr\/wp-json\/wp\/v2\/comments?post=635605"}],"version-history":[{"count":0,"href":"https:\/\/www.europesays.com\/fr\/wp-json\/wp\/v2\/posts\/635605\/revisions"}],"wp:featuredmedia":[{"embeddable":true,"href":"https:\/\/www.europesays.com\/fr\/wp-json\/wp\/v2\/media\/635606"}],"wp:attachment":[{"href":"https:\/\/www.europesays.com\/fr\/wp-json\/wp\/v2\/media?parent=635605"}],"wp:term":[{"taxonomy":"category","embeddable":true,"href":"https:\/\/www.europesays.com\/fr\/wp-json\/wp\/v2\/categories?post=635605"},{"taxonomy":"post_tag","embeddable":true,"href":"https:\/\/www.europesays.com\/fr\/wp-json\/wp\/v2\/tags?post=635605"}],"curies":[{"name":"wp","href":"https:\/\/api.w.org\/{rel}","templated":true}]}}