{"id":635609,"date":"2026-01-02T06:22:20","date_gmt":"2026-01-02T06:22:20","guid":{"rendered":"https:\/\/www.europesays.com\/fr\/635609\/"},"modified":"2026-01-02T06:22:20","modified_gmt":"2026-01-02T06:22:20","slug":"deces-a-marseille-enfant-blesse-et-commissariat-vise-par-des-tirs-de-mortier-le-bilan-des-heurts-en-marge-du-nouvel-an-actualites","status":"publish","type":"post","link":"https:\/\/www.europesays.com\/fr\/635609\/","title":{"rendered":"D\u00e9c\u00e8s \u00e0 Marseille, enfant bless\u00e9 et commissariat vis\u00e9 par des tirs de mortier\u2026 : le bilan des heurts en marge du Nouvel An : Actualit\u00e9s"},"content":{"rendered":"<p class=\"lead \"><strong>Apr\u00e8s une soir\u00e9e du Nouvel An mouvement\u00e9e en France, Le Parisien dresse le bilan des violences, ce jeudi 1er janvier 2026.<\/strong><\/p>\n<p class=\"lead \">Comme chaque ann\u00e9e, les festivit\u00e9s du Nouvel An, dans la nuit du 31 d\u00e9cembre au 1er janvier, ont \u00e9t\u00e9 ponctu\u00e9es de violences. Un bilan provisoire relay\u00e9 par <a href=\"https:\/\/www.leparisien.fr\/faits-divers\/nouvel-an-de-nombreux-vehicules-brules-et-plusieurs-affrontements-avec-les-forces-de-lordre-en-marge-des-festivites-01-01-2026-6VLUPFE24BAS7PX5VQDSQNO3JQ.php\" target=\"_blank\" rel=\"noopener\">Le Parisien<\/a>, en d\u00e9but de journ\u00e9e ce jeudi 1er janvier, dresse une premi\u00e8re esquisse des heurts de la soir\u00e9e.<\/p>\n<p class=\"lead \">En Loire-Atlantique, par exemple, le commissariat de Rez\u00e9 a \u00e9t\u00e9 vis\u00e9 par des tirs de mortiers. \u00c0 Saint-Herblain et \u00e0 Nantes, des v\u00e9hicules ont \u00e9galement \u00e9t\u00e9 incendi\u00e9s. Le <a href=\"https:\/\/www.leparisien.fr\/faits-divers\/nouvel-an-de-nombreux-vehicules-brules-et-plusieurs-affrontements-avec-les-forces-de-lordre-en-marge-des-festivites-01-01-2026-6VLUPFE24BAS7PX5VQDSQNO3JQ.php\" target=\"_blank\" rel=\"noopener\">bilan en milieu de journ\u00e9e<\/a> est encore plus lourd. \u00c0 Marseille (Bouches-du-Rh\u00f4ne), un homme est d\u00e9c\u00e9d\u00e9 apr\u00e8s avoir re\u00e7u cinq coups de couteau au thorax. La victime, \u00e2g\u00e9e de 36 ans, \u00e9tait connue de la justice. \u00c0 Chelles (Seine-et-Marne), un enfant de 12 ans a \u00e9t\u00e9 retrouv\u00e9 avec trois doigts en moins apr\u00e8s avoir manipul\u00e9 des engins pyrotechniques.<\/p>\n<p>                                                                                                Nuit particuli\u00e8rement agit\u00e9e \u00e0 Strasbourg<\/p>\n<p class=\"lead \">\u00c0 Nice (Alpes-Maritimes), \u00ab\u00a0plusieurs\u00a0\u00bb v\u00e9hicules ont \u00e9t\u00e9 incendi\u00e9s et les forces de l&rsquo;ordre comptent \u00ab\u00a0beaucoup\u00a0\u00bb d\u2019affrontements et d\u2019arrestations. Un policier a \u00e9t\u00e9 \u00ab\u00a0l\u00e9g\u00e8rement\u00a0\u00bb bless\u00e9. \u00c0 N\u00eemes (Gard), \u00ab\u00a0cinq ou six\u00a0\u00bb feux de voitures se sont d\u00e9clench\u00e9s.<\/p>\n<p class=\"lead \">Les arrestations se sont succ\u00e9d\u00e9 \u00e0 Paris, o\u00f9 125 personnes, dont une femme et 15 mineurs, ont \u00e9t\u00e9 plac\u00e9es en garde \u00e0 vue, d\u00e9taille le parquet de Paris. Dans le VIIIe arrondissement de la capitale, cinq personnes ont \u00e9t\u00e9 interpell\u00e9es apr\u00e8s des jets de bouteilles en verre sur des v\u00e9hicules en stationnement et sur la voie publique. Parmi ces personnes, l&rsquo;une d&rsquo;elles a cri\u00e9 \u00ab\u00a0Allahu akbar\u00a0\u00bb au moment de l&rsquo;intervention de la police.<\/p>\n<p class=\"lead \">Mais c&rsquo;est peut-\u00eatre \u00e0 Strasbourg (Bas-Rhin) que la soir\u00e9e a \u00e9t\u00e9 la plus agit\u00e9e. On y compte pas moins de 101 v\u00e9hicules br\u00fbl\u00e9s dans l\u2019agglom\u00e9ration, 30 interpellations, et 25 agents de police bless\u00e9s. Un jet de mortier a \u00e9galement embras\u00e9 un appartement. Plusieurs v\u00e9hicules ont aussi \u00e9t\u00e9 incendi\u00e9s \u00e0 Colmar et \u00e0 Mulhouse.<\/p>\n<p>                                                                                                Des policiers vis\u00e9s par des tirs de mortier<\/p>\n<p class=\"lead \">Nos confr\u00e8res relevaient \u00e9galement en d\u00e9but de journ\u00e9e des affrontements avec des membres des forces de l&rsquo;ordre \u00e0 Bordeaux (Gironde), alors que des CRS ont \u00e9t\u00e9 vis\u00e9s par des tirs de projectiles \u00e0 Mantes-la-Jolie (Yvelines), o\u00f9 une quinzaine, au moins, de v\u00e9hicules ont \u00e9t\u00e9 br\u00fbl\u00e9s. Aucun membre des forces de l&rsquo;ordre n&rsquo;a \u00e9t\u00e9 bless\u00e9. Dans les Yvelines, 28 v\u00e9hicules ont aussi \u00e9t\u00e9 br\u00fbl\u00e9s. M\u00eame sc\u00e9nario dans l&rsquo;Essonne et dans le Haut-Rhin, o\u00f9 la soir\u00e9e a \u00e9t\u00e9 ponctu\u00e9e de tirs de mortiers destin\u00e9s aux forces de l&rsquo;ordre et plusieurs dizaines de v\u00e9hicules ont \u00e9t\u00e9 incendi\u00e9s.<\/p>\n<p class=\"lead \">\u00c0 Rennes (Ille-et-Vilaine), les tensions \u00e9taient \u00e0 leur comble lors de l&rsquo;intervention de la police pour \u00ab\u00a0faire cesser un attroupement d\u2019une centaine d\u2019individus ayant allum\u00e9 un feu\u00a0\u00bb. Ces derniers ont r\u00e9pondu en \u00ab\u00a0jetant de nombreux projectiles et tirant des mortiers d\u2019artifice sur les policiers\u00a0\u00bb avant que les policiers ne r\u00e9pondent en faisant usage de gaz lacrymog\u00e8ne. Un policier a \u00e9t\u00e9 l\u00e9g\u00e8rement bless\u00e9 au bras.<\/p>\n<p>                                                                                                90 000 policiers mobilis\u00e9s dans le pays<\/p>\n<p class=\"lead \">En amont des festivit\u00e9s, Laurent Nu\u00f1ez, ministre de l\u2019Int\u00e9rieur, a demand\u00e9 aux pr\u00e9fets \u00ab\u00a0une extr\u00eame fermet\u00e9\u00a0\u00bb face aux d\u00e9bordements attendus. Il annon\u00e7ait \u00e9galement la <a href=\"https:\/\/actu.orange.fr\/france\/festivites-du-nouvel-an-90-000-policiers-et-gendarmes-mobilises-magic-CNT000002mpuCj.html\" target=\"_blank\" rel=\"noopener\">mobilisation de 90 000 policiers<\/a> et gendarmes au total, dont 10 000 \u00e0 Paris.<\/p>\n<p class=\"lead \">\u00ab\u00a0La nuit de la Saint-Sylvestre, il y a beaucoup de gens qui sortent dans la rue pour f\u00eater le passage \u00e0 la nouvelle ann\u00e9e. Il faut donc s\u00e9curiser toutes ces personnes\u00a0\u00bb, avait expliqu\u00e9 le ministre sur les ondes de <a href=\"https:\/\/www.radiofrance.fr\/franceinter\/podcasts\/l-invite-de-8h20-le-grand-entretien\/l-invite-de-8h20-le-grand-entretien-du-mardi-30-decembre-2025-2804177\" target=\"_blank\" rel=\"noopener\">France Inter<\/a>, mardi 30 d\u00e9cembre, \u00ab\u00a0Et puis il y a les traditionnelles violences urbaines de fin d\u2019ann\u00e9e qui se d\u00e9roulent dans certains quartiers, o\u00f9 il y a des jets de mortier contre les forces de l\u2019ordre\u2026\u00a0\u00bb Cette ann\u00e9e encore, la soir\u00e9e n&rsquo;a pas d\u00e9rog\u00e9 \u00e0 la tradition.<\/p>\n<p class=\"small font-weight-bold text-gray3 \"> publi\u00e9 le 1 janvier \u00e0 18h59, Shad De Bary, 6M\u00e9dias<\/p>\n<p>                             Partager<\/p>\n","protected":false},"excerpt":{"rendered":"Apr\u00e8s une soir\u00e9e du Nouvel An mouvement\u00e9e en France, Le Parisien dresse le bilan des violences, ce jeudi&hellip;\n","protected":false},"author":2,"featured_media":635610,"comment_status":"","ping_status":"","sticky":false,"template":"","format":"standard","meta":{"footnotes":""},"categories":[2814],"tags":[1111,11,1777,674,1011,27,884,12,882,25],"class_list":{"0":"post-635609","1":"post","2":"type-post","3":"status-publish","4":"format-standard","5":"has-post-thumbnail","7":"category-marseille","8":"tag-actu","9":"tag-actualites","10":"tag-eu","11":"tag-europe","12":"tag-fr","13":"tag-france","14":"tag-marseille","15":"tag-news","16":"tag-provence-alpes-cote-dazur","17":"tag-republique-francaise"},"share_on_mastodon":{"url":"https:\/\/pubeurope.com\/@fr\/115824069361045462","error":""},"_links":{"self":[{"href":"https:\/\/www.europesays.com\/fr\/wp-json\/wp\/v2\/posts\/635609","targetHints":{"allow":["GET"]}}],"collection":[{"href":"https:\/\/www.europesays.com\/fr\/wp-json\/wp\/v2\/posts"}],"about":[{"href":"https:\/\/www.europesays.com\/fr\/wp-json\/wp\/v2\/types\/post"}],"author":[{"embeddable":true,"href":"https:\/\/www.europesays.com\/fr\/wp-json\/wp\/v2\/users\/2"}],"replies":[{"embeddable":true,"href":"https:\/\/www.europesays.com\/fr\/wp-json\/wp\/v2\/comments?post=635609"}],"version-history":[{"count":0,"href":"https:\/\/www.europesays.com\/fr\/wp-json\/wp\/v2\/posts\/635609\/revisions"}],"wp:featuredmedia":[{"embeddable":true,"href":"https:\/\/www.europesays.com\/fr\/wp-json\/wp\/v2\/media\/635610"}],"wp:attachment":[{"href":"https:\/\/www.europesays.com\/fr\/wp-json\/wp\/v2\/media?parent=635609"}],"wp:term":[{"taxonomy":"category","embeddable":true,"href":"https:\/\/www.europesays.com\/fr\/wp-json\/wp\/v2\/categories?post=635609"},{"taxonomy":"post_tag","embeddable":true,"href":"https:\/\/www.europesays.com\/fr\/wp-json\/wp\/v2\/tags?post=635609"}],"curies":[{"name":"wp","href":"https:\/\/api.w.org\/{rel}","templated":true}]}}