{"id":635611,"date":"2026-01-02T06:23:16","date_gmt":"2026-01-02T06:23:16","guid":{"rendered":"https:\/\/www.europesays.com\/fr\/635611\/"},"modified":"2026-01-02T06:23:16","modified_gmt":"2026-01-02T06:23:16","slug":"comment-lyon-est-devenu-le-laboratoire-du-sans-alcool","status":"publish","type":"post","link":"https:\/\/www.europesays.com\/fr\/635611\/","title":{"rendered":"comment Lyon est devenu le laboratoire du sans alcool"},"content":{"rendered":"<p>Rue Romarin dans le 1\u1d49\u02b3 arrondissement de Lyon, une nouvelle enseigne attire depuis mi-d\u00e9cembre une client\u00e8le curieuse. \u00c0 l\u2019int\u00e9rieur, les mixtures prennent forme\u00a0: un fumet d\u2019orange br\u00fbl\u00e9e, quelques gouttes de spiritueux, deux trois coups de shaker et le tour est jou\u00e9. Le 17\u00a0d\u00e9cembre dernier, Rudy Guittard a ouvert Deuxi\u00e8me verre (4 rue Romarin), un bar enti\u00e8rement d\u00e9di\u00e9 au sans alcool.<\/p>\n<p>Plasticien de formation, pass\u00e9 par le monde du th\u00e9 chez Dammann Fr\u00e8res, il ne revendique ni abstinence militante, ni rejet de l\u2019alcool. \u00ab\u00a0Je bois encore de temps en temps. Ce que je veux, c\u2019est donner plus de choix aux gens et, \u00e0 terme, sortir de cette image uniquement \u201chealthy\u201d et fade du sans alcool\u00a0\u00bb, explique-t-il.<\/p>\n<p>\u00ab\u00a0C\u2019est un vrai terrain de cr\u00e9ativit\u00e9\u00a0\u00bb<\/p>\n<p>Selon lui, l\u2019offre&#8230;<\/p>\n","protected":false},"excerpt":{"rendered":"Rue Romarin dans le 1\u1d49\u02b3 arrondissement de Lyon, une nouvelle enseigne attire depuis mi-d\u00e9cembre une client\u00e8le curieuse. \u00c0&hellip;\n","protected":false},"author":2,"featured_media":635612,"comment_status":"","ping_status":"","sticky":false,"template":"","format":"standard","meta":{"footnotes":""},"categories":[1889],"tags":[1111,11,2430,4406,1687,33,2757,1777,674,107,1011,27,2428,2756,6016,12,25,2429,4604,3151,6182],"class_list":{"0":"post-635611","1":"post","2":"type-post","3":"status-publish","4":"format-standard","5":"has-post-thumbnail","7":"category-lyon","8":"tag-actu","9":"tag-actualites","10":"tag-auvergne-rhone-alpes","11":"tag-commerce-et-services","12":"tag-culture-loisirs","13":"tag-economie","14":"tag-edition-lyon-villeurbanne","15":"tag-eu","16":"tag-europe","17":"tag-fil-info","18":"tag-fr","19":"tag-france","20":"tag-lyon","21":"tag-lyon-bassin","22":"tag-magazine-cuisine-et-vins","23":"tag-news","24":"tag-republique-francaise","25":"tag-rhone","26":"tag-selection-abonne","27":"tag-selection-de-la-redaction-69","28":"tag-vins-et-viticulture"},"share_on_mastodon":{"url":"https:\/\/pubeurope.com\/@fr\/115824073303627601","error":""},"_links":{"self":[{"href":"https:\/\/www.europesays.com\/fr\/wp-json\/wp\/v2\/posts\/635611","targetHints":{"allow":["GET"]}}],"collection":[{"href":"https:\/\/www.europesays.com\/fr\/wp-json\/wp\/v2\/posts"}],"about":[{"href":"https:\/\/www.europesays.com\/fr\/wp-json\/wp\/v2\/types\/post"}],"author":[{"embeddable":true,"href":"https:\/\/www.europesays.com\/fr\/wp-json\/wp\/v2\/users\/2"}],"replies":[{"embeddable":true,"href":"https:\/\/www.europesays.com\/fr\/wp-json\/wp\/v2\/comments?post=635611"}],"version-history":[{"count":0,"href":"https:\/\/www.europesays.com\/fr\/wp-json\/wp\/v2\/posts\/635611\/revisions"}],"wp:featuredmedia":[{"embeddable":true,"href":"https:\/\/www.europesays.com\/fr\/wp-json\/wp\/v2\/media\/635612"}],"wp:attachment":[{"href":"https:\/\/www.europesays.com\/fr\/wp-json\/wp\/v2\/media?parent=635611"}],"wp:term":[{"taxonomy":"category","embeddable":true,"href":"https:\/\/www.europesays.com\/fr\/wp-json\/wp\/v2\/categories?post=635611"},{"taxonomy":"post_tag","embeddable":true,"href":"https:\/\/www.europesays.com\/fr\/wp-json\/wp\/v2\/tags?post=635611"}],"curies":[{"name":"wp","href":"https:\/\/api.w.org\/{rel}","templated":true}]}}