{"id":635613,"date":"2026-01-02T06:24:12","date_gmt":"2026-01-02T06:24:12","guid":{"rendered":"https:\/\/www.europesays.com\/fr\/635613\/"},"modified":"2026-01-02T06:24:12","modified_gmt":"2026-01-02T06:24:12","slug":"lyon-3e-force-est-de-constater-que-nous-navons-pas-toujours-ete-entendus-regrette-lassociation-jaime-montchat","status":"publish","type":"post","link":"https:\/\/www.europesays.com\/fr\/635613\/","title":{"rendered":"Lyon 3e. \u00ab\u00a0Force est de constater que nous n\u2019avons pas toujours \u00e9t\u00e9 entendus\u00a0\u00bb, regrette l&rsquo;association J&rsquo;Aime Montchat"},"content":{"rendered":"<p>Elle a \u00e9t\u00e9 une pr\u00e9sidente plut\u00f4t tr\u00e8s active pendant quatre ans. Mais son mandat qui s\u2019est achev\u00e9 ce 31\u00a0d\u00e9cembre 2025 ainsi que celui d\u2019une partie des membres du bureau de l\u2019association J\u2019aime Montchat reste associ\u00e9 pour une bonne part \u00e0 un projet\u00a0: l\u2019am\u00e9nagement de la Voie Lyonnaise 12. \u00ab\u00a0Ensemble, nous avons fait de notre mieux pour agir en faveur d\u2019une \u00e9volution globale de Montchat plus \u00e9quilibr\u00e9e et qualitative, au b\u00e9n\u00e9fice de tous\u00a0\u00bb, \u00e9crit H\u00e9l\u00e8ne Baronnier dans un message de fin de mandat.<\/p>\n<p>Cr\u00e9\u00e9e en 2018 cette association s\u2019est fix\u00e9 un objectif\u00a0: \u00ab\u00a0accompagner le d\u00e9veloppement urbanistique de Montchat en pr\u00e9servant ensemble l\u2019identit\u00e9 de ce beau quartier singulier de Lyon\u00a0\u00bb.<\/p>\n<p>\u00ab\u00a0Ces deux mandats furent denses, exigeants\u00a0\u00bb<\/p>\n<p>Et c\u2019est bien dans cette perspective que les membres de cette association du 3e arrondissement ont \u0153uvr\u00e9 presque sans rel\u00e2che,&#8230;<\/p>\n","protected":false},"excerpt":{"rendered":"Elle a \u00e9t\u00e9 une pr\u00e9sidente plut\u00f4t tr\u00e8s active pendant quatre ans. Mais son mandat qui s\u2019est achev\u00e9 ce&hellip;\n","protected":false},"author":2,"featured_media":635614,"comment_status":"","ping_status":"","sticky":false,"template":"","format":"standard","meta":{"footnotes":""},"categories":[1889],"tags":[1111,11,2430,4749,3542,33,2757,1777,674,1011,27,2428,4751,4750,12,25,104,2803,1631],"class_list":{"0":"post-635613","1":"post","2":"type-post","3":"status-publish","4":"format-standard","5":"has-post-thumbnail","7":"category-lyon","8":"tag-actu","9":"tag-actualites","10":"tag-auvergne-rhone-alpes","11":"tag-btp-et-chantiers","12":"tag-circulation","13":"tag-economie","14":"tag-edition-lyon-villeurbanne","15":"tag-eu","16":"tag-europe","17":"tag-fr","18":"tag-france","19":"tag-lyon","20":"tag-lyon-3e","21":"tag-lyon-3e-arrondissement","22":"tag-news","23":"tag-republique-francaise","24":"tag-societe","25":"tag-transport","26":"tag-vie-associative"},"share_on_mastodon":{"url":"https:\/\/pubeurope.com\/@fr\/115824077187270168","error":""},"_links":{"self":[{"href":"https:\/\/www.europesays.com\/fr\/wp-json\/wp\/v2\/posts\/635613","targetHints":{"allow":["GET"]}}],"collection":[{"href":"https:\/\/www.europesays.com\/fr\/wp-json\/wp\/v2\/posts"}],"about":[{"href":"https:\/\/www.europesays.com\/fr\/wp-json\/wp\/v2\/types\/post"}],"author":[{"embeddable":true,"href":"https:\/\/www.europesays.com\/fr\/wp-json\/wp\/v2\/users\/2"}],"replies":[{"embeddable":true,"href":"https:\/\/www.europesays.com\/fr\/wp-json\/wp\/v2\/comments?post=635613"}],"version-history":[{"count":0,"href":"https:\/\/www.europesays.com\/fr\/wp-json\/wp\/v2\/posts\/635613\/revisions"}],"wp:featuredmedia":[{"embeddable":true,"href":"https:\/\/www.europesays.com\/fr\/wp-json\/wp\/v2\/media\/635614"}],"wp:attachment":[{"href":"https:\/\/www.europesays.com\/fr\/wp-json\/wp\/v2\/media?parent=635613"}],"wp:term":[{"taxonomy":"category","embeddable":true,"href":"https:\/\/www.europesays.com\/fr\/wp-json\/wp\/v2\/categories?post=635613"},{"taxonomy":"post_tag","embeddable":true,"href":"https:\/\/www.europesays.com\/fr\/wp-json\/wp\/v2\/tags?post=635613"}],"curies":[{"name":"wp","href":"https:\/\/api.w.org\/{rel}","templated":true}]}}