{"id":635617,"date":"2026-01-02T06:27:09","date_gmt":"2026-01-02T06:27:09","guid":{"rendered":"https:\/\/www.europesays.com\/fr\/635617\/"},"modified":"2026-01-02T06:27:09","modified_gmt":"2026-01-02T06:27:09","slug":"grand-paris-express-villeneuve-saint-georges-en-pleine-campagne-pour-etre-desservie-par-la-ligne-18-du-metro","status":"publish","type":"post","link":"https:\/\/www.europesays.com\/fr\/635617\/","title":{"rendered":"Grand Paris Express. Villeneuve-Saint-Georges en pleine campagne pour \u00eatre desservie par la ligne 18 du m\u00e9tro"},"content":{"rendered":"<p>                    Par<br \/>\n        <strong><br \/>\n            <a href=\"https:\/\/actu.fr\/auteur\/marie-amelie-marchal\" title=\"Consulter tous les articles de Marie Amelie Marchal\" target=\"_blank\" rel=\"noopener\">Marie Amelie Marchal<\/a><br \/>\n                    <\/strong><\/p>\n<p>        Publi\u00e9 le<\/p>\n<p>            2 janv. 2026 \u00e0 7h14        <\/p>\n<p>D\u00e9but d\u00e9cembre\u00a02025, la commune de <a href=\"https:\/\/actu.fr\/ile-de-france\/villeneuve-saint-georges_94078\" target=\"_blank\" rel=\"noopener\">Villeneuve-Saint-Georges<\/a> (Val-de-Marne) a lanc\u00e9 une p\u00e9tition pour \u00eatre desservie par la <a href=\"https:\/\/actu.fr\/ile-de-france\/sevres_92072\/grand-paris-express-les-nouvelles-dates-de-mise-en-service-des-lignes-15-sud-16-et-17-devoilees_63552121.html\" target=\"_blank\" rel=\"noopener\">ligne 18<\/a> du m\u00e9tro en cas de prolongement du <a href=\"https:\/\/actu.fr\/tag\/grand-paris-express\" target=\"_blank\" rel=\"noopener\">Grand Paris Express<\/a> entre Orly et Boissy-Saint-L\u00e9ger. Une desserte justifi\u00e9e par le passage du <a href=\"https:\/\/actu.fr\/societe\/video-on-etait-presses-que-ca-arrive-l-ile-de-france-decouvre-son-premier-telepherique-le-cable-c1_63573734.html#:~:text=L&#039;installation%20de%204%2C5km,ce%20samedi%2013%20d%C3%A9cembre%202025.\" target=\"_blank\" rel=\"noopener\">c\u00e2ble C1<\/a>, tout juste inaugur\u00e9.<\/p>\n<p>D\u00e9sengorger la ville et la rendre plus attractive<\/p>\n<p class=\" wall-content\">Le<strong> trac\u00e9 actuel<\/strong> pr\u00e9voit la desserte de Versailles \u2013 Chantiers, Satory, Guyancourt, Christ de Saclay, Universit\u00e9 Paris-Saclay, Polytechnique, Massy Palaiseau, Massy Op\u00e9ra, Antonypole Wissous Centre et l\u2019a\u00e9roport d\u2019Orly. Et alors que les essais ont d\u00e9marr\u00e9 il y a peu sur le <a href=\"https:\/\/actu.fr\/ile-de-france\/orsay_91471\/grand-paris-express-les-essais-de-la-ligne-18-du-metro-ont-demarre-sur-le-viaduc-en-essonne_63608635.html\" target=\"_blank\" rel=\"noopener\">viaduc en Essonne<\/a>, des voix s\u2019\u00e9l\u00e8vent pour tenter de figurer sur la carte en cas de prolongement.<\/p>\n<p class=\" wall-content\">C\u2019est le cas de Villeneuve-Saint-Georges qui milite pour un prolongement de la ligne vers Boissy-Saint-L\u00e9ger et une desserte de la commune. Parmi les arguments \u00e9voqu\u00e9s par <a href=\"https:\/\/actu.fr\/ile-de-france\/villeneuve-saint-georges_94078\/en-un-an-il-n-y-aura-pas-de-miracle-a-villeneuve-saint-georges-kristell-niasme-entre-enfin-en-fonction_62228571.html\" target=\"_blank\" rel=\"noopener\">Kristell Niasme<\/a>, maire LR, cet arr\u00eat permettrait de d\u00e9sengorger la ville, d\u2019en baisser la pollution, de rendre le quartier du Bois Matar plus attractif et de faciliter les d\u00e9placements en lien avec le c\u00e2ble C1.<\/p>\n<p class=\" wall-content\">Du c\u00f4t\u00e9 de la Soci\u00e9t\u00e9 des Grands Projets, sollicit\u00e9e par actu Paris, on ne fait \u00ab\u2009aucun commentaire\u2009\u00bb. Pr\u00e9cisant tout de m\u00eame de l\u2019extension de la ligne, dont le premier tron\u00e7on (entre Massy-Palaiseau et Christ de Saclay) devrait entrer en service en octobre\u00a02026, est une <a href=\"https:\/\/actu.fr\/societe\/prolonger-la-ligne-18-a-l-est-d-orly-decouvrez-la-proposition-ambitieuse-de-l-essonne-et-du-val-de-marne_62799818.html\" target=\"_blank\" rel=\"noopener\">initiative port\u00e9e par les d\u00e9partements<\/a> de l\u2019Essonne et du Val-de-Marne depuis juin\u00a02025.<\/p>\n<p class=\" wall-content\">Pour appuyer leur demande, une \u00e9tude avait \u00e9t\u00e9 r\u00e9alis\u00e9e afin de proposer<strong> neuf nouveaux arr\u00eats<\/strong> connect\u00e9s \u00e0 d\u2019autres moyens de transport dits \u00ab\u2009lourds\u2009\u00bb (m\u00e9tro, RER, tram et le futur t\u00e9l\u00e9ph\u00e9rique C1)\u2009: Paray-Vieille-Poste (gare du futur tram T7), Athis-Mons (RERC), Vigneux-sur-Seine (RER D), Vigneux-Montgeron-Glaci\u00e8re, Montgeron Crosne (RER D), Crosne, La V\u00e9g\u00e9tale-Valenton (C1), Limeil-Br\u00e9vannes et enfin Boissy-Saint-L\u00e9ger (RER A).<\/p>\n<p>\u00ab\u2009\u00c0 ce stade, rien n\u2019est arr\u00eat\u00e9\u2009\u00bb<\/p>\n<p class=\" wall-content\">Du c\u00f4t\u00e9 d\u2019IDFM, \u00ab\u2009le prolongement de la ligne 18 vers Montgeron-Crosne et Boissy-Saint-L\u00e9ger est bien inscrit au sch\u00e9ma directeur de la R\u00e9gion \u00cele-de-France et fait actuellement l\u2019objet d\u2019\u00e9tudes, comme annonc\u00e9 en juillet dernier\u2009\u00bb. <strong>\u00c0\u00a0ce stade, rien n\u2019est arr\u00eat\u00e9<\/strong>, et les \u00e9tudes lanc\u00e9es vont permettre de pr\u00e9ciser les trac\u00e9s envisageables et d\u2019appr\u00e9cier les conditions de faisabilit\u00e9, les co\u00fbts et l\u2019opportunit\u00e9 des projets.<\/p>\n<p class=\" wall-content\">Ajoutant qu\u2019\u00ab\u2009un passage de la ligne par Villeneuve-Saint-Georges <strong>sera envisag\u00e9<\/strong> lors de la premi\u00e8re phase de l\u2019\u00e9tude (diagnostic territorial et diagnostic technique), phase qui permettra d\u2019identifier les trac\u00e9s \u00e0 approfondir dans la deuxi\u00e8me phase (faisabilit\u00e9, co\u00fbts, opportunit\u00e9)\u2009\u00bb.<\/p>\n<p class=\" wall-content\">Personnalisez votre actualit\u00e9 en ajoutant vos villes et m\u00e9dias en favori avec <a href=\"https:\/\/moncompte.actu.fr\" title=\"D\u00e9couvez Mon Actu\" rel=\"nofollow noopener\" data-trk=\"{&quot;cta&quot;:{&quot;action&quot;:&quot;https:\\\/\\\/moncompte.actu.fr&quot;,&quot;category&quot;:&quot;mon compte&quot;,&quot;from&quot;:&quot;article footer&quot;,&quot;name&quot;:&quot;Mon actu&quot;,&quot;type&quot;:&quot;cta&quot;}}\" target=\"_blank\">Mon Actu<\/a>.<\/p>\n","protected":false},"excerpt":{"rendered":"Par Marie Amelie Marchal Publi\u00e9 le 2 janv. 2026 \u00e0 7h14 D\u00e9but d\u00e9cembre\u00a02025, la commune de Villeneuve-Saint-Georges (Val-de-Marne)&hellip;\n","protected":false},"author":2,"featured_media":635618,"comment_status":"","ping_status":"","sticky":false,"template":"","format":"standard","meta":{"footnotes":""},"categories":[1888],"tags":[1111,1928,11,1927,69713,1777,674,1011,27,12284,4047,12,1926,626,1925,25,104],"class_list":{"0":"post-635617","1":"post","2":"type-post","3":"status-publish","4":"format-standard","5":"has-post-thumbnail","7":"category-paris","8":"tag-actu","9":"tag-actu-paris","10":"tag-actualites","11":"tag-actualites-paris","12":"tag-cable-c1","13":"tag-eu","14":"tag-europe","15":"tag-fr","16":"tag-france","17":"tag-grand-paris-express","18":"tag-metro","19":"tag-news","20":"tag-news-paris","21":"tag-paris","22":"tag-paris-news","23":"tag-republique-francaise","24":"tag-societe"},"share_on_mastodon":{"url":"https:\/\/pubeurope.com\/@fr\/115824089361422080","error":""},"_links":{"self":[{"href":"https:\/\/www.europesays.com\/fr\/wp-json\/wp\/v2\/posts\/635617","targetHints":{"allow":["GET"]}}],"collection":[{"href":"https:\/\/www.europesays.com\/fr\/wp-json\/wp\/v2\/posts"}],"about":[{"href":"https:\/\/www.europesays.com\/fr\/wp-json\/wp\/v2\/types\/post"}],"author":[{"embeddable":true,"href":"https:\/\/www.europesays.com\/fr\/wp-json\/wp\/v2\/users\/2"}],"replies":[{"embeddable":true,"href":"https:\/\/www.europesays.com\/fr\/wp-json\/wp\/v2\/comments?post=635617"}],"version-history":[{"count":0,"href":"https:\/\/www.europesays.com\/fr\/wp-json\/wp\/v2\/posts\/635617\/revisions"}],"wp:featuredmedia":[{"embeddable":true,"href":"https:\/\/www.europesays.com\/fr\/wp-json\/wp\/v2\/media\/635618"}],"wp:attachment":[{"href":"https:\/\/www.europesays.com\/fr\/wp-json\/wp\/v2\/media?parent=635617"}],"wp:term":[{"taxonomy":"category","embeddable":true,"href":"https:\/\/www.europesays.com\/fr\/wp-json\/wp\/v2\/categories?post=635617"},{"taxonomy":"post_tag","embeddable":true,"href":"https:\/\/www.europesays.com\/fr\/wp-json\/wp\/v2\/tags?post=635617"}],"curies":[{"name":"wp","href":"https:\/\/api.w.org\/{rel}","templated":true}]}}