{"id":635621,"date":"2026-01-02T06:29:14","date_gmt":"2026-01-02T06:29:14","guid":{"rendered":"https:\/\/www.europesays.com\/fr\/635621\/"},"modified":"2026-01-02T06:29:14","modified_gmt":"2026-01-02T06:29:14","slug":"le-blog-de-gilles-pudlowski-les-pieds-dans-le-plat-39","status":"publish","type":"post","link":"https:\/\/www.europesays.com\/fr\/635621\/","title":{"rendered":"Le blog de Gilles Pudlowski \u2013 Les Pieds dans le Plat"},"content":{"rendered":"<p>\t\t\t\t\t\t\t<a href=\"https:\/\/www.gillespudlowski.com\/?attachment_id=415570\" rel=\"attachment wp-att-415570 noopener\" target=\"_blank\"><img fetchpriority=\"high\" decoding=\"async\" aria-describedby=\"caption-attachment-415570\" class=\"wp-image-415570\" src=\"https:\/\/www.europesays.com\/fr\/wp-content\/uploads\/2026\/01\/romain-et-jerome.jpeg\" alt=\"\" width=\"380\" height=\"507\"  \/><\/a><\/p>\n<p id=\"caption-attachment-415570\" class=\"wp-caption-text\">Romain et J\u00e9r\u00f4me \u00a9 GP<\/p>\n<p>On vous a parl\u00e9 \u00e0 sa r\u00e9ouverture du<a href=\"https:\/\/www.gillespudlowski.com\/337578\/restaurants\/paris-16e-comme-un-poisson-dans-leau-chez-marius\" target=\"_blank\" rel=\"noopener\"> Marius<\/a> du boulevard Murat non loin du parc des Princes et de la porte de Saint-Cloud. Cette belle table d\u00e9di\u00e9e \u00e0 la mer dans ses grandes largeurs, qui fut longtemps tenue par Fran\u00e7ois Grandjean, \u00e0 \u00e9t\u00e9 reprise par Jean-Pierre Vigato, son fils <a href=\"https:\/\/www.gillespudlowski.com\/critiques\/jerome-vigato\" target=\"_blank\" rel=\"noopener\">J\u00e9r\u00f4me<\/a>, plus Romain Dubuisson, l\u2019\u00e9l\u00e8ve et le disciple fid\u00e8le du gars Jean-Pierre, qui tient avec lui <a href=\"https:\/\/www.gillespudlowski.com\/273501\/restaurants\/paris-16e-la-maniere-vigato-facon-dubuisson-chez-disciples\" target=\"_blank\" rel=\"noopener\">Disciples<\/a>, dans le 16e, non loin de Marius, dans l\u2019ancien A&amp;M le bistrot, qui appartint jadis au duo Vigato-Grandjean.<\/p>\n<p><a href=\"https:\/\/www.gillespudlowski.com\/?attachment_id=415557\" rel=\"attachment wp-att-415557 noopener\" target=\"_blank\"><img loading=\"lazy\" decoding=\"async\" aria-describedby=\"caption-attachment-415557\" class=\"wp-image-415557\" src=\"https:\/\/www.europesays.com\/fr\/wp-content\/uploads\/2026\/01\/img_1572.jpeg\" alt=\"\" width=\"380\" height=\"507\"  \/><\/a><\/p>\n<p id=\"caption-attachment-415557\" class=\"wp-caption-text\">Salade de tourteau \u00a9 GP<\/p>\n<p>Chez Marius, le poisson est toujours roi, avec les calamars \u00e0 la proven\u00e7ale et la bouillabaisse en ligne de mire. Pour les agapes de copains et les grandes dinettes de famille, la terrasse ferm\u00e9e est bien pratique, avec sa grande table qui peut contenir ais\u00e9ment douze couverts. Le service est aux aguets, la cuisine sans faute et sans d\u00e9faut, vouant un culte \u00e0 la belle p\u00eache et aux cuissons pr\u00e9cises, comme aux assaisonnements justes.<\/p>\n<p><a href=\"https:\/\/www.gillespudlowski.com\/?attachment_id=415558\" rel=\"attachment wp-att-415558 noopener\" target=\"_blank\"><img loading=\"lazy\" decoding=\"async\" aria-describedby=\"caption-attachment-415558\" class=\"wp-image-415558\" src=\"https:\/\/www.europesays.com\/fr\/wp-content\/uploads\/2026\/01\/img_1578.jpeg\" alt=\"\" width=\"380\" height=\"507\"  \/><\/a><\/p>\n<p id=\"caption-attachment-415558\" class=\"wp-caption-text\">Langoustines et bouillon \u00e9pic\u00e9 \u00a9\u00a0GP<\/p>\n<p>Tourteau en salade au naturel, \u00e0 mani\u00e8re du Duc, et servi de fa\u00e7on ultra g\u00e9n\u00e9reuse avec sa vinaigrette et ses pousses d\u2019\u00e9pinards, langoustines d\u00e9cortiqu\u00e9es, avec leur bouillon \u00e9pic\u00e9 de crustac\u00e9, leurs lamelles de poutargue ou encore bar de ligne parfaitement cuit, avec marini\u00e8re de coquillages, ses moules et coques assurent joliment avant le rituel souffl\u00e9 au Grand Marnier, si gourmand avec sa splendide cr\u00e8me p\u00e2tissi\u00e8re aux agrumes.<\/p>\n<p><a href=\"https:\/\/www.gillespudlowski.com\/?attachment_id=415559\" rel=\"attachment wp-att-415559 noopener\" target=\"_blank\"><img loading=\"lazy\" decoding=\"async\" aria-describedby=\"caption-attachment-415559\" class=\"wp-image-415559\" src=\"https:\/\/www.europesays.com\/fr\/wp-content\/uploads\/2026\/01\/img_1589.jpeg\" alt=\"\" width=\"380\" height=\"507\"  \/><\/a><\/p>\n<p id=\"caption-attachment-415559\" class=\"wp-caption-text\">Bar en marini\u00e8re de coquillages \u00a9 GP<\/p>\n<p>On arrose le tout de vins malicieux comme le vineux champagne Billecart-Salmon dit \u00ab le r\u00e9serve \u00bb, le vif chablis Samuel Billaud 2022 enfin le riant saumur-champigny domaine des Closiers 2022 qui coule en bouche comme du velours.<\/p>\n<p><a href=\"https:\/\/www.gillespudlowski.com\/?attachment_id=415560\" rel=\"attachment wp-att-415560 noopener\" target=\"_blank\"><img loading=\"lazy\" decoding=\"async\" aria-describedby=\"caption-attachment-415560\" class=\"wp-image-415560\" src=\"https:\/\/www.europesays.com\/fr\/wp-content\/uploads\/2026\/01\/img_1615.jpeg\" alt=\"\" width=\"380\" height=\"507\"  \/><\/a><\/p>\n<p id=\"caption-attachment-415560\" class=\"wp-caption-text\">Souffl\u00e9 Grand-Marnier et cr\u00e8me aux agrumes \u00a9 GP<\/p>\n<p>Marius<\/p>\n","protected":false},"excerpt":{"rendered":"Romain et J\u00e9r\u00f4me \u00a9 GP On vous a parl\u00e9 \u00e0 sa r\u00e9ouverture du Marius du boulevard Murat non&hellip;\n","protected":false},"author":2,"featured_media":635622,"comment_status":"","ping_status":"","sticky":false,"template":"","format":"standard","meta":{"footnotes":""},"categories":[1888],"tags":[11,1777,674,1011,27,12,626,25],"class_list":{"0":"post-635621","1":"post","2":"type-post","3":"status-publish","4":"format-standard","5":"has-post-thumbnail","7":"category-paris","8":"tag-actualites","9":"tag-eu","10":"tag-europe","11":"tag-fr","12":"tag-france","13":"tag-news","14":"tag-paris","15":"tag-republique-francaise"},"share_on_mastodon":{"url":"https:\/\/pubeurope.com\/@fr\/115824097137493991","error":""},"_links":{"self":[{"href":"https:\/\/www.europesays.com\/fr\/wp-json\/wp\/v2\/posts\/635621","targetHints":{"allow":["GET"]}}],"collection":[{"href":"https:\/\/www.europesays.com\/fr\/wp-json\/wp\/v2\/posts"}],"about":[{"href":"https:\/\/www.europesays.com\/fr\/wp-json\/wp\/v2\/types\/post"}],"author":[{"embeddable":true,"href":"https:\/\/www.europesays.com\/fr\/wp-json\/wp\/v2\/users\/2"}],"replies":[{"embeddable":true,"href":"https:\/\/www.europesays.com\/fr\/wp-json\/wp\/v2\/comments?post=635621"}],"version-history":[{"count":0,"href":"https:\/\/www.europesays.com\/fr\/wp-json\/wp\/v2\/posts\/635621\/revisions"}],"wp:featuredmedia":[{"embeddable":true,"href":"https:\/\/www.europesays.com\/fr\/wp-json\/wp\/v2\/media\/635622"}],"wp:attachment":[{"href":"https:\/\/www.europesays.com\/fr\/wp-json\/wp\/v2\/media?parent=635621"}],"wp:term":[{"taxonomy":"category","embeddable":true,"href":"https:\/\/www.europesays.com\/fr\/wp-json\/wp\/v2\/categories?post=635621"},{"taxonomy":"post_tag","embeddable":true,"href":"https:\/\/www.europesays.com\/fr\/wp-json\/wp\/v2\/tags?post=635621"}],"curies":[{"name":"wp","href":"https:\/\/api.w.org\/{rel}","templated":true}]}}