{"id":635623,"date":"2026-01-02T06:30:12","date_gmt":"2026-01-02T06:30:12","guid":{"rendered":"https:\/\/www.europesays.com\/fr\/635623\/"},"modified":"2026-01-02T06:30:12","modified_gmt":"2026-01-02T06:30:12","slug":"moissac-le-hall-de-paris-transforme-en-parc-de-jeux-pour-les-vacances","status":"publish","type":"post","link":"https:\/\/www.europesays.com\/fr\/635623\/","title":{"rendered":"Moissac. Le hall de Paris transform\u00e9 en parc de jeux pour les vacances"},"content":{"rendered":"<p>\n                                                                    l&rsquo;essentiel<br \/>\n                                                                Pendant les vacances de No\u00ebl, le hall de Paris \u00e0 Moissac a accueilli une vaste installation de jeux gonflables. Une animation familiale, port\u00e9e par la famille Beney avec le soutien de la mairie, qui a rencontr\u00e9 un franc succ\u00e8s.\n                            <\/p>\n<p>Du vendredi 26 d\u00e9cembre au mercredi 31 d\u00e9cembre, le hall de Paris, place des R\u00e9collets \u00e0 Moissac, s\u2019est transform\u00e9 en v\u00e9ritable espace de loisirs pour les familles. Pendant plusieurs jours, petits et grands ont profit\u00e9 d\u2019une vaste installation de jeux gonflables, mise en place par la famille Beney, Florence et Raymond, en partenariat avec la mairie de Moissac.<\/p>\n<p>Gr\u00e2ce \u00e0 la location de la salle municipale, cet \u00e9v\u00e9nement a permis d\u2019offrir une animation tr\u00e8s appr\u00e9ci\u00e9e durant les vacances de fin d\u2019ann\u00e9e. Le hall accueillait douze jeux gonflables aux th\u00e8mes vari\u00e9s, plongeant les enfants dans des univers ludiques et color\u00e9s : Indiens, \u00e9l\u00e9phant, aquarium, Bob l\u2019\u00e9ponge, Spider-Man et bien d\u2019autres encore.<\/p>\n<p>En plus de l\u2019acc\u00e8s aux structures gonflables, les visiteurs pouvaient \u00e9galement profiter de la vente de friandises et de boissons, dont la recette \u00e9tait collect\u00e9e \u00e0 l\u2019entr\u00e9e, contribuant ainsi au bon d\u00e9roulement de l\u2019\u00e9v\u00e9nement.<\/p>\n<p>Un franc succ\u00e8s aupr\u00e8s des enfants et\u2026 des parents<\/p>\n<p>Particuli\u00e8rement adapt\u00e9 \u00e0 la p\u00e9riode hivernale, ce concept a rencontr\u00e9 un franc succ\u00e8s aupr\u00e8s des parents, heureux de proposer une activit\u00e9 attractive et conviviale \u00e0 leurs enfants pendant les vacances. Nombre d\u2019entre eux esp\u00e8rent d\u00e9j\u00e0 revoir cette animation l\u2019ann\u00e9e prochaine, pour le plus grand bonheur des familles.<\/p>\n<p>Parmi les visiteurs, nous avons rencontr\u00e9 Ludovic, venu accompagner sa fille Pauline, 12 ans, et son ami Alix, 10 ans, ainsi que J\u00e9r\u00f4me, qui \u00e9tait avec son petit-fils Liam. Tous deux ont particuli\u00e8rement appr\u00e9ci\u00e9 cette sortie, d\u2019autant plus qu\u2019elle s\u2019est d\u00e9roul\u00e9e le jour du r\u00e9veillon, le 31 d\u00e9cembre, marquant la derni\u00e8re journ\u00e9e de l\u2019\u00e9v\u00e9nement.<\/p>\n<p>La famille Beney sera prochainement de retour dans la r\u00e9gion. Vous pourrez les retrouver :<\/p>\n<p>au carnaval de Saint-Nicolas, du 21 f\u00e9vrier au 1er mars, avec les autotamponneuses ; \u00e0 Halloween, o\u00f9 ils proposeront \u00e0 nouveau des jeux gonflables.<\/p>\n<p>Il est \u00e9galement possible de louer ces jeux gonflables \u00e0 la journ\u00e9e, \u00e0 la semaine ou selon vos besoins, pour des \u00e9v\u00e9nements priv\u00e9s ou associatifs, au 06 77 15 80 45.<\/p>\n<p>Un grand merci \u00e0 la famille Beney pour ces moments de convivialit\u00e9 et de partage, qui ont su apporter joie et sourires aux petits comme aux grands.<\/p>\n","protected":false},"excerpt":{"rendered":"l&rsquo;essentiel Pendant les vacances de No\u00ebl, le hall de Paris \u00e0 Moissac a accueilli une vaste installation de&hellip;\n","protected":false},"author":2,"featured_media":635624,"comment_status":"","ping_status":"","sticky":false,"template":"","format":"standard","meta":{"footnotes":""},"categories":[1888],"tags":[11,1063,872,1777,674,1011,27,74323,12,626,25,36586],"class_list":{"0":"post-635623","1":"post","2":"type-post","3":"status-publish","4":"format-standard","5":"has-post-thumbnail","7":"category-paris","8":"tag-actualites","9":"tag-animations","10":"tag-culture-et-loisirs","11":"tag-eu","12":"tag-europe","13":"tag-fr","14":"tag-france","15":"tag-moissac","16":"tag-news","17":"tag-paris","18":"tag-republique-francaise","19":"tag-tarn-et-garonne"},"share_on_mastodon":{"url":"https:\/\/pubeurope.com\/@fr\/115824101007614070","error":""},"_links":{"self":[{"href":"https:\/\/www.europesays.com\/fr\/wp-json\/wp\/v2\/posts\/635623","targetHints":{"allow":["GET"]}}],"collection":[{"href":"https:\/\/www.europesays.com\/fr\/wp-json\/wp\/v2\/posts"}],"about":[{"href":"https:\/\/www.europesays.com\/fr\/wp-json\/wp\/v2\/types\/post"}],"author":[{"embeddable":true,"href":"https:\/\/www.europesays.com\/fr\/wp-json\/wp\/v2\/users\/2"}],"replies":[{"embeddable":true,"href":"https:\/\/www.europesays.com\/fr\/wp-json\/wp\/v2\/comments?post=635623"}],"version-history":[{"count":0,"href":"https:\/\/www.europesays.com\/fr\/wp-json\/wp\/v2\/posts\/635623\/revisions"}],"wp:featuredmedia":[{"embeddable":true,"href":"https:\/\/www.europesays.com\/fr\/wp-json\/wp\/v2\/media\/635624"}],"wp:attachment":[{"href":"https:\/\/www.europesays.com\/fr\/wp-json\/wp\/v2\/media?parent=635623"}],"wp:term":[{"taxonomy":"category","embeddable":true,"href":"https:\/\/www.europesays.com\/fr\/wp-json\/wp\/v2\/categories?post=635623"},{"taxonomy":"post_tag","embeddable":true,"href":"https:\/\/www.europesays.com\/fr\/wp-json\/wp\/v2\/tags?post=635623"}],"curies":[{"name":"wp","href":"https:\/\/api.w.org\/{rel}","templated":true}]}}