{"id":635629,"date":"2026-01-02T06:33:13","date_gmt":"2026-01-02T06:33:13","guid":{"rendered":"https:\/\/www.europesays.com\/fr\/635629\/"},"modified":"2026-01-02T06:33:13","modified_gmt":"2026-01-02T06:33:13","slug":"flavien-prat-echoue-a-une-courte-tete","status":"publish","type":"post","link":"https:\/\/www.europesays.com\/fr\/635629\/","title":{"rendered":"Flavien Prat \u00e9choue \u00e0&#8230; une courte t\u00eate"},"content":{"rendered":"<p>D&rsquo;un rien. Malgr\u00e9 un coup de trois lors de la derni\u00e8re r\u00e9union de l&rsquo;ann\u00e9e 2025 sur l&rsquo;hippodrome d&rsquo;Aqueduct, Flavien Prat n&rsquo;est pas parvenu \u00e0 remonter totalement Irad Ortiz au classement des jockeys am\u00e9ricains. Titr\u00e9 en 2024 et <a target=\"_blank\" href=\"https:\/\/www.paris-turf.com\/actualites\/international\/etats-unis-flavien-prat-sacre-lors-des-eclipse-awards-2025-30659456575\" rel=\"noopener\">aur\u00e9ol\u00e9 d&rsquo;un Eclipse Awards<\/a>, le jockey fran\u00e7ais \u00e9choue \u00e0 1.669 dollars de son adversaire (40.496.178 $ contre 40.497.847 $). Rageant d&rsquo;autant plus que l&rsquo;ultime course de la saison, il termine quatri\u00e8me, \u00e0 une courte t\u00eate de la troisi\u00e8me place synonyme de sacre. Flavien Prat ne sera pas sur la plus haute marche du podium, mais r\u00e9alise tout de m\u00eame la meilleure saison de sa carri\u00e8re en nombre de victoires (310) mais aussi en gains.<\/p>\n","protected":false},"excerpt":{"rendered":"D&rsquo;un rien. Malgr\u00e9 un coup de trois lors de la derni\u00e8re r\u00e9union de l&rsquo;ann\u00e9e 2025 sur l&rsquo;hippodrome d&rsquo;Aqueduct,&hellip;\n","protected":false},"author":2,"featured_media":635630,"comment_status":"","ping_status":"","sticky":false,"template":"","format":"standard","meta":{"footnotes":""},"categories":[1589],"tags":[11,73,1866,12,1864,1865,1863,308],"class_list":{"0":"post-635629","1":"post","2":"type-post","3":"status-publish","4":"format-standard","5":"has-post-thumbnail","7":"category-etats-unis","8":"tag-actualites","9":"tag-etats-unis","10":"tag-etats-unis-damerique","11":"tag-news","12":"tag-united-states","13":"tag-united-states-of-america","14":"tag-us","15":"tag-usa"},"share_on_mastodon":{"url":"https:\/\/pubeurope.com\/@fr\/115824112623816873","error":""},"_links":{"self":[{"href":"https:\/\/www.europesays.com\/fr\/wp-json\/wp\/v2\/posts\/635629","targetHints":{"allow":["GET"]}}],"collection":[{"href":"https:\/\/www.europesays.com\/fr\/wp-json\/wp\/v2\/posts"}],"about":[{"href":"https:\/\/www.europesays.com\/fr\/wp-json\/wp\/v2\/types\/post"}],"author":[{"embeddable":true,"href":"https:\/\/www.europesays.com\/fr\/wp-json\/wp\/v2\/users\/2"}],"replies":[{"embeddable":true,"href":"https:\/\/www.europesays.com\/fr\/wp-json\/wp\/v2\/comments?post=635629"}],"version-history":[{"count":0,"href":"https:\/\/www.europesays.com\/fr\/wp-json\/wp\/v2\/posts\/635629\/revisions"}],"wp:featuredmedia":[{"embeddable":true,"href":"https:\/\/www.europesays.com\/fr\/wp-json\/wp\/v2\/media\/635630"}],"wp:attachment":[{"href":"https:\/\/www.europesays.com\/fr\/wp-json\/wp\/v2\/media?parent=635629"}],"wp:term":[{"taxonomy":"category","embeddable":true,"href":"https:\/\/www.europesays.com\/fr\/wp-json\/wp\/v2\/categories?post=635629"},{"taxonomy":"post_tag","embeddable":true,"href":"https:\/\/www.europesays.com\/fr\/wp-json\/wp\/v2\/tags?post=635629"}],"curies":[{"name":"wp","href":"https:\/\/api.w.org\/{rel}","templated":true}]}}