{"id":63563,"date":"2025-04-30T05:16:09","date_gmt":"2025-04-30T05:16:09","guid":{"rendered":"https:\/\/www.europesays.com\/fr\/63563\/"},"modified":"2025-04-30T05:16:09","modified_gmt":"2025-04-30T05:16:09","slug":"la-finale-de-dals-vire-a-laffrontement-panique-au-studio-des-tirs-entendus-a-proximite-de-florent-manaudou","status":"publish","type":"post","link":"https:\/\/www.europesays.com\/fr\/63563\/","title":{"rendered":"La finale de DALS vire \u00e0 l\u2019affrontement : panique au studio, des tirs entendus \u00e0 proximit\u00e9 de Florent Manaudou"},"content":{"rendered":"<p>Danse avec les stars tourne au <strong>drame<\/strong><br \/>\npour <a href=\"https:\/\/www.closermag.fr\/people\/dals-2025-florent-manaudou-et-son-grand-corps-pas-favoris-de-la-finale-cest-elsa-bois-qui-le-dit-3539798\" target=\"_blank\" rel=\"noopener\"><br \/>\nFlorent Manaudou<\/a>. Selon les informations de Public, le<br \/>\nnageur s\u2019est retrouv\u00e9 \u00e0 <strong>proximit\u00e9 de plusieurs<br \/>\ntirs.<\/strong> En effet, la soir\u00e9e qui a suivi la finale de<br \/>\nDanse avec les stars a <strong>mal tourn\u00e9<\/strong> au<br \/>\nstudio 217.<\/p>\n<p>La raison des tirs ? Ce vendredi 25 avril 2025, plusieurs jeunes<br \/>\nont <strong>tent\u00e9 de s\u2019introduire dans les locaux<\/strong> pour<br \/>\nrejoindre la f\u00eate en cours. <strong>Recal\u00e9s<\/strong> par la<br \/>\ns\u00e9curit\u00e9 de l\u2019\u00e9mission, ils ont alors d\u00e9cid\u00e9 de se<br \/>\n<strong>venger<\/strong>. Comment ? En se servant des <strong>tirs<br \/>\nde mortier<\/strong> devant un finaliste du programme, Florent<br \/>\nManaudou.<\/p>\n<p>Une soir\u00e9e d\u2019apr\u00e8s finale de Danse avec les stars qui tourne au<br \/>\ndrame : des tirs autour du studio de TF1<\/p>\n<p>Selon les informations de <a href=\"https:\/\/www.public.fr\/exclu-danse-avec-les-stars-la-fete-dapres-finale-vire-au-drame-florent-manaudou-frole-la-catastrophe-sous-les-tirs\" target=\"_blank\" rel=\"noopener\"><br \/>\nPublic<\/a>, les<strong>\u00a0<\/strong>candidats,<br \/>\nanimateurs, membres de la production et \u00e9quipe technique de DALS<br \/>\nont fait la <strong>f\u00eate<\/strong> pour la finale de l\u2019\u00e9mission de<br \/>\nTF1. Mais la soir\u00e9e a vir\u00e9 au <strong>drame<\/strong> et l\u2019ensemble<br \/>\ndu studio a paniqu\u00e9. Selon Public, aux alentours de 3<br \/>\nheures du matin<strong>, plusieurs jeunes ont tent\u00e9 de rentrer dans<br \/>\nle studio 217.<\/strong><\/p>\n<p><strong>Recal\u00e9s<\/strong> par les \u00e9quipes de s\u00e9curit\u00e9, ils<br \/>\nauraient exprim\u00e9 <strong>leur col\u00e8re et leur<br \/>\nm\u00e9contentement<\/strong> de mani\u00e8re extr\u00eame. Ils ont alors lanc\u00e9<br \/>\nplusieurs <strong>tirs de mortier<\/strong>. Pendant ce moment, le<br \/>\nfinaliste <strong>Florent Manaudou aurait \u00e9t\u00e9 \u00e0 l\u2019ext\u00e9rieur pour<br \/>\nprendre l\u2019air. Choqu\u00e9, il aurait assist\u00e9 \u00e0 la sc\u00e8ne et aurait pris<br \/>\npeur.<\/strong><\/p>\n<blockquote class=\"twitter-tweet\"><p><a class=\"twitter-link\" rel=\"noindex, nofollow noopener\" href=\"https:\/\/twitter.com\/insidepublic\/status\/1917263862946226657\" target=\"_blank\"><\/p><\/blockquote>\n<p>Florent Manaudou pr\u00e9sent lors des tirs<br \/>\n: en \u00e9tat de choc apr\u00e8s les faits<\/p>\n<p>Selon les sources de Public, au moment des tirs,<br \/>\nFlorent Manaudou \u00e9tait \u00e0 proximit\u00e9. \u00ab\u00a0Il <strong>\u00e9tait terrifi\u00e9.<br \/>\nIl est rentr\u00e9 et tout le monde s\u2019est enferm\u00e9 jusqu\u2019\u00e0 l\u2019arriv\u00e9e des<br \/>\nforces de l\u2019ordre.\u00a0\u00bb<\/strong> Mais malgr\u00e9 la peur, la soir\u00e9e<br \/>\npour f\u00eater la fin de Danse avec les stars aurait continu\u00e9<br \/>\njusqu\u2019\u00e0 5 heures du matin. Pour autant, \u00ab\u00a0<strong>tout le monde<br \/>\n\u00e9tait chamboul\u00e9 par<br \/>\nl\u2019\u00e9pisode.\u00a0\u00bb<\/strong><strong>\u00a0<\/strong><\/p>\n<p>Lors de cette finale de DALS, <a href=\"https:\/\/www.closermag.fr\/tv_tele_realite\/une-petite-olive-entre-les-fesses-ce-conseil-donne-a-adil-rami-dans-danse-avec-les-stars-3535738\" target=\"_blank\" rel=\"noopener\"><br \/>\nAdil Rami<\/a> s\u2019est fait <strong>\u00e9vincer<\/strong> au milieu de la<br \/>\nsoir\u00e9e. <a href=\"https:\/\/www.closermag.fr\/tv_tele_realite\/lenie-acculee-par-yann-barthes-pas-le-temps-de-digerer-sa-victoire-a-dals-il-tente-de-lui-gratter-une-info-3540772\" target=\"_blank\" rel=\"noopener\"><br \/>\nL\u00e9nie<\/a> et Florent Manaudou se sont alors affront\u00e9s lors d\u2019une<br \/>\n<strong>ultime danse.<\/strong> Apr\u00e8s un dernier vote du public,<br \/>\nc\u2019est l\u2019ancienne candidate de la Star Academy qui a<br \/>\nr\u00e9colt\u00e9 le plus de voix du public. Apr\u00e8s son \u00e9chec \u00e0 la Star<br \/>\nAcademy, L\u00e9nie a remport\u00e9 sa seconde comp\u00e9tition : Danse avec<br \/>\nles stars. Suite \u00e0 cette d\u00e9faite, <strong>Florent Manaudou ne<br \/>\nsemble pas tr\u00e8s triste,<\/strong>\u00a0puisqu\u2019il a fait la f\u00eate<br \/>\njusqu\u2019au bout de la nuit.<\/p>\n<p><script async src=\"https:\/\/platform.twitter.com\/widgets.js\" charset=\"utf-8\"><\/script><\/p>\n","protected":false},"excerpt":{"rendered":"Danse avec les stars tourne au drame pour Florent Manaudou. Selon les informations de Public, le nageur s\u2019est&hellip;\n","protected":false},"author":2,"featured_media":63564,"comment_status":"","ping_status":"","sticky":false,"template":"","format":"standard","meta":{"footnotes":""},"categories":[1359],"tags":[548,14591,194,58,59,925,1011,27,973],"class_list":{"0":"post-63563","1":"post","2":"type-post","3":"status-publish","4":"format-standard","5":"has-post-thumbnail","7":"category-people","8":"tag-article-simple","9":"tag-dals","10":"tag-danse-avec-les-stars","11":"tag-divertissement","12":"tag-entertainment","13":"tag-florent-manaudou","14":"tag-fr","15":"tag-france","16":"tag-people"},"share_on_mastodon":{"url":"https:\/\/pubeurope.com\/@fr\/114425219316603883","error":""},"_links":{"self":[{"href":"https:\/\/www.europesays.com\/fr\/wp-json\/wp\/v2\/posts\/63563","targetHints":{"allow":["GET"]}}],"collection":[{"href":"https:\/\/www.europesays.com\/fr\/wp-json\/wp\/v2\/posts"}],"about":[{"href":"https:\/\/www.europesays.com\/fr\/wp-json\/wp\/v2\/types\/post"}],"author":[{"embeddable":true,"href":"https:\/\/www.europesays.com\/fr\/wp-json\/wp\/v2\/users\/2"}],"replies":[{"embeddable":true,"href":"https:\/\/www.europesays.com\/fr\/wp-json\/wp\/v2\/comments?post=63563"}],"version-history":[{"count":0,"href":"https:\/\/www.europesays.com\/fr\/wp-json\/wp\/v2\/posts\/63563\/revisions"}],"wp:featuredmedia":[{"embeddable":true,"href":"https:\/\/www.europesays.com\/fr\/wp-json\/wp\/v2\/media\/63564"}],"wp:attachment":[{"href":"https:\/\/www.europesays.com\/fr\/wp-json\/wp\/v2\/media?parent=63563"}],"wp:term":[{"taxonomy":"category","embeddable":true,"href":"https:\/\/www.europesays.com\/fr\/wp-json\/wp\/v2\/categories?post=63563"},{"taxonomy":"post_tag","embeddable":true,"href":"https:\/\/www.europesays.com\/fr\/wp-json\/wp\/v2\/tags?post=63563"}],"curies":[{"name":"wp","href":"https:\/\/api.w.org\/{rel}","templated":true}]}}