{"id":635631,"date":"2026-01-02T06:34:23","date_gmt":"2026-01-02T06:34:23","guid":{"rendered":"https:\/\/www.europesays.com\/fr\/635631\/"},"modified":"2026-01-02T06:34:23","modified_gmt":"2026-01-02T06:34:23","slug":"au-royaume-uni-le-nombre-darrivees-de-migrants-par-la-manche-a-battu-des-records-en-2025","status":"publish","type":"post","link":"https:\/\/www.europesays.com\/fr\/635631\/","title":{"rendered":"Au Royaume-Uni, le nombre d&rsquo;arriv\u00e9es de migrants par la Manche a battu des records en 2025"},"content":{"rendered":"<p>\n    Les autorit\u00e9s britanniques ont d\u00e9compt\u00e9 l\u2019arriv\u00e9e de 41.472 migrants, soit le deuxi\u00e8me plus grand nombre de travers\u00e9es apr\u00e8s 2022.<\/p>\n<p class=\"fig-paragraph\">Le nombre de migrants arriv\u00e9s en 2025 sur les c\u00f4tes britanniques \u00e0 bord de petites embarcations est le deuxi\u00e8me plus \u00e9lev\u00e9 enregistr\u00e9 depuis le d\u00e9but des relev\u00e9s en 2018, indiquent des statistiques du gouvernement britannique publi\u00e9es jeudi.<\/p>\n<p class=\"fig-paragraph\">L&rsquo;an pass\u00e9, 41.472 migrants ont entrepris la travers\u00e9e p\u00e9rilleuse de la Manche depuis la France, soit le deuxi\u00e8me nombre le plus \u00e9lev\u00e9 apr\u00e8s le record de 45.774 enregistr\u00e9 en 2022, selon les donn\u00e9es du minist\u00e8re britannique de l&rsquo;int\u00e9rieur.<\/p>\n<p>                                            <a class=\"fig-a11y-skip\" href=\"#fig-a11y-skip-main-inarticle\" data-module=\"a11y-skip\" data-context=\"was @visible\"><br \/>\n    Passer la publicit\u00e9<br \/>\n<\/a>            <\/p>\n<p class=\"fig-paragraph\">Ces travers\u00e9es occasionnent de nombreux naufrages. Au moins 29 migrants ont p\u00e9ri en mer pendant l&rsquo;ann\u00e9e \u00e9coul\u00e9e, selon un comptage effectu\u00e9 par l&rsquo;AFP \u00e0 partir de sources officielles fran\u00e7aises et britanniques.<\/p>\n<p class=\"fig-paragraph\">La hausse du nombre des arriv\u00e9es est une mauvaise nouvelle pour le gouvernement du Premier ministre, Keir Starmer, qui a pris ses fonctions en juillet 2024 et est confront\u00e9 \u00e0 la mont\u00e9e du parti anti-immigration Reform UK de Nigel Farage.<\/p>\n<p class=\"fig-paragraph\">Ce dernier caracole en t\u00eate des sondages d&rsquo;opinion depuis plusieurs mois et compte capitaliser sur l&rsquo;impopularit\u00e9 de l&rsquo;ex\u00e9cutif pour engranger de nouveaux succ\u00e8s aux \u00e9lections locales de mai prochain.<\/p>\n<p class=\"fig-paragraph\">\u00abSi nous r\u00e9ussissons (lors de ce scrutin), nous continuerons sur notre lanc\u00e9e et remporterons les \u00e9lections\u00bb l\u00e9gislatives, pr\u00e9vues au plus tard pour 2029, a lanc\u00e9 mercredi l&rsquo;ancien champion du Brexit \u00e0 l&rsquo;occasion de son message de nouvel an.<\/p>\n<p class=\"fig-paragraph\">Le pr\u00e9c\u00e9dent gouvernement, celui conservateur de Rishi Sunak, avait promis, sans succ\u00e8s, d&rsquo;\u00abarr\u00eater les bateaux\u00bb. Keir Starmer s&rsquo;est quant \u00e0 lui engag\u00e9 \u00e0 \u00abd\u00e9manteler les gangs\u00bb de passeurs, sans plus de r\u00e9sultats jusqu&rsquo;\u00e0 pr\u00e9sent.<\/p>\n","protected":false},"excerpt":{"rendered":"Les autorit\u00e9s britanniques ont d\u00e9compt\u00e9 l\u2019arriv\u00e9e de 41.472 migrants, soit le deuxi\u00e8me plus grand nombre de travers\u00e9es apr\u00e8s&hellip;\n","protected":false},"author":2,"featured_media":635632,"comment_status":"","ping_status":"","sticky":false,"template":"","format":"standard","meta":{"footnotes":""},"categories":[1588],"tags":[11,1777,674,14653,1251,12,473,1853,1851,1850,1852],"class_list":{"0":"post-635631","1":"post","2":"type-post","3":"status-publish","4":"format-standard","5":"has-post-thumbnail","7":"category-royaume-uni","8":"tag-actualites","9":"tag-eu","10":"tag-europe","11":"tag-manche","12":"tag-migrants","13":"tag-news","14":"tag-royaume-uni","15":"tag-royaume-uni-de-grande-bretagne-et-dirlande-du-nord","16":"tag-uk","17":"tag-united-kingdom","18":"tag-united-kingdom-of-great-britain-and-northern-ireland"},"share_on_mastodon":{"url":"https:\/\/pubeurope.com\/@fr\/115824116614920982","error":""},"_links":{"self":[{"href":"https:\/\/www.europesays.com\/fr\/wp-json\/wp\/v2\/posts\/635631","targetHints":{"allow":["GET"]}}],"collection":[{"href":"https:\/\/www.europesays.com\/fr\/wp-json\/wp\/v2\/posts"}],"about":[{"href":"https:\/\/www.europesays.com\/fr\/wp-json\/wp\/v2\/types\/post"}],"author":[{"embeddable":true,"href":"https:\/\/www.europesays.com\/fr\/wp-json\/wp\/v2\/users\/2"}],"replies":[{"embeddable":true,"href":"https:\/\/www.europesays.com\/fr\/wp-json\/wp\/v2\/comments?post=635631"}],"version-history":[{"count":0,"href":"https:\/\/www.europesays.com\/fr\/wp-json\/wp\/v2\/posts\/635631\/revisions"}],"wp:featuredmedia":[{"embeddable":true,"href":"https:\/\/www.europesays.com\/fr\/wp-json\/wp\/v2\/media\/635632"}],"wp:attachment":[{"href":"https:\/\/www.europesays.com\/fr\/wp-json\/wp\/v2\/media?parent=635631"}],"wp:term":[{"taxonomy":"category","embeddable":true,"href":"https:\/\/www.europesays.com\/fr\/wp-json\/wp\/v2\/categories?post=635631"},{"taxonomy":"post_tag","embeddable":true,"href":"https:\/\/www.europesays.com\/fr\/wp-json\/wp\/v2\/tags?post=635631"}],"curies":[{"name":"wp","href":"https:\/\/api.w.org\/{rel}","templated":true}]}}