{"id":635633,"date":"2026-01-02T06:35:43","date_gmt":"2026-01-02T06:35:43","guid":{"rendered":"https:\/\/www.europesays.com\/fr\/635633\/"},"modified":"2026-01-02T06:35:43","modified_gmt":"2026-01-02T06:35:43","slug":"un-trou-3-000-coffres-30-millions-deuros-le-casse-completement-fou-qui-sidere-lallemagne","status":"publish","type":"post","link":"https:\/\/www.europesays.com\/fr\/635633\/","title":{"rendered":"Un trou, 3.000 coffres, 30\u00a0millions d\u2019euros\u00a0: le casse compl\u00e8tement fou qui sid\u00e8re l\u2019Allemagne"},"content":{"rendered":"<p>Des cambrioleurs ont braqu\u00e9 une banque le week-end dernier \u00e0 Gelsenkirchen, dans l\u2019ouest de l\u2019Allemagne, provoquant un pr\u00e9judice de 30\u00a0millions d\u2019euros selon la police, et la col\u00e8re des clients.<\/p>\n<p>Les suspects ont d\u00e9valis\u00e9 plus de 3.000 coffres-forts d\u2019une succursale de la caisse d\u2019\u00e9pargne locale, contenant de l\u2019argent, des bijoux ou de l\u2019or, a indiqu\u00e9 mardi un porte-parole de la police de Gelsenkirchen.<\/p>\n<p>Plus de 95\u00a0% des coffres ont \u00e9t\u00e9 pill\u00e9s<\/p>\n<p>\u00ab\u00a0Nous sommes sous le choc\u00a0\u00bb, a d\u00e9clar\u00e9 le porte-parole de la banque Frank Krallmann dans un communiqu\u00e9. Plus de 95\u00a0% des coffres ont \u00e9t\u00e9 pill\u00e9s.<\/p>\n<p>Avec une somme assur\u00e9e moyenne de 10.000 euros par coffre, les enqu\u00eateurs estiment le montant des dommages \u00e0 environ 30\u00a0millions d\u2019euros.<\/p>\n<p>    La r\u00e9daction vous conseille<\/p>\n<p>La banque est par ailleurs rest\u00e9e ferm\u00e9e mardi \u00ab\u00a0pour des raisons de s\u00e9curit\u00e9\u00a0\u00bb selon la police car plusieurs clients, inquiets pour leurs biens, se sont rassembl\u00e9s mardi matin devant la banque et ont prof\u00e9r\u00e9 des \u00ab\u00a0menaces\u00a0\u00bb contre les employ\u00e9s.<\/p>\n<p><a href=\"https:\/\/www.bild.de\/\" target=\"_blank\" rel=\"nofollow noopener\">Sur une vid\u00e9o du quotidien Bild<\/a>, on aper\u00e7oit plusieurs dizaines de personnes essayant de forcer l\u2019acc\u00e8s au b\u00e2timent malgr\u00e9 la pr\u00e9sence de la police. La situation s\u2019est calm\u00e9e en d\u00e9but d\u2019apr\u00e8s midi, pr\u00e9cise le porte-parole.<\/p>\n<p>Un mode op\u00e9ratoire d\u00e9routant<\/p>\n<p>La m\u00e9thode employ\u00e9e pour le braquage a d\u00e9rout\u00e9 les enqu\u00eateurs\u00a0: les voleurs ont for\u00e9 un trou dans la salle des coffres \u00e0 l\u2019aide d\u2019une perceuse g\u00e9ante.<\/p>\n<p>\u00ab\u00a0C\u2019est comme dans le film [am\u00e9ricain de casse] Ocean\u2019s eleven\u00a0\u00bb, r\u00e9sume la source polici\u00e8re, \u00ab\u00a0tout s\u2019est d\u00e9roul\u00e9 de mani\u00e8re tr\u00e8s professionnelle\u00a0\u00bb.<\/p>\n<p>    La r\u00e9daction vous conseille<\/p>\n<p>Les braqueurs ont aussi \u00ab\u00a0profit\u00e9 du calme de No\u00ebl\u00a0\u00bb, ont pr\u00e9cis\u00e9 les policiers, la banque \u00e9tant ferm\u00e9e \u00e0 cette p\u00e9riode.<\/p>\n<p>L\u2019\u00e9tablissement a annonc\u00e9 fermer la salle des coffres \u00ab\u00a0jusqu\u2019\u00e0 nouvel ordre en raison des dommages mat\u00e9riels importants\u00a0\u00bb.<\/p>\n<p>Une Audi noire pour seule piste<\/p>\n<p>La banque dit aussi examiner avec son assurance l\u2019issue \u00ab\u00a0la plus favorable pour les clients\u00a0\u00bb et a mis en place une ligne t\u00e9l\u00e9phonique d\u2019urgence. Le moment exact du casse demeure incertain.<\/p>\n<p>    La r\u00e9daction vous conseille<\/p>\n<p>Selon la police, des t\u00e9moins auraient aper\u00e7u plusieurs hommes dans la nuit de samedi \u00e0 dimanche, munis de grands sacs dans la cage d\u2019escalier d\u2019un parking adjacent.<\/p>\n<p>Une Audi noire \u00e0 la plaque d\u2019immatriculation vol\u00e9e, conduite par des hommes masqu\u00e9s, a quitt\u00e9 ce m\u00eame parking lundi au petit matin, d\u2019apr\u00e8s les vid\u00e9os de surveillance exploit\u00e9es par la police. Le cambriolage avait \u00e9t\u00e9 d\u00e9couvert lundi gr\u00e2ce \u00e0 une alerte incendie re\u00e7ue par les pompiers.<\/p>\n","protected":false},"excerpt":{"rendered":"Des cambrioleurs ont braqu\u00e9 une banque le week-end dernier \u00e0 Gelsenkirchen, dans l\u2019ouest de l\u2019Allemagne, provoquant un pr\u00e9judice&hellip;\n","protected":false},"author":2,"featured_media":635634,"comment_status":"","ping_status":"","sticky":false,"template":"","format":"standard","meta":{"footnotes":""},"categories":[1587],"tags":[11,672,1804,1805,1803,1777,674,1801,12,1802],"class_list":{"0":"post-635633","1":"post","2":"type-post","3":"status-publish","4":"format-standard","5":"has-post-thumbnail","7":"category-allemagne","8":"tag-actualites","9":"tag-allemagne","10":"tag-bundesrepublik-deutschland","11":"tag-de","12":"tag-deutschland","13":"tag-eu","14":"tag-europe","15":"tag-germany","16":"tag-news","17":"tag-republique-federale-dallemagne"},"share_on_mastodon":{"url":"https:\/\/pubeurope.com\/@fr\/115824120489133230","error":""},"_links":{"self":[{"href":"https:\/\/www.europesays.com\/fr\/wp-json\/wp\/v2\/posts\/635633","targetHints":{"allow":["GET"]}}],"collection":[{"href":"https:\/\/www.europesays.com\/fr\/wp-json\/wp\/v2\/posts"}],"about":[{"href":"https:\/\/www.europesays.com\/fr\/wp-json\/wp\/v2\/types\/post"}],"author":[{"embeddable":true,"href":"https:\/\/www.europesays.com\/fr\/wp-json\/wp\/v2\/users\/2"}],"replies":[{"embeddable":true,"href":"https:\/\/www.europesays.com\/fr\/wp-json\/wp\/v2\/comments?post=635633"}],"version-history":[{"count":0,"href":"https:\/\/www.europesays.com\/fr\/wp-json\/wp\/v2\/posts\/635633\/revisions"}],"wp:featuredmedia":[{"embeddable":true,"href":"https:\/\/www.europesays.com\/fr\/wp-json\/wp\/v2\/media\/635634"}],"wp:attachment":[{"href":"https:\/\/www.europesays.com\/fr\/wp-json\/wp\/v2\/media?parent=635633"}],"wp:term":[{"taxonomy":"category","embeddable":true,"href":"https:\/\/www.europesays.com\/fr\/wp-json\/wp\/v2\/categories?post=635633"},{"taxonomy":"post_tag","embeddable":true,"href":"https:\/\/www.europesays.com\/fr\/wp-json\/wp\/v2\/tags?post=635633"}],"curies":[{"name":"wp","href":"https:\/\/api.w.org\/{rel}","templated":true}]}}