{"id":63565,"date":"2025-04-30T05:17:15","date_gmt":"2025-04-30T05:17:15","guid":{"rendered":"https:\/\/www.europesays.com\/fr\/63565\/"},"modified":"2025-04-30T05:17:15","modified_gmt":"2025-04-30T05:17:15","slug":"le-graffeur-nantais-korse-laisse-une-empreinte-coloree-et-poetique-sur-le-totem-demmaus","status":"publish","type":"post","link":"https:\/\/www.europesays.com\/fr\/63565\/","title":{"rendered":"le graffeur nantais Kors\u00e9 laisse une empreinte color\u00e9e et po\u00e9tique sur le totem d\u2019Emma\u00fcs"},"content":{"rendered":"<p>Le totem prend des couleurs. Le long conteneur maritime dress\u00e9 devant l\u2019entr\u00e9e <a title=\"Le nouveau site d\u2019Emma\u00fcs \u00e0 Thouars fait l\u2019unanimit\u00e9 lors de son inauguration\" target=\"_self\" href=\"https:\/\/www.lanouvellerepublique.fr\/thouars\/le-nouveau-site-d-emmaues-a-thouars-fait-l-unanimite-lors-de-son-inauguration\" rel=\"noopener\">du magasin d\u2019Emma\u00fcs, \u00e0 Thouars<\/a>, haut d\u2019une dizaine de m\u00e8tres, vient de voir sa face tourn\u00e9e vers le boulevard de Helensburgh repeinte par l\u2019artiste nantais Kors\u00e9. \u00c0 l\u2019aide de bombes color\u00e9es, il a propos\u00e9 une \u0153uvre aussi monumentale que po\u00e9tique, qui souffle un vent de douceur dans ce monde de brutes.<\/p>\n<p>\u00ab\u00a0Il faut le voir comme un message de paix et de s\u00e9r\u00e9nit\u00e9. Je veux jouer sur le contraste de cette plan\u00e8te qui ne semble vivre que pour l\u2019\u00e9conomie de march\u00e9, en recouvrant ce symbole du commerce d\u2019une image apaisante, la contemplation d\u2019une personne devant un ciel color\u00e9 par le soleil qui se couche. C\u2019est ma fa\u00e7on \u00e0 moi de dire qu\u2019il faut prendre les temps d\u2019appr\u00e9cier les belles choses\u00a0\u00bb, souligne le graffeur.<\/p>\n<p>Pour Emma\u00fcs, un juste retour des choses<\/p>\n<p>La racine m\u00eame de ce projet remonte, pourtant, \u00e0 une \u00e9poque ant\u00e9rieure au d\u00e9m\u00e9nagement des compagnons sur le nouveau site. Au moins dans la t\u00eate d\u2019Olivier Brochard, le responsable local de la communaut\u00e9, qui y songeait depuis l\u2019\u00e9poque o\u00f9 Kors\u00e9 avait d\u00e9j\u00e0 fait parler son talent d\u2019expression artistique sur les murs <a title=\"Derni\u00e8re vente \u00e0 Vrines : la communaut\u00e9 Emma\u00fcs Thouars tourne une page\" target=\"_self\" href=\"https:\/\/www.lanouvellerepublique.fr\/thouars\/derniere-vente-a-vrines-la-communaute-emmaues-thouars-tourne-une-page\" rel=\"noopener\">des locaux historiques \u00e0 Sainte-Radegonde<\/a>. \u00ab\u00a0On s\u2019\u00e9tait rencontr\u00e9s un peu avant dans un autre contexte. Il avait vu mon tee-shirt Emma\u00fcs et, \u00e0 l\u2019\u00e9poque, il m\u2019avait dit qu\u2019il \u00e9tait partant pour un projet solidaire, et qu\u2019il ne fallait pas h\u00e9siter \u00e0 l\u2019appeler si je voulais\u00a0\u00bb, pr\u00e9cise Olivier Brochard. Ce qui fut fait par la suite, et l\u2019artiste de venir d\u00e9corer les murs sans contrepartie financi\u00e8re.<\/p>\n<p><img alt=\"Il aura fallu une journ\u00e9e et demie de travail pour r\u00e9aliser son \u0153uvre.\" loading=\"lazy\" width=\"980\" height=\"573\" decoding=\"async\" data-nimg=\"1\" class=\"img-responsive spinner-show\" style=\"color:transparent;background-size:cover;background-position:50% 50%;background-repeat:no-repeat;background-image:url(&quot;data:image\/svg+xml;charset=utf-8,%3Csvg xmlns=\" http:=\"\" viewbox=\"0 0 980 573\" id=\"b\" color-interpolation-filters=\"sRGB\" stddeviation=\"20\" values=\"1 0 0 0 0 0 1 0 0 0 0 0 1 0 0 0 0 0 100 -1\" result=\"s\" x=\"0\" y=\"0\" operator=\"out\" in=\"s\" in2=\"SourceGraphic\" preserveaspectratio=\"none\" href=\"https:\/\/images.lanouvellerepublique.fr\/image\/upload\/t_88w\/f_auto\/6810d9250af98e2b2d8b461f.jpg\"   src=\"https:\/\/www.europesays.com\/fr\/wp-content\/uploads\/2025\/04\/6810d9250af98e2b2d8b461f.jpg\"\/><\/p>\n<p style=\"background-color:#F2F2F2;padding:5px;margin-top:0px;margin-bottom:10px\">Il aura fallu une journ\u00e9e et demie de travail pour r\u00e9aliser son \u0153uvre.<br \/> \u00a9 Photo NR<\/p>\n<p>\u00ab\u00a0En d\u00e9m\u00e9nageant, nous avions le projet de rendre la pareille aux artistes qui avaient r\u00e9alis\u00e9 gracieusement des fresques pour nous. Ainsi, nous avions d\u00e9cid\u00e9 de solliciter de nouveau ces peintres en leur demandant de revenir cr\u00e9er une \u0153uvre dans nos nouveaux locaux. Sauf que cette fois, nous avions pr\u00e9vu une enveloppe pour les r\u00e9mun\u00e9rer \u00bb, commente le responsable. Alors que deux autres artistes \u00e9taient d\u00e9j\u00e0 venus apposer leurs traces de peinture sur les surfaces verticales boulevard de Helensburgh, <a title=\"Site de Kors\u00e9\" target=\"_blank\" href=\"https:\/\/kafekorse.com\/\" rel=\"noopener\">Kors\u00e9<\/a> a pu, lui, r\u00e9aliser cette fois une \u0153uvre plus imposante, accessible au regard de tous les passants.<\/p>\n<p>Lier l\u2019utile \u00e0 l\u2019agr\u00e9able<\/p>\n<p>Avant de se lancer, n\u00e9anmoins, le graffeur est arriv\u00e9 avec plusieurs propositions. \u00ab\u00a0Comme toujours, nous les avons soumises aux compagnons. L\u2019une d\u2019elles a \u00e9t\u00e9 pl\u00e9biscit\u00e9e quasiment \u00e0 l\u2019unanimit\u00e9\u00a0\u00bb, pr\u00e9cise Olivier Brochard. C\u2019est donc sur cette base que le Nantais s\u2019est lanc\u00e9. Avant d\u2019y faire ses ajustements. \u00ab\u00a0Je propose une id\u00e9e, mais apr\u00e8s, je veux rester dans la spontan\u00e9it\u00e9 et l\u2019inspiration du moment\u00a0\u00bb, pr\u00e9vient Kors\u00e9. Le moment en question, c\u2019\u00e9tait mercredi\u00a023 et jeudi 24\u00a0avril 2025\u00a0: en une journ\u00e9e et demie, il a pu figer son \u0153uvre. Avec le sourire.<\/p>\n<p><img alt=\"Kors\u00e9 a pu r\u00e9aliser sa peinture jusqu\u2019\u00e0 10\u00a0m de haut, gr\u00e2ce \u00e0 une grue qu\u2019il pilotait.\" loading=\"lazy\" width=\"980\" height=\"573\" decoding=\"async\" data-nimg=\"1\" class=\"img-responsive spinner-show\" style=\"color:transparent;background-size:cover;background-position:50% 50%;background-repeat:no-repeat;background-image:url(&quot;data:image\/svg+xml;charset=utf-8,%3Csvg xmlns=\" http:=\"\" viewbox=\"0 0 980 573\" id=\"b\" color-interpolation-filters=\"sRGB\" stddeviation=\"20\" values=\"1 0 0 0 0 0 1 0 0 0 0 0 1 0 0 0 0 0 100 -1\" result=\"s\" x=\"0\" y=\"0\" operator=\"out\" in=\"s\" in2=\"SourceGraphic\" preserveaspectratio=\"none\" href=\"https:\/\/images.lanouvellerepublique.fr\/image\/upload\/t_88w\/f_auto\/6810d925516874832d8b4572.jpg\"   src=\"https:\/\/www.europesays.com\/fr\/wp-content\/uploads\/2025\/04\/6810d925516874832d8b4572.jpg\"\/><\/p>\n<p style=\"background-color:#F2F2F2;padding:5px;margin-top:0px;margin-bottom:10px\">Kors\u00e9 a pu r\u00e9aliser sa peinture jusqu\u2019\u00e0 10\u00a0m de haut, gr\u00e2ce \u00e0 une grue qu\u2019il pilotait.<br \/> \u00a9 Photo NR<\/p>\n<p>\u00ab\u00a0C\u2019\u00e9tait pour moi une \u00e9vidence de revenir, pr\u00e9cise l\u2019artiste, qui aime s\u2019engager sur des projets humains. Tous les ans, je donne du temps et de l\u2019\u00e9nergie \u00e0 des personnes plus d\u00e9munies, notamment au travers d\u2019une association franco-marocaine. Mais pour pouvoir d\u00e9gager du temps et des moyens, cela m\u2019oblige, en parall\u00e8le, \u00e0 trouver des projets lucratifs\u00a0\u00bb, souligne le graffeur. Cette fois, en r\u00e9compense du travail accompli, il a pu concilier les deux. Et sa cr\u00e9ation \u00eatre observ\u00e9e par les milliers de personnes qui, chaque jour, passeront devant.\ufeff<\/p>\n","protected":false},"excerpt":{"rendered":"Le totem prend des couleurs. Le long conteneur maritime dress\u00e9 devant l\u2019entr\u00e9e du magasin d\u2019Emma\u00fcs, \u00e0 Thouars, haut&hellip;\n","protected":false},"author":2,"featured_media":63566,"comment_status":"","ping_status":"","sticky":false,"template":"","format":"standard","meta":{"footnotes":""},"categories":[1358],"tags":[1392,1348,1384,1385,1386,58,33,59,1011,27,1393,1251,801,3400,2665],"class_list":{"0":"post-63565","1":"post","2":"type-post","3":"status-publish","4":"format-standard","5":"has-post-thumbnail","7":"category-arts-et-design","8":"tag-a-la-une-local","9":"tag-arts","10":"tag-arts-and-design","11":"tag-arts-et-design","12":"tag-design","13":"tag-divertissement","14":"tag-economie","15":"tag-entertainment","16":"tag-fr","17":"tag-france","18":"tag-loisirs","19":"tag-migrants","20":"tag-social","21":"tag-solidarite","22":"tag-thouars"},"share_on_mastodon":{"url":"https:\/\/pubeurope.com\/@fr\/114425223210253854","error":""},"_links":{"self":[{"href":"https:\/\/www.europesays.com\/fr\/wp-json\/wp\/v2\/posts\/63565","targetHints":{"allow":["GET"]}}],"collection":[{"href":"https:\/\/www.europesays.com\/fr\/wp-json\/wp\/v2\/posts"}],"about":[{"href":"https:\/\/www.europesays.com\/fr\/wp-json\/wp\/v2\/types\/post"}],"author":[{"embeddable":true,"href":"https:\/\/www.europesays.com\/fr\/wp-json\/wp\/v2\/users\/2"}],"replies":[{"embeddable":true,"href":"https:\/\/www.europesays.com\/fr\/wp-json\/wp\/v2\/comments?post=63565"}],"version-history":[{"count":0,"href":"https:\/\/www.europesays.com\/fr\/wp-json\/wp\/v2\/posts\/63565\/revisions"}],"wp:featuredmedia":[{"embeddable":true,"href":"https:\/\/www.europesays.com\/fr\/wp-json\/wp\/v2\/media\/63566"}],"wp:attachment":[{"href":"https:\/\/www.europesays.com\/fr\/wp-json\/wp\/v2\/media?parent=63565"}],"wp:term":[{"taxonomy":"category","embeddable":true,"href":"https:\/\/www.europesays.com\/fr\/wp-json\/wp\/v2\/categories?post=63565"},{"taxonomy":"post_tag","embeddable":true,"href":"https:\/\/www.europesays.com\/fr\/wp-json\/wp\/v2\/tags?post=63565"}],"curies":[{"name":"wp","href":"https:\/\/api.w.org\/{rel}","templated":true}]}}