{"id":635669,"date":"2026-01-02T07:01:10","date_gmt":"2026-01-02T07:01:10","guid":{"rendered":"https:\/\/www.europesays.com\/fr\/635669\/"},"modified":"2026-01-02T07:01:10","modified_gmt":"2026-01-02T07:01:10","slug":"larmee-russe-a-conquis-moins-de-1-du-territoire-ukrainien-en-2025-selon-les-analystes-de-deepstate","status":"publish","type":"post","link":"https:\/\/www.europesays.com\/fr\/635669\/","title":{"rendered":"l\u2019arm\u00e9e russe a conquis moins de 1\u00a0% du territoire ukrainien en\u00a02025, selon les analystes de DeepState"},"content":{"rendered":"<p>   Le pr\u00e9sident serbe esp\u00e8re un accord rapide entre la Russie et la Hongrie sur la compagnie p\u00e9troli\u00e8re serbe NIS             <\/p>\n<p class=\"post__live-container--answer-text post__space-node\">Le pr\u00e9sident serbe, Aleksandar Vucic, a d\u00e9clar\u00e9 jeudi esp\u00e9rer un accord rapide entre la Russie et la Hongrie sur la compagnie p\u00e9troli\u00e8re serbe NIS, vis\u00e9e par des sanctions de Washington, qui exige le retrait total du capital russe de cette soci\u00e9t\u00e9 cruciale pour l\u2019\u00e9conomie serbe.<\/p>\n<p class=\"post__live-container--answer-text post__space-node\">Selon Belgrade, des n\u00e9gociations sont en cours entre Gazprom et la compagnie p\u00e9troli\u00e8re et gazi\u00e8re hongroise MOL sur la vente de 56\u00a0% des parts du NIS contr\u00f4l\u00e9es par deux filiales du g\u00e9ant russe \u2212 Gazprom Neft et Intelligence.<\/p>\n<p class=\"post__live-container--answer-text post__space-node\">Les Etats-Unis ont accord\u00e9 mercredi un sursis de trois semaines \u00e0 NIS, lui permettant \u00e0 reprendre ses activit\u00e9s, en attendant un accord sur la vente. Apr\u00e8s neuf mois de reports successifs, Washington a impos\u00e9, le 9\u00a0octobre, des sanctions \u00e0 NIS, dans le cadre des sanctions plus vastes contre le secteur \u00e9nerg\u00e9tique russe, face au refus de la Russie de mettre un terme \u00e0 la guerre en Ukraine.<\/p>\n<p class=\"post__live-container--answer-text post__space-node\">Ces sanctions ont mis fin aux importations du brut par NIS, ce qui a conduit \u00e0 l\u2019arr\u00eat, au d\u00e9but de d\u00e9cembre, de sa raffinerie \u00e0 Pancevo, pr\u00e8s de Belgrade, l\u2019unique dans ce pays et qui approvisionne environ 80\u00a0% du march\u00e9 serbe.<\/p>\n<p class=\"post__live-container--answer-text post__space-node\">Le chef de l\u2019Etat serbe a salu\u00e9 l\u2019octroi de la licence temporaire par le bureau de contr\u00f4le des avoirs \u00e9trangers du Tr\u00e9sor am\u00e9ricain (OFAC), qui permettra \u00e0 NIS de reprendre ses activit\u00e9s jusqu\u2019au 23\u00a0janvier, notamment le raffinage.<\/p>\n<p class=\"post__live-container--answer-text post__space-node\">Il a expliqu\u00e9 que les importations du brut devraient reprendre d\u00e8s le 5\u00a0janvier et que la raffinerie devrait tourner \u00e0 plein r\u00e9gime vers le 17\u00a0janvier, \u00e0 savoir juste quelques jours avant l\u2019expiration du d\u00e9lai accord\u00e9 par Washington. \u00ab\u00a0J\u2019esp\u00e8re que les Russes et les Hongrois finiront d\u2019ici l\u00e0 leur travail\u00a0\u00bb, \u00e0 savoir parvenir \u00e0 un accord sur la vente des parts russes, a d\u00e9clar\u00e9 M. Vucic aux m\u00e9dias.<\/p>\n","protected":false},"excerpt":{"rendered":"Le pr\u00e9sident serbe esp\u00e8re un accord rapide entre la Russie et la Hongrie sur la compagnie p\u00e9troli\u00e8re serbe&hellip;\n","protected":false},"author":2,"featured_media":635184,"comment_status":"","ping_status":"","sticky":false,"template":"","format":"standard","meta":{"footnotes":""},"categories":[5],"tags":[11,1011,27,14,12,28],"class_list":{"0":"post-635669","1":"post","2":"type-post","3":"status-publish","4":"format-standard","5":"has-post-thumbnail","7":"category-international","8":"tag-actualites","9":"tag-fr","10":"tag-france","11":"tag-international","12":"tag-news","13":"tag-world"},"share_on_mastodon":{"url":"https:\/\/pubeurope.com\/@fr\/115824222680571958","error":""},"_links":{"self":[{"href":"https:\/\/www.europesays.com\/fr\/wp-json\/wp\/v2\/posts\/635669","targetHints":{"allow":["GET"]}}],"collection":[{"href":"https:\/\/www.europesays.com\/fr\/wp-json\/wp\/v2\/posts"}],"about":[{"href":"https:\/\/www.europesays.com\/fr\/wp-json\/wp\/v2\/types\/post"}],"author":[{"embeddable":true,"href":"https:\/\/www.europesays.com\/fr\/wp-json\/wp\/v2\/users\/2"}],"replies":[{"embeddable":true,"href":"https:\/\/www.europesays.com\/fr\/wp-json\/wp\/v2\/comments?post=635669"}],"version-history":[{"count":0,"href":"https:\/\/www.europesays.com\/fr\/wp-json\/wp\/v2\/posts\/635669\/revisions"}],"wp:featuredmedia":[{"embeddable":true,"href":"https:\/\/www.europesays.com\/fr\/wp-json\/wp\/v2\/media\/635184"}],"wp:attachment":[{"href":"https:\/\/www.europesays.com\/fr\/wp-json\/wp\/v2\/media?parent=635669"}],"wp:term":[{"taxonomy":"category","embeddable":true,"href":"https:\/\/www.europesays.com\/fr\/wp-json\/wp\/v2\/categories?post=635669"},{"taxonomy":"post_tag","embeddable":true,"href":"https:\/\/www.europesays.com\/fr\/wp-json\/wp\/v2\/tags?post=635669"}],"curies":[{"name":"wp","href":"https:\/\/api.w.org\/{rel}","templated":true}]}}