{"id":635676,"date":"2026-01-02T07:05:20","date_gmt":"2026-01-02T07:05:20","guid":{"rendered":"https:\/\/www.europesays.com\/fr\/635676\/"},"modified":"2026-01-02T07:05:20","modified_gmt":"2026-01-02T07:05:20","slug":"face-au-froid-ces-sans-abris-trouvent-refuge-a-la-halte-de-nuit-la-fontaine","status":"publish","type":"post","link":"https:\/\/www.europesays.com\/fr\/635676\/","title":{"rendered":"face au froid, ces sans-abris trouvent refuge \u00e0 la halte de nuit La Fontaine"},"content":{"rendered":"<p>Le thermom\u00e8tre affiche -6\u00b0C. Ce mercredi 31 janvier au matin, dernier jour de l\u2019ann\u00e9e 2025, le froid est mordant. Les rues sont d\u00e9sertes mais, devant la porte rouge au 3 rue Jean-de-La-Fontaine, une dizaine de personnes sont regroup\u00e9es. Il est 8\u00a0h\u00a027 et l\u2019accueil de jour de l\u2019association Rena\u00eetre va ouvrir dans quelques minutes. Comme elle le fait 365 jours par an.<\/p>\n<p>Bonnet enfonc\u00e9 sur la t\u00eate et veste \u00e9lim\u00e9e sur le dos, un homme toque, impatient. \u00c0 l\u2019int\u00e9rieur, il le sait, un caf\u00e9 bien chaud l\u2019attend. Une poign\u00e9e de personnes ont m\u00eame pu passer la nuit ici, <a href=\"https:\/\/www.leprogres.fr\/environnement\/2026\/01\/01\/jusqu-a-13-c-il-a-fait-tres-froid-pour-la-premiere-nuit-de-l-annee-dans-la-loire-et-la-haute-loire\" target=\"_blank\" rel=\"noopener\">\u00e0 l\u2019abri des temp\u00e9ratures n\u00e9gatives.<\/a><\/p>\n<p>Dix places ouvertes<\/p>\n<p>Depuis la fin de semaine derni\u00e8re, une vague de froid s\u2019est install\u00e9e sur le territoire. Pas assez intense pour d\u00e9clencher le plan grand froid,&#8230;<\/p>\n","protected":false},"excerpt":{"rendered":"Le thermom\u00e8tre affiche -6\u00b0C. Ce mercredi 31 janvier au matin, dernier jour de l\u2019ann\u00e9e 2025, le froid est&hellip;\n","protected":false},"author":2,"featured_media":635677,"comment_status":"","ping_status":"","sticky":false,"template":"","format":"standard","meta":{"footnotes":""},"categories":[9653],"tags":[1111,11,2430,7539,436,1777,674,1011,27,1908,3367,8423,12,25,4001,7538,801,104],"class_list":{"0":"post-635676","1":"post","2":"type-post","3":"status-publish","4":"format-standard","5":"has-post-thumbnail","7":"category-saint-etienne","8":"tag-actu","9":"tag-actualites","10":"tag-auvergne-rhone-alpes","11":"tag-edition-loire-sud","12":"tag-environnement","13":"tag-eu","14":"tag-europe","15":"tag-fr","16":"tag-france","17":"tag-logement","18":"tag-loire","19":"tag-meteorologie-climat","20":"tag-news","21":"tag-republique-francaise","22":"tag-saint-etienne","23":"tag-saint-etienne-ville","24":"tag-social","25":"tag-societe"},"share_on_mastodon":{"url":"https:\/\/pubeurope.com\/@fr\/115824238962954351","error":""},"_links":{"self":[{"href":"https:\/\/www.europesays.com\/fr\/wp-json\/wp\/v2\/posts\/635676","targetHints":{"allow":["GET"]}}],"collection":[{"href":"https:\/\/www.europesays.com\/fr\/wp-json\/wp\/v2\/posts"}],"about":[{"href":"https:\/\/www.europesays.com\/fr\/wp-json\/wp\/v2\/types\/post"}],"author":[{"embeddable":true,"href":"https:\/\/www.europesays.com\/fr\/wp-json\/wp\/v2\/users\/2"}],"replies":[{"embeddable":true,"href":"https:\/\/www.europesays.com\/fr\/wp-json\/wp\/v2\/comments?post=635676"}],"version-history":[{"count":0,"href":"https:\/\/www.europesays.com\/fr\/wp-json\/wp\/v2\/posts\/635676\/revisions"}],"wp:featuredmedia":[{"embeddable":true,"href":"https:\/\/www.europesays.com\/fr\/wp-json\/wp\/v2\/media\/635677"}],"wp:attachment":[{"href":"https:\/\/www.europesays.com\/fr\/wp-json\/wp\/v2\/media?parent=635676"}],"wp:term":[{"taxonomy":"category","embeddable":true,"href":"https:\/\/www.europesays.com\/fr\/wp-json\/wp\/v2\/categories?post=635676"},{"taxonomy":"post_tag","embeddable":true,"href":"https:\/\/www.europesays.com\/fr\/wp-json\/wp\/v2\/tags?post=635676"}],"curies":[{"name":"wp","href":"https:\/\/api.w.org\/{rel}","templated":true}]}}