{"id":635690,"date":"2026-01-02T07:21:43","date_gmt":"2026-01-02T07:21:43","guid":{"rendered":"https:\/\/www.europesays.com\/fr\/635690\/"},"modified":"2026-01-02T07:21:43","modified_gmt":"2026-01-02T07:21:43","slug":"les-quatre-nouveaux-signataires-du-plan-climat-de-la-metropole-de-grenoble","status":"publish","type":"post","link":"https:\/\/www.europesays.com\/fr\/635690\/","title":{"rendered":"Les quatre nouveaux signataires du plan climat de la M\u00e9tropole de Grenoble"},"content":{"rendered":"<p><strong>Grenoble Alpes M\u00e9tropole <\/strong>organise depuis vingt ans le <strong>Forum annuel du Plan Climat<\/strong>, en faveur de la transition \u00e9cologique et de la lutte contre le changement climatique. Ce mouvement rassemble pr\u00e8s de <strong>150 acteurs<\/strong> du territoire aussi bien des \u00e9lus et agents des 49 communes, des associations, des entreprises, des bailleurs sociaux, des Chambres consulaires, que des \u00e9tablissements d&rsquo;enseignement et de recherche. <\/p>\n<p>Lors de sa derni\u00e8re \u00e9dition organis\u00e9e le 18 d\u00e9cembre 2025, le Forum a accueilli <strong>quatre nouveaux signataires <\/strong>de la Charte d&rsquo;engagement dans le Plan Climat : la commune de Dom\u00e8ne, l&rsquo;Universit\u00e9 Grenoble Alpes (UGA), le Commissariat \u00e0 l&rsquo;\u00e9nergie atomique et aux \u00e9nergies alternatives (CEA), et La Poste. <\/p>\n<p> Forum annuel du Plan Climat : 35 communes de Grenoble Alpes M\u00e9tropoles signataires <\/p>\n<p>Avec l\u2019int\u00e9gration cette ann\u00e9e de la commune de <strong>Dom\u00e8ne<\/strong>, ce sont au total <strong>35 communes engag\u00e9es <\/strong>qui rejoignent cette dynamique. Cela repr\u00e9sente <strong>430 836 habitants<\/strong>, soit <strong>96 % de la population m\u00e9tropolitaine<\/strong>. Ces 35 communes signataires de la charte sont : Champ-sur-Drac, Champagnier, Claix, Corenc, Echirolles, Eybens, Fontaine, Gi\u00e8res, Grenoble, Herbeys, Le Gua, Jarrie, Meylan, Murianette, Noyarey, Poisat, Pont-de-Claix, Proveysieux, Quaix-en-Chartreuse, Saint-Barth\u00e9l\u00e9my-de-S\u00e9chilienne, Saint-Egr\u00e8ve, Saint-Martin-d&rsquo;H\u00e8res, Saint-Martin-le-Vinoux, Sassenage, S\u00e9chilienne, Seyssinet-Pariset, Seyssins, La Tronche, Vaulnaveys-Le-Haut, Varces, Veurey-Voroize, Venon, Vif, Vizille, Dom\u00e8ne.<\/p>\n<p> <img decoding=\"async\" alt=\"\" class=\"img-align-center img-size-limited\" data-zoomable=\"\" loading=\"lazy\" src=\"https:\/\/www.europesays.com\/fr\/wp-content\/uploads\/2026\/01\/forum-plan-climat-metropole.jpg\"\/> \u00a9 Grenoble Alpes M\u00e9tropole &#8211; Le Forum annuel Plan Climat de la M\u00e9tropole grenobloise a accueilli trois nouveaux signataires de la charte en 2025.\u00a0 <\/p>\n<p>Les engagements communaux s\u2019inscrivent dans <strong>les axes structurants du Plan climat air \u00e9nergie m\u00e9tropolitain <\/strong>(PCAEM), et concernent notamment l&rsquo;adaptation au <strong>changement climatique<\/strong>, la transition \u00e9nerg\u00e9tique et am\u00e9lioration de la qualit\u00e9 de l\u2019air, ou encore la valorisation des ressources du territoire. <\/p>\n<p>L&rsquo;UGA, Le CEA et La Poste rejoignent le Plan <strong>climat air \u00e9nergie m\u00e9tropolitain de Grenoble <\/strong> <\/p>\n<p>En 2025, Grenoble-Alpes M\u00e9tropole a souhait\u00e9 \u00e9largir cette mobilisation \u00e0 d&rsquo;autres acteurs publics et priv\u00e9s via une charte sp\u00e9cifique qui vient d&rsquo;\u00eatre sign\u00e9e par trois nouvelles structures.\u00a0 <\/p>\n<p><strong>L&rsquo;Universit\u00e9 Grenoble Alpes<\/strong> qui s&rsquo;engage \u00e0 former les \u00e9tudiants aux enjeux de la transition \u00e9cologique, et \u00e0 r\u00e9duire d&rsquo;ici 2030 de 35 % ses \u00e9missions de gaz \u00e0 effet de serre, de 23 % ses consommation d&rsquo;\u00e9nergies, tout en augmentant la part des \u00e9nergies renouvelables de 51 % d&rsquo;ici 2030. <\/p>\n<p>De son c\u00f4t\u00e9, le<strong> CEA<\/strong> a \u00e9galement pris les m\u00eames engagements : r\u00e9duction de ses \u00e9missions de 22 % d\u2019ici 2027, et de 25 % ses consommations d&rsquo;\u00e9nergies d&rsquo;ici 2030. <\/p>\n<p>Quant \u00e0 <strong>La Poste<\/strong>, elle s&rsquo;est fix\u00e9e pour objectifs de renforcer sa flotte de v\u00e9hicules utilitaires \u00e9lectriques et de 10 v\u00e9los-cargos pour la livraison des colis \u00e0 Grenoble. Mais \u00e9galement de r\u00e9duire les consommations \u00e9nerg\u00e9tiques des b\u00e2timents postaux de 20 % et les \u00e9missions de CO2 de 35 % d\u2019ici \u00e0 2030 par rapport \u00e0 2017.<\/p>\n","protected":false},"excerpt":{"rendered":"Grenoble Alpes M\u00e9tropole organise depuis vingt ans le Forum annuel du Plan Climat, en faveur de la transition&hellip;\n","protected":false},"author":2,"featured_media":635691,"comment_status":"","ping_status":"","sticky":false,"template":"","format":"standard","meta":{"footnotes":""},"categories":[9566],"tags":[1111,11,2430,74326,1777,674,1011,27,2731,3316,24592,12,74325,25,23907],"class_list":{"0":"post-635690","1":"post","2":"type-post","3":"status-publish","4":"format-standard","5":"has-post-thumbnail","7":"category-grenoble","8":"tag-actu","9":"tag-actualites","10":"tag-auvergne-rhone-alpes","11":"tag-cea-grenoble","12":"tag-eu","13":"tag-europe","14":"tag-fr","15":"tag-france","16":"tag-grenoble","17":"tag-la-poste","18":"tag-mu00e9tropole-de-grenoble","19":"tag-news","20":"tag-plan-climat-air-u00e9nergie-mu00e9tropolitain","21":"tag-republique-francaise","22":"tag-uga"},"share_on_mastodon":{"url":"https:\/\/pubeurope.com\/@fr\/115824301554490023","error":""},"_links":{"self":[{"href":"https:\/\/www.europesays.com\/fr\/wp-json\/wp\/v2\/posts\/635690","targetHints":{"allow":["GET"]}}],"collection":[{"href":"https:\/\/www.europesays.com\/fr\/wp-json\/wp\/v2\/posts"}],"about":[{"href":"https:\/\/www.europesays.com\/fr\/wp-json\/wp\/v2\/types\/post"}],"author":[{"embeddable":true,"href":"https:\/\/www.europesays.com\/fr\/wp-json\/wp\/v2\/users\/2"}],"replies":[{"embeddable":true,"href":"https:\/\/www.europesays.com\/fr\/wp-json\/wp\/v2\/comments?post=635690"}],"version-history":[{"count":0,"href":"https:\/\/www.europesays.com\/fr\/wp-json\/wp\/v2\/posts\/635690\/revisions"}],"wp:featuredmedia":[{"embeddable":true,"href":"https:\/\/www.europesays.com\/fr\/wp-json\/wp\/v2\/media\/635691"}],"wp:attachment":[{"href":"https:\/\/www.europesays.com\/fr\/wp-json\/wp\/v2\/media?parent=635690"}],"wp:term":[{"taxonomy":"category","embeddable":true,"href":"https:\/\/www.europesays.com\/fr\/wp-json\/wp\/v2\/categories?post=635690"},{"taxonomy":"post_tag","embeddable":true,"href":"https:\/\/www.europesays.com\/fr\/wp-json\/wp\/v2\/tags?post=635690"}],"curies":[{"name":"wp","href":"https:\/\/api.w.org\/{rel}","templated":true}]}}