{"id":635695,"date":"2026-01-02T07:24:12","date_gmt":"2026-01-02T07:24:12","guid":{"rendered":"https:\/\/www.europesays.com\/fr\/635695\/"},"modified":"2026-01-02T07:24:12","modified_gmt":"2026-01-02T07:24:12","slug":"une-nouvelle-etape-franchie-dans-la-reconversion-du-site-de-lancienne-brasserie","status":"publish","type":"post","link":"https:\/\/www.europesays.com\/fr\/635695\/","title":{"rendered":"une nouvelle \u00e9tape franchie dans la reconversion du site de l\u2019ancienne brasserie"},"content":{"rendered":"<p>Pour permettre la reconversion du site industriel de la brasserie Schutzenberger, ferm\u00e9e depuis 2006, en un espace mixte combinant des logements et de l\u2019activit\u00e9 \u00e9conomique, il fallait changer le plan local d\u2019urbanisme local intercommunal (PLUi).<\/p>\n<p>Le site de 2,6 hectares appartient \u00e0 la soci\u00e9t\u00e9 fonci\u00e8re B &amp; O depuis 2019. Depuis plusieurs ann\u00e9es, la municipalit\u00e9 de <a href=\"https:\/\/www.dna.fr\/elections\/2025\/09\/25\/schiltigheim-nathalie-jampoc-bertrand-(ps)-conduira-la-liste-de-l-actuelle-majorite-pas-danielle-dambach\" target=\"_blank\" rel=\"noopener\">l\u2019\u00e9cologiste Danielle Dambach<\/a> m\u00e8ne des n\u00e9gociations avec ce propri\u00e9taire afin de d\u00e9finir un projet qui, entre autres contraintes, pr\u00e9serve l\u2019histoire brassicole du site. Le site Schutzenberger comprend 14 b\u00e2timents inscrits au titre des monuments historiques.<\/p>\n<p>\u00c0 l\u2019automne, une <a href=\"https:\/\/www.dna.fr\/culture-loisirs\/2025\/08\/20\/reconversion-de-la-brasserie-schutzenberger-debut-de-l-enquete-publique-le-25-aout\" target=\"_blank\" rel=\"noopener\">enqu\u00eate publique<\/a> a permis de recueillir 105 contributions. Le&#8230;<\/p>\n","protected":false},"excerpt":{"rendered":"Pour permettre la reconversion du site industriel de la brasserie Schutzenberger, ferm\u00e9e depuis 2006, en un espace mixte&hellip;\n","protected":false},"author":2,"featured_media":635696,"comment_status":"","ping_status":"","sticky":false,"template":"","format":"standard","meta":{"footnotes":""},"categories":[2820],"tags":[1111,11,1984,2880,436,1777,674,107,1011,27,775,1908,12,316,25,5512,104,640,3265],"class_list":{"0":"post-635695","1":"post","2":"type-post","3":"status-publish","4":"format-standard","5":"has-post-thumbnail","7":"category-strasbourg","8":"tag-actu","9":"tag-actualites","10":"tag-conseil-municipal","11":"tag-edition-strasbourg","12":"tag-environnement","13":"tag-eu","14":"tag-europe","15":"tag-fil-info","16":"tag-fr","17":"tag-france","18":"tag-grand-est","19":"tag-logement","20":"tag-news","21":"tag-politique","22":"tag-republique-francaise","23":"tag-schiltigheim","24":"tag-societe","25":"tag-strasbourg","26":"tag-strasbourg-nord"},"share_on_mastodon":{"url":"https:\/\/pubeurope.com\/@fr\/115824313170593891","error":""},"_links":{"self":[{"href":"https:\/\/www.europesays.com\/fr\/wp-json\/wp\/v2\/posts\/635695","targetHints":{"allow":["GET"]}}],"collection":[{"href":"https:\/\/www.europesays.com\/fr\/wp-json\/wp\/v2\/posts"}],"about":[{"href":"https:\/\/www.europesays.com\/fr\/wp-json\/wp\/v2\/types\/post"}],"author":[{"embeddable":true,"href":"https:\/\/www.europesays.com\/fr\/wp-json\/wp\/v2\/users\/2"}],"replies":[{"embeddable":true,"href":"https:\/\/www.europesays.com\/fr\/wp-json\/wp\/v2\/comments?post=635695"}],"version-history":[{"count":0,"href":"https:\/\/www.europesays.com\/fr\/wp-json\/wp\/v2\/posts\/635695\/revisions"}],"wp:featuredmedia":[{"embeddable":true,"href":"https:\/\/www.europesays.com\/fr\/wp-json\/wp\/v2\/media\/635696"}],"wp:attachment":[{"href":"https:\/\/www.europesays.com\/fr\/wp-json\/wp\/v2\/media?parent=635695"}],"wp:term":[{"taxonomy":"category","embeddable":true,"href":"https:\/\/www.europesays.com\/fr\/wp-json\/wp\/v2\/categories?post=635695"},{"taxonomy":"post_tag","embeddable":true,"href":"https:\/\/www.europesays.com\/fr\/wp-json\/wp\/v2\/tags?post=635695"}],"curies":[{"name":"wp","href":"https:\/\/api.w.org\/{rel}","templated":true}]}}