{"id":635707,"date":"2026-01-02T07:31:19","date_gmt":"2026-01-02T07:31:19","guid":{"rendered":"https:\/\/www.europesays.com\/fr\/635707\/"},"modified":"2026-01-02T07:31:19","modified_gmt":"2026-01-02T07:31:19","slug":"il-faut-que-les-gens-decouvrent-cela","status":"publish","type":"post","link":"https:\/\/www.europesays.com\/fr\/635707\/","title":{"rendered":"Il faut que les gens d\u00e9couvrent cela"},"content":{"rendered":"<p>Marcel Moinard, maire d\u2019Amur\u00e9, a trouv\u00e9 le niveau artistique de Shen Yun magnifique, tant celui des danseurs que celui de l\u2019orchestre, ainsi que celui de la mise en sc\u00e8ne. \u00ab\u00a0Je ne sais m\u00eame pas qui est capable chez nous, en France, de pouvoir faire \u00e7a\u00a0\u00bb, a-t-il t\u00e9moign\u00e9 apr\u00e8s la repr\u00e9sentation.<\/p>\n<p>\u00ab\u00a0Le spectacle est magnifique, surtout tr\u00e8s significatif de votre culture, c\u2019est cela qui m\u2019int\u00e9resse le plus : c\u2019est de bien voir comment vous traduisez ce que vous avez connu autrefois et comment, aujourd\u2019hui, vous voyez l\u2019avenir\u00a0\u00bb, remarque-t-il. \u00ab\u00a0Quelque part, vous \u00eates en France, mais quelque part, vous avez des expressions qui indiquent l\u2019avenir. Et c\u2019est cela qui m\u2019a le plus int\u00e9ress\u00e9.\u00a0\u00bb<\/p>\n<p>Shen Yun est bas\u00e9 \u00e0 New York. Pour son vingti\u00e8me anniversaire, les huit compagnies de taille \u00e9quivalente se produiront dans 170 villes, dans 21 pays, sur cinq continents, lors de cette tourn\u00e9e 2026.<\/p>\n<p>\u00ab\u00a0On voit bien que la culture chinoise reste, mais vous ne l\u2019avez pas que chez vous. Et je crois que vous \u00eates en train de la repr\u00e9senter dans le monde entier. C\u2019est cela qui est magnifique\u00a0\u00bb, appr\u00e9cie M. Moinard.<\/p>\n<p>\u00ab\u00a0Il y a plus que la beaut\u00e9. Il y a l\u2019art divin, mais quelque part, il y a aussi la beaut\u00e9\u00a0\u00bb, pr\u00e9cise celui qui a tr\u00e8s bien ressenti une connexion avec le divin pendant tout le spectacle. \u00ab\u00a0Je pense que tout le monde l\u2019a ressentie. Moi, je l\u2019ai ressentie. On la ressent d\u00e8s le d\u00e9but.\u00a0\u00bb<\/p>\n<p>Le maire remarque que dans son pays du Marais poitevin, le c\u00e9leste existe aussi. \u00ab\u00a0On est dans le c\u00e9leste. On y est, mais on ne l\u2019exprime pas de la m\u00eame mani\u00e8re que vous.\u00a0\u00bb<\/p>\n<p>\u00ab\u00a0Le c\u00e9leste se trouve dans notre \u00e2me, chez chacun d\u2019entre nous. On n\u2019a pas la m\u00eame mani\u00e8re de l\u2019exprimer, mais on le ressent d\u2019entr\u00e9e de jeu\u00a0\u00bb, continue M. Moinard.<\/p>\n<p>\u00ab\u00a0On est dans un monde dans lequel on ne parle pas de c\u00e9leste, on parle plut\u00f4t d\u2019armes, de se tuer, de s\u2019entretuer, et de ce qu\u2019on veut, mais ce n\u2019est pas cela qui est bien.\u00a0\u00bb<\/p>\n<p>\u00ab\u00a0On ne peut pas fonctionner dans un monde tel que celui dans lequel on fonctionne aujourd\u2019hui. Vous savez, dans chaque r\u00e9gion, chaque pays, chacun a ses propres coutumes, mais on ne vit pas quand m\u00eame comme autrefois\u00a0\u00bb, ajoute l\u2019\u00e9dile. \u00ab\u00a0Il faut \u00eatre r\u00e9aliste et vivre sur cette plan\u00e8te, parce qu\u2019au fond, on est sur une plan\u00e8te, on est tous ensemble.\u00a0\u00bb<\/p>\n<p>Pour Marcel Moinard, comme pour son \u00e9pouse, tous deux \u00e9mus par le spectacle, \u00ab\u00a0il faut venir voir [Shen Yun]\u00a0\u00bb<\/p>\n<p>\u00ab\u00a0Dans nos communes, on le voit bien, les gens parlent de cela. Il y a beaucoup d\u2019habitants qui sont ici. Apr\u00e8s, c\u2019est peut-\u00eatre \u00e0 nous de dire de venir voir le spectacle aussi. On est \u00e9norm\u00e9ment touch\u00e9s.\u00a0\u00bb<\/p>\n<p>\u00ab\u00a0Il faut que les gens d\u00e9couvrent cela\u00a0\u00bb, affirme le maire d\u2019Amur\u00e9.<\/p>\n<p>S\u2019adressant aux artistes, M. Moinard s\u2019exclame : \u00ab\u00a0Ce que vous faites est magnifique. Je vous remercie \u00e9norm\u00e9ment.\u00a0\u00bb<\/p>\n","protected":false},"excerpt":{"rendered":"Marcel Moinard, maire d\u2019Amur\u00e9, a trouv\u00e9 le niveau artistique de Shen Yun magnifique, tant celui des danseurs que&hellip;\n","protected":false},"author":2,"featured_media":635708,"comment_status":"","ping_status":"","sticky":false,"template":"","format":"standard","meta":{"footnotes":""},"categories":[2817],"tags":[1111,11,1997,1777,674,1011,27,12,2219,25],"class_list":{"0":"post-635707","1":"post","2":"type-post","3":"status-publish","4":"format-standard","5":"has-post-thumbnail","7":"category-bordeaux","8":"tag-actu","9":"tag-actualites","10":"tag-bordeaux","11":"tag-eu","12":"tag-europe","13":"tag-fr","14":"tag-france","15":"tag-news","16":"tag-nouvelle-aquitaine","17":"tag-republique-francaise"},"share_on_mastodon":{"url":"https:\/\/pubeurope.com\/@fr\/115824340725475729","error":""},"_links":{"self":[{"href":"https:\/\/www.europesays.com\/fr\/wp-json\/wp\/v2\/posts\/635707","targetHints":{"allow":["GET"]}}],"collection":[{"href":"https:\/\/www.europesays.com\/fr\/wp-json\/wp\/v2\/posts"}],"about":[{"href":"https:\/\/www.europesays.com\/fr\/wp-json\/wp\/v2\/types\/post"}],"author":[{"embeddable":true,"href":"https:\/\/www.europesays.com\/fr\/wp-json\/wp\/v2\/users\/2"}],"replies":[{"embeddable":true,"href":"https:\/\/www.europesays.com\/fr\/wp-json\/wp\/v2\/comments?post=635707"}],"version-history":[{"count":0,"href":"https:\/\/www.europesays.com\/fr\/wp-json\/wp\/v2\/posts\/635707\/revisions"}],"wp:featuredmedia":[{"embeddable":true,"href":"https:\/\/www.europesays.com\/fr\/wp-json\/wp\/v2\/media\/635708"}],"wp:attachment":[{"href":"https:\/\/www.europesays.com\/fr\/wp-json\/wp\/v2\/media?parent=635707"}],"wp:term":[{"taxonomy":"category","embeddable":true,"href":"https:\/\/www.europesays.com\/fr\/wp-json\/wp\/v2\/categories?post=635707"},{"taxonomy":"post_tag","embeddable":true,"href":"https:\/\/www.europesays.com\/fr\/wp-json\/wp\/v2\/tags?post=635707"}],"curies":[{"name":"wp","href":"https:\/\/api.w.org\/{rel}","templated":true}]}}