{"id":635711,"date":"2026-01-02T07:33:40","date_gmt":"2026-01-02T07:33:40","guid":{"rendered":"https:\/\/www.europesays.com\/fr\/635711\/"},"modified":"2026-01-02T07:33:40","modified_gmt":"2026-01-02T07:33:40","slug":"concerts-expos-festivals-salons-les-grands-evenements-a-ne-pas-manquer-a-toulouse-en-2026","status":"publish","type":"post","link":"https:\/\/www.europesays.com\/fr\/635711\/","title":{"rendered":"Concerts, expos, festivals, salons\u2026 Les grands \u00e9v\u00e9nements \u00e0 ne pas manquer \u00e0 Toulouse en 2026"},"content":{"rendered":"<p>                    Par<br \/>\n        <strong><br \/>\n            <a href=\"https:\/\/actu.fr\/auteur\/gabriel-kenedi\" title=\"Consulter tous les articles de Gabriel Kenedi\" target=\"_blank\" rel=\"noopener\">Gabriel Kenedi<\/a><br \/>\n                    <\/strong><\/p>\n<p>        Publi\u00e9 le<\/p>\n<p>            2 janv. 2026 \u00e0 7h12        <\/p>\n<p>Que nous r\u00e9serve 2026 sur le plan culturel et \u00e9v\u00e9nementiel \u00e0 <strong>Toulouse<\/strong> ? Pour bien d\u00e9buter l\u2019ann\u00e9e, la r\u00e9daction d\u2019<a href=\"https:\/\/actu.fr\/toulouse\/loisirs-culture\" target=\"_blank\" rel=\"noopener\">Actu Toulouse<\/a> a recens\u00e9 les <strong>concerts, salons, festivals<\/strong> et <strong>expos<\/strong> qui rythmeront l\u2019ann\u00e9e ! Du Rose Festival en passant par le Rio Loco, les grandes expos, les spectacles ou les salons\u2026 <strong>Plus de 25 grands \u00e9v\u00e9nements<\/strong> vous attendent dans cette s\u00e9lection aux petits oignons. Suivez le guide !<\/p>\n<p class=\" wall-content\"><strong>JANVIER \/ FEVRIER \/ MARS\u00a0<\/strong><\/p>\n<ul class=\" wall-content\">\n<li><strong>Expo Castelbajac aux Abattoirs<\/strong><\/li>\n<\/ul>\n<p>    <img   decoding=\"async\" loading=\"lazy\" src=\"https:\/\/www.europesays.com\/fr\/wp-content\/uploads\/2026\/01\/expo-castelbajac-toulouse6-960x640.jpeg\" alt=\"Reconnaissez-vous cette robe port\u00e9e par la chanteuse Yelle ?\" width=\"960\" height=\"640\"\/><br \/>\n    Reconnaissez-vous cette robe port\u00e9e par la chanteuse Yelle ? (\u00a9Gabriel Kenedi \/ Actu Toulouse)<\/p>\n<p class=\" wall-content\">L\u2019expo a commenc\u00e9 \u00e0 la mi-d\u00e9cembre mais se poursuit jusqu\u2019en ao\u00fbt 2026 ! Rassemblant pr\u00e8s de 300 \u0153uvres, v\u00eatements, objets de design, dessins, photographies, \u00ab L\u2019Imagination au pouvoir \u00bb est une invitation \u00e0 d\u00e9couvrir les multiples facettes d\u2019un artiste et cr\u00e9ateur, Jean-Charles de Castelbajac, \u00e0 l\u2019inventivit\u00e9 sans limite.\u00a0<\/p>\n<p>Jusqu\u2019au 23 ao\u00fbt 2026, au mus\u00e9e des Abattoirs.\u00a0<\/p>\n<ul class=\" wall-content\">\n<li><strong>Red\u00e9couvrir le mus\u00e9e des Augustins\u00a0<\/strong><\/li>\n<\/ul>\n<p>Votre r\u00e9gion, votre actu !<\/p>\n<p>Recevez chaque jour les infos qui comptent pour vous.<\/p>\n<p>\t<a href=\"https:\/\/actu.fr\/newsletter\" class=\"ac-btn ac-btn--corner ac-btn--medium ac-btn--blue800\" target=\"_blank\" rel=\"noopener\">S&rsquo;incrire<\/a><\/p>\n<p>    <img   decoding=\"async\" loading=\"lazy\" src=\"https:\/\/www.europesays.com\/fr\/wp-content\/uploads\/2025\/12\/1766774905_81_musee-augustins-credit-mareva-laville-toulouse-960x640.jpeg\" alt=\"Le mus\u00e9e des Augustins vient de rouvrir.\" width=\"960\" height=\"640\"\/><br \/>\n    Le mus\u00e9e des Augustins vient de rouvrir. (\u00a9Mar\u00e9va Laville \/ Actu Toulouse)<\/p>\n<p class=\" wall-content\">Le mus\u00e9e des Augustins a rouvert ses portes, apr\u00e8s 7 ans de travaux, depuis le 19 d\u00e9cembre 2025. L\u2019ann\u00e9e 2026 est donc toute trouv\u00e9e pour se r\u00e9approprier et red\u00e9couvrir le mus\u00e9e des beaux arts de Toulouse, situ\u00e9 en plein centre-ville !\u00a0<\/p>\n<p>Rouvert depuis le 19 d\u00e9cembre 2025.<\/p>\n<ul class=\" wall-content\">\n<li><strong>Orelsan et Theodora en concert au Z\u00e9nith de Toulouse<\/strong><\/li>\n<\/ul>\n<p>    <img   decoding=\"async\" loading=\"lazy\" src=\"https:\/\/www.europesays.com\/fr\/wp-content\/uploads\/2026\/01\/62f578d52dd86b6f578d52dd8daf57v-960x640.jpg\" alt=\"Ce mercredi 12 novembre 2025, les organisateurs du Festival Beauregard remettent en vente 2 000 billets pour la journ\u00e9e du jeudi 2 juillet 2026, celle du concert d'Orelsan \u00e0 H\u00e9rouville, pr\u00e8s de Caen (Calvados).\" width=\"960\" height=\"640\"\/><br \/>\n    Orelsan va enflammer le Z\u00e9nith de Toulouse, les 4 et 5 f\u00e9vrier 2026. (\u00a9Mathieu Girard)<\/p>\n<p class=\" wall-content\">C\u2019est l\u2019un des shows les plus attendus de l\u2019ann\u00e9e ! Le rappeur <strong>Orelsan<\/strong> est de retour avec un nouvel album\u2026 et tourn\u00e9e passera au Z\u00e9nith de Toulouse, les 4 et 5 f\u00e9vrier 2026. Forc\u00e9ment un grand moment en perspective. Un mois plus tard, c\u2019est la \u00ab\u00a0boss lady\u00a0\u00bb de l\u2019ann\u00e9e 2025, <strong>Theodora<\/strong>, qui donnera un concert \u00e0 guichets ferm\u00e9s dans la plus grande salle de spectacles de la Ville rose, le 21 mars 2026.\u00a0<\/p>\n<p>Orelsan\u00a0 : les 4 et 5 f\u00e9vrier 2026, au Z\u00e9nith de Toulouse \/ Theodora, le 21 mars 2026.\u00a0<\/p>\n<p>    <img   decoding=\"async\" loading=\"lazy\" src=\"https:\/\/www.europesays.com\/fr\/wp-content\/uploads\/2026\/01\/equipe-cinema-abc-scop-toulouse-3-960x640.jpg\" alt=\"Six employ\u00e9s, sur les douze que compte l\u2019ABC, ont d\u00e9cid\u00e9 de s\u2019investir dans le projet de transformation de l'\u00e9tablissement en Scop\" width=\"960\" height=\"640\"\/><br \/>\n    En 2026, l\u2019ABC va f\u00eater ses 60 ans !\u00a0 (\u00a9DR)<\/p>\n<p class=\" wall-content\">L\u2019ann\u00e9e 2026 sera \u00e9galement marqu\u00e9e par un temps fort majeur : les 60 ans du Cin\u00e9ma ABC, qui seront c\u00e9l\u00e9br\u00e9s les 12, 13, 14 et 15 f\u00e9vrier. \u00c0 cette occasion, le cin\u00e9ma proposera un programme festif m\u00ealant avant-premi\u00e8res, rencontres, animations et moments conviviaux, afin de c\u00e9l\u00e9brer six d\u00e9cennies de passion cin\u00e9matographique, de transmission et d\u2019\u00e9change avec les publics.<\/p>\n<p>Du 12 au 15 f\u00e9vrier, \u00e0 l\u2019ABC.\u00a0<\/p>\n<p>    <img   decoding=\"async\" loading=\"lazy\" src=\"https:\/\/www.europesays.com\/fr\/wp-content\/uploads\/2026\/01\/carnaval-toulouse-2024-mlc-7-960x640.jpg\" alt=\"Les images du carnaval \u00e0 Toulouse. \" width=\"960\" height=\"640\"\/><br \/>\n    Le carnaval de Toulouse sera de retour en mars 2026. (\u00a9M\u00e9lina Le Corre \/ Actu Toulouse)<\/p>\n<p class=\" wall-content\">La bien nomm\u00e9e <strong>Parade des COCUs<\/strong>, aura lieu le samedi 14 mars 2026, \u00e0 Toulouse. Chaque ann\u00e9e, cet \u00e9v\u00e9nement festif, gratuit et color\u00e9 attire <strong>des milliers de personnes<\/strong> dans les rues de la Ville rose.\u00a0<\/p>\n<p>Le samedi 14 mars 2026.\u00a0<\/p>\n<ul class=\" wall-content\">\n<li><strong>Un grand concert symphonique avec Tarmo Peltokoski<\/strong><\/li>\n<\/ul>\n<p>    <img   decoding=\"async\" loading=\"lazy\" src=\"https:\/\/www.europesays.com\/fr\/wp-content\/uploads\/2026\/01\/tarmo-peltokoski-4-credit-romain-alcaraz-960x640-1-960x640.jpg\" alt=\"Tarmo Peltokoski est le nouveau directeur musical de l'Orchestre national du Capitole de Toulouse.\" width=\"960\" height=\"640\"\/><br \/>\n    Tarmo Peltokoski est le directeur musical de l\u2019Orchestre national du Capitole de Toulouse. (\u00a9Romain Alcaraz)<\/p>\n<p class=\" wall-content\">Apr\u00e8s avoir annul\u00e9 ses concerts pr\u00e9vus \u00e0 Toulouse en fin d\u2019ann\u00e9e 2025, le directeur musical de l\u2019Orchestre du Capitole, <strong>Tarmo Peltokolski<\/strong>, sera de retour le 13 mars 2026 pour un grand concert symphonique qu\u2019il dirigera avec \u00e0 ses c\u00f4t\u00e9s, un invit\u00e9 prestigieux : le jeune pianiste japonais Mao Fujita. Au programme, un r\u00e9pertoire alliant les grandes musiques de Chopin, Penderecki et Lutoslawski.\u00a0<\/p>\n<p>Le 13 mars 2026, \u00e0 la Halle aux Grains<\/p>\n<p>    <img   decoding=\"async\" loading=\"lazy\" src=\"https:\/\/www.europesays.com\/fr\/wp-content\/uploads\/2026\/01\/d3d121b2dd196d7d121b2dd19bbd12v-960x640.jpg\" alt=\"Caroline Estremo est sur la sc\u00e8ne de La Prade de Pradines le vendredi 28\u00a0novembre 2025.\" width=\"960\" height=\"640\"\/><br \/>\n    Caroline Estremo animera la Nuit du Printemps au Z\u00e9nith de Toulouse, le 27 mars prochain. (\u00a9Pierre BETEILLE)<\/p>\n<p class=\" wall-content\">Le festival d\u2019humour le plus c\u00e9l\u00e8bre de Toulouse sera de retour du 13 mars au 12 avril, avec au programme, plus de <strong>70 spectacles<\/strong> (Alex Vizorek, Rosa Bursztein, Djamil Le Shlag et bien d\u2019autres) et une<strong> Nuit du Printemps<\/strong> pr\u00e9vue au Z\u00e9nith (le 27 mars), anim\u00e9e par Caroline Estremo et les Coquettes. Incontournable\u00a0 !<\/p>\n<p>Du 13 mars au 12 avril, \u00e0 Toulouse et dans l\u2019agglo.\u00a0<\/p>\n<p>AVRIL \/ MAI\u00a0<\/p>\n<ul class=\" wall-content\">\n<li><strong>Bigflo et Oli : cinq concerts \u00e0 la maison\u00a0<\/strong><\/li>\n<\/ul>\n<p>    <img   decoding=\"async\" loading=\"lazy\" src=\"https:\/\/www.europesays.com\/fr\/wp-content\/uploads\/2026\/01\/beb71f54c657692c71f54c65786c71v-842x640.jpg\" alt=\"Bigflo et Oli seront pr\u00e9sents au V and B Fest' 2025.\" width=\"842\" height=\"640\"\/><br \/>\n    Bigflo et Oli vont lancer leur tourn\u00e9e par cinq concerts \u00ab\u00a0\u00e0 la maison\u00a0\u00bb, au Z\u00e9nith de Toulouse. (\u00a9Boby \u2013 BOBY)<\/p>\n<p class=\" wall-content\">Et si 2026 \u00e9tait leur ann\u00e9e ? <strong>Bigflo et Oli<\/strong>, qui pr\u00e9voient de sortir un nouvel album tr\u00e8s prochainement, d\u00e9buteront leur tourn\u00e9e \u00e0 Toulouse, o\u00f9 ils ont d\u00e9j\u00e0 pr\u00e9vu <strong>cinq concerts au Z\u00e9nith<\/strong>, les 17, 18, 19 avril et 14, 15 mai 2026 ! Les shows des deux rappeurs toulousains sont toujours des grands moments, et encore plus quand \u00e7a se passe dans leur Ville rose.\u00a0<\/p>\n<ul class=\" wall-content\">\n<li><strong>Expo \u00ab\u00a0Gaulois mais Romains !\u00a0\u00bb<\/strong><\/li>\n<\/ul>\n<p>    <img   decoding=\"async\" loading=\"lazy\" src=\"https:\/\/www.europesays.com\/fr\/wp-content\/uploads\/2026\/01\/msr-960x640.jpg\" alt=\"Le mus\u00e9e Saint-Raymond de Toulouse va temporairement fermer ses portes \u00e0 partir du mardi 2 novembre 2021.\" width=\"960\" height=\"640\"\/><br \/>\n    Le mus\u00e9e Saint-Raymond de Toulouse rouvrira au printemps 2026 avec une expo qui vaudra son pesant de sesterces ! \u00a9Archives \/ Actu Toulouse)<\/p>\n<p class=\" wall-content\">Au printemps 2026, l\u2019expo\u00a0<strong>\u00ab\u00a0Gaulois mais Romains !\u00a0\u00bb<\/strong>\u00a0vaudra son pesant de\u00a0<strong>sesterces\u00a0<\/strong>!\u00a0<\/p>\n<p class=\" wall-content\">Objectif de cette exposition qui se d\u00e9roulera au Mus\u00e9e Saint-Raymond ? Il s\u2019agira de d\u00e9construire<strong> le mythe du Gaulois barbare et chevelu<\/strong>. \u00c0 travers des pr\u00eats du mus\u00e9e de la romanit\u00e9 de Nimes et du mus\u00e9e d\u2019arch\u00e9ologie nationale de Saint-Germain en Laye, il s\u2019agira \u00e0 travers cette exposition d\u2019offrir un nouvel \u00e9clairage sur la Gaule et la Gaule Romaine.\u00a0<\/p>\n<p>Du 3 avril 2026 au 3 janvier 2027, au Mus\u00e9e Saint-Raymond.\u00a0\u00a0<\/p>\n<ul class=\" wall-content\">\n<li><strong>La r\u00e9ouverture de la Cin\u00e9math\u00e8que<\/strong><\/li>\n<\/ul>\n<p>    <img   decoding=\"async\" loading=\"lazy\" src=\"https:\/\/www.europesays.com\/fr\/wp-content\/uploads\/2026\/01\/cinematheque-de-toulouse-en-avril-2024-david-saint-sernin-actu-toulouse-960x640.jpg\" alt=\"La Cin\u00e9math\u00e8que de Toulouse, situ\u00e9e rue du Taur, va \u00eatre totalement reconfigur\u00e9e avec, \u00e0 la cl\u00e9, la cr\u00e9ation d'une nouvelle salle de cin\u00e9ma de 100 places. \" width=\"960\" height=\"640\"\/><br \/>\n    La Cin\u00e9math\u00e8que de Toulouse, situ\u00e9e rue du Taur, va \u00eatre totalement reconfigur\u00e9e avec, \u00e0 la cl\u00e9, la cr\u00e9ation d\u2019une nouvelle salle de cin\u00e9ma de 100 places. La r\u00e9ouverture est pr\u00e9vue pour avril 2026 (\u00a9David Saint-Sernin\/Actu Toulouse)<\/p>\n<p class=\" wall-content\">Lieu embl\u00e9matique \u00e0 Toulouse, la <strong>Cin\u00e9math\u00e8que<\/strong> \u2013 agrandie notamment d\u2019une troisi\u00e8me salle de 100 places \u2013 va rouvrir ses portes le 10 avril 2026, apr\u00e8s 18 mois de travaux. Et pour l\u2019occasion, un grand week-end de f\u00eate aura lieu du <strong>10 au 12 avril 2025<\/strong>, pour f\u00eater le retour de ce lieu culturel embl\u00e9matique de la rue du Taur.\u00a0<\/p>\n<p>Du 10 au 12 avril 2026, \u00e0 la Cin\u00e9math\u00e8que.\u00a0<\/p>\n<ul class=\" wall-content\">\n<li><strong>La Foire Internationale de Toulouse<\/strong><\/li>\n<\/ul>\n<p>    <img   decoding=\"async\" loading=\"lazy\" src=\"https:\/\/www.europesays.com\/fr\/wp-content\/uploads\/2026\/01\/img-1926-960x640.jpeg\" alt=\"La 92e \u00e9dition de la Foire Internationale de Toulouse est lanc\u00e9e \" width=\"960\" height=\"640\"\/><br \/>\n    La 93e \u00e9dition de la Foire Internationale de Toulouse aura lieu du 10 au 19 avril 2026 (\u00a9L\u00e9a Afonso \/ Actu Toulouse )<\/p>\n<p class=\" wall-content\">C\u2019est chaque ann\u00e9e un incontournable ! La <strong>Foire Internationale de Toulouse<\/strong> sera de retour du 10 au 19 avril 2026, au <strong>Meett<\/strong>, le parc des Expos de Toulouse M\u00e9tropole. Au programme ? Des centaines d\u2019exposants, des bonnes affaires, des rencontres, des nocturenes ou encore une expo in\u00e9dite et immersive \u00e0 d\u00e9couvrir.\u00a0<\/p>\n<p>Du 10 au 19 avril 2026<\/p>\n<ul class=\" wall-content\">\n<li><strong>Shen-Yun, le spectacle \u00e9v\u00e9nement au Z\u00e9nith\u00a0<\/strong><\/li>\n<\/ul>\n<p>    <img   decoding=\"async\" loading=\"lazy\" src=\"https:\/\/www.europesays.com\/fr\/wp-content\/uploads\/2026\/01\/shen-yun-960x631.jpg\" alt=\"Le spectacle Shen Yun sera \u00e0 d\u00e9couvrir en avril 2026. \" width=\"960\" height=\"631\"\/><br \/>\n    Le spectacle Shen Yun sera \u00e0 d\u00e9couvrir en avril 2026. (\u00a9Shen Yun Performing Arts)<\/p>\n<p class=\" wall-content\">Du 24 au 29 avril 2026, pas moins de<strong> 7 repr\u00e9sentations<\/strong> du spectacle \u00e9v\u00e9nement <strong>Shen Yun<\/strong> sont programm\u00e9es au Z\u00e9nith de Toulouse. Un spectacle qui promet \u00ab\u00a0un voyage unique au c\u0153ur de la Chine antique\u00a0\u00bb, gr\u00e2ce \u00e0 la beaut\u00e9 des tableaux et des costumes, aux prouesses des artistes, \u00e0 la gr\u00e2ce des danseuses.<\/p>\n<p>Du 24 au 29 avril 2026, au Z\u00e9nith de Toulouse.\u00a0<\/p>\n<ul class=\" wall-content\">\n<li><strong>La 40e \u00e9dition d\u2019Air Expo\u00a0<\/strong><\/li>\n<\/ul>\n<p>    <img   decoding=\"async\" loading=\"lazy\" src=\"https:\/\/www.europesays.com\/fr\/wp-content\/uploads\/2026\/01\/air-expo-dr-960x640.png\" alt=\"Air Expo c\u00e9l\u00e8brera sa 40 \u00e9dition en 2026 ! \" width=\"960\" height=\"640\"\/><br \/>\n    Air Expo c\u00e9l\u00e8brera sa 40 \u00e9dition en 2026 ! (\u00a9DR)<\/p>\n<p class=\" wall-content\">Air Expo donne rendez-vous le samedi 9 mai 2026, \u00e0 l\u2019a\u00e9rodrome de Muret-Lherm, pour c\u00e9l\u00e9brer la<strong> 40e \u00e9dition<\/strong> de ce meeting a\u00e9rien unique dans le Sud-Ouest, qui est l\u2019un des plus importants de France et qui rassemble chaque ann\u00e9e des milliers de passionn\u00e9s.<\/p>\n<p class=\" wall-content\">Au programme ? Un journ\u00e9e inoubliable avec des avions au plus pr\u00e8s de vous (en vol et au sol), des stands, des food trucks, une boutique, une buvette ou encore des bapt\u00eames en h\u00e9licopt\u00e8re.<\/p>\n<p>Le samedi 9 mai 2026, \u00e0 l\u2019a\u00e9rodrome de Muret-Lherm.\u00a0<\/p>\n<ul class=\" wall-content\">\n<li><strong>Festival CTRL+F, premi\u00e8re \u00e9dition !\u00a0<\/strong><\/li>\n<\/ul>\n<p>    <img   decoding=\"async\" loading=\"lazy\" src=\"https:\/\/www.europesays.com\/fr\/wp-content\/uploads\/2025\/05\/bikini-ambiance-credit-louis-derigon-toulouse-concert-960x640.jpg\" alt=\"Le Bikini repart pour une nouvelle saison de concerts ! \" width=\"960\" height=\"640\"\/><br \/>\n    Le Bikini pr\u00e9sentera la premi\u00e8re \u00e9dition du festival Ctrl+F, en mai 2026 ! (\u00a9Louis Derigon \/ Bikini)<\/p>\n<p class=\" wall-content\">Le festiva<strong>l Ctrl+F<\/strong>, qui remplace l\u2019embl\u00e9matique Weekend des Curiosit\u00e9s, lancera sa toute premi\u00e8re \u00e9dition du 29 au 31 mai 2026. Le concept ? Les artistes \u00e9mergeants les plus talentueux de la sc\u00e8ne pop, rap ou \u00e9lectro, r\u00e9unis dans un lieu mythique, le <strong>Bikini<\/strong>, r\u00e9am\u00e9nag\u00e9 en mode festival pour l\u2019occasion.\u00a0<\/p>\n<p>Du 29 au 31 mai 2026, au Bikini.<\/p>\n<ul class=\" wall-content\">\n<li><strong>Le Nouveau Printemps avec Rossy de Palma<\/strong><\/li>\n<\/ul>\n<p>    <img   decoding=\"async\" loading=\"lazy\" src=\"https:\/\/www.europesays.com\/fr\/wp-content\/uploads\/2026\/01\/rossy-de-palma-par-manuel-outumuro-1994-2017-960x640.png\" alt=\"Rossy de Palma sera l'artiste associ\u00e9e du festival Nouveau Printemps, \u00e0 Toulouse. \" width=\"960\" height=\"640\"\/><br \/>\n    Rossy de Palma sera l\u2019artiste associ\u00e9e du festival Nouveau Printemps, \u00e0 Toulouse. (\u00a9Manuel-Outumuro-)<\/p>\n<p class=\" wall-content\">Le<strong> Nouveau Printemps<\/strong>, festival de cr\u00e9ation contemporaine aura lieu du 29 mai au 28 juin 2026, dans les quartiers Marengo, Bonnefoy et Jolimont. Et cette ann\u00e9e, c\u2019est <strong>Rossy de Palma<\/strong>, figure singuli\u00e8re du cin\u00e9ma et de la sc\u00e8ne artistique espagnole, qui sera l\u2019artiste de cette \u00e9dition. Cela sera donc \u00e0 elle d\u2019imaginer un parcours d\u2019exposition in\u00e9dit dans ces trois quartiers de Toulouse ! On a d\u00e9j\u00e0 h\u00e2te.\u00a0<\/p>\n<p>Du 29 mai au 28 juin 2026 dans les quartiers Marengo, Bonnefoy et Jolimont.\u00a0<\/p>\n<p>JUIN \/ JUILLET\/ AOUT<\/p>\n<ul class=\" wall-content\">\n<li><strong>Rio Loco se met sur son 31\u00a0<\/strong><\/li>\n<\/ul>\n<p>    <img   decoding=\"async\" loading=\"lazy\" src=\"https:\/\/www.europesays.com\/fr\/wp-content\/uploads\/2025\/12\/abf8a428fb7669ff8a428fb766309av-960x640.jpg\" alt=\"La derni\u00e8re soir\u00e9e du festival Rio Loco est annul\u00e9e \u00e0 cause des risques d'orages \u00e0 Toulouse.\" width=\"960\" height=\"640\"\/><br \/>\n    Le festival Rio Loco partira \u00e0 la rencontre des cultures et musiques insulaires, en 2026. (\u00a9M\u00e9lina Le Corre \/ Actu Toulouse)<\/p>\n<p class=\" wall-content\">L\u2019\u00e9dition 2025 avait rassembl\u00e9 plus de 70 000 spectateurs ! Pour sa 31e \u00e9dition, <strong>Rio Loco<\/strong> sera de retour au bord de la Prairie des Filtres, du 10 au 14 juin 2026. En 2026, Rio Loco partira \u00e0 la rencontre cultures et musiques insulaires, pour une \u00e9dition baptis\u00e9e <strong>\u00ab\u00a0Insulae\u00a0\u00bb<\/strong>. Les artistes programm\u00e9s devraient \u00eatre annonc\u00e9s dans les prochaines semaines !\u00a0<\/p>\n<p>Du 10 au 14 juin 2026, \u00e0 la prairie des Filtres\u00a0<\/p>\n<ul class=\" wall-content\">\n<li><strong>Les stars de l\u2019\u00e9lectro au Poney Club\u00a0<\/strong><\/li>\n<\/ul>\n<p>    <img   decoding=\"async\" loading=\"lazy\" src=\"https:\/\/www.europesays.com\/fr\/wp-content\/uploads\/2026\/01\/amelie-lens-960x574.jpg\" alt=\"Amelie Lens\" width=\"960\" height=\"574\"\/><br \/>\n    La star de la musique \u00e9lectro Amelie Lens est annonc\u00e9e au Poney Club en 2026.<\/p>\n<p class=\" wall-content\">C\u2019est devenu le plus grand open air de France ! Le <strong>Poney Club<\/strong>, qui s\u2019installe chaque ann\u00e9e au bord des pistes de l\u2019a\u00e9roport Toulouse-Blagnac, sera de retour \u00e0 partir du 3 juin 2026. Les premiers noms annonc\u00e9s ces derni\u00e8res semaines ont de quoi mettre l\u2019eau \u00e0 la bouche : Bon Entendeur, Carl Cox, Polo &amp; Pan, Amelie Lens, The Avener, Meute, Hardwell et Bakermat seront pr\u00e9sents\u2026 en attendant la suite !\u00a0<\/p>\n<p>A partir du 3 juin 2026, sur le parking P3 de l\u2019a\u00e9roport Toulouse-Blagnac<\/p>\n<ul class=\" wall-content\">\n<li><strong>Carmen au Th\u00e9\u00e2tre du Capitole<\/strong><\/li>\n<\/ul>\n<p>    <img   decoding=\"async\" loading=\"lazy\" src=\"https:\/\/www.europesays.com\/fr\/wp-content\/uploads\/2026\/01\/carmen-opera-960x640.jpg\" alt=\"Carmen - Marie Nicole Lemieux\" width=\"960\" height=\"640\"\/><br \/>\n    Carmen \u2013 Marie Nicole Lemieux (\u00a9Mirco Magliocca)<\/p>\n<p class=\" wall-content\">C\u2019est tout simplement l\u2019op\u00e9ra le plus populaire au monde, et sans doute aussi l\u2019un des plus bouleversants. <strong>Carmen<\/strong> sera \u00e0 (re)d\u00e9couvrir au <strong>Th\u00e9\u00e2tre du Capitole<\/strong>, du 26 juin au 5 juillet 2026 pour huit repr\u00e9sentations qui s\u2019annoncent exceptionnelles, et qui cl\u00f4tureront la saison lyrique.\u00a0<\/p>\n<p>Du 26 juin au 5 juillet 2026, au Th\u00e9\u00e2tre du Capitole<\/p>\n<ul class=\" wall-content\">\n<li><strong>Le Festival de Toulouse avec Calogero<\/strong><\/li>\n<\/ul>\n<p>    <img   decoding=\"async\" loading=\"lazy\" src=\"https:\/\/www.europesays.com\/fr\/wp-content\/uploads\/2026\/01\/a60b3e9c0fc76ca0b3e9c0fc79f0b3v-960x640.jpg\" alt=\"Le concert de Calogero, une premi\u00e8re pour toute l'\u00e9quipe du Skope.\" width=\"960\" height=\"640\"\/><br \/>\n    Calogero sera l\u2019une des stars \u00e0 l\u2019affiche du Festival de Toulouse. (\u00a9Mathieu Girard)<\/p>\n<p class=\" wall-content\">La 5e \u00e9dition du <strong>Festival de Toulouse<\/strong> se tiendra du mardi 30 juin au samedi 11 juillet 2026. Deux premiers concerts ont \u00e9t\u00e9 d\u00e9voil\u00e9s en avant-premi\u00e8re. Au Casino Barri\u00e8re, l\u2019Orchestre du Festival de Toulouse interpr\u00e8tera les plus grandes musiques de John Williams sous la direction de Christophe Millet (1er juillet) tandis que Calogero c\u00e9l\u00e8brera \u00e0 la Halle aux Grains son riche r\u00e9pertoire avec des morceaux choisis pr\u00e9sent\u00e9s dans des versions in\u00e9dites.\u00a0<\/p>\n<p>Du 30 juin au 11 juillet 2026.\u00a0<\/p>\n<ul class=\" wall-content\">\n<li><strong>Le NRJ Music Tour et le Feu d\u2019artifice du 14-Juillet\u00a0<\/strong><\/li>\n<\/ul>\n<p>    <img   decoding=\"async\" loading=\"lazy\" src=\"https:\/\/www.europesays.com\/fr\/wp-content\/uploads\/2026\/01\/des-milliers-de-toulousains-sont-attendus-a-la-prairie-des-filtres-de-toulouse-pour-les-festivites-d.png\" alt=\"C'est un des rendez-vous de l'\u00e9t\u00e9 : le grand concert gratuit du 14-Juillet, \u00e0 la prairie des Filtres, \u00e0 Toulouse. \" width=\"960\" height=\"640\"\/><br \/>\n    C\u2019est un des rendez-vous de l\u2019\u00e9t\u00e9 : le grand concert gratuit du 14-Juillet, \u00e0 la prairie des Filtres, \u00e0 Toulouse. (\u00a9Patrice Nin \/ Mairie de Toulouse)<\/p>\n<p class=\" wall-content\">Pour le moment aucune date n\u2019a \u00e9t\u00e9 annonc\u00e9e mais comme chaque ann\u00e9e, le <strong>NRJ Music Tour<\/strong> devrait prendre \u00e0 nouveau place sur la<strong> prairie des Filtres<\/strong>, pour accueillir un concert g\u00e9ant et gratuits avec de nombreux artistes en vogue.<\/p>\n<p class=\" wall-content\">Chaque ann\u00e9e, <strong>pr\u00e8s de 300 000 spectateurs<\/strong> assistent \u00e0 ce moment festif, qui sera suivi par le tirage du <strong>grand feu d\u2019artifice du 14-Juillet<\/strong>, en bord de Garonne. L\u2019an dernier, les c\u00e9l\u00e9brations avaient eu lieu le 13 juillet. Rebelote en 2026 ?\u00a0<\/p>\n<p>Le 13 juillet 2026 (dates \u00e0 confirmer).\u00a0<\/p>\n<ul class=\" wall-content\">\n<li><strong>Aya Nakamura au Rose Festival<\/strong><\/li>\n<\/ul>\n<p>    <img   decoding=\"async\" loading=\"lazy\" src=\"https:\/\/www.europesays.com\/fr\/wp-content\/uploads\/2026\/01\/aya-nakamura-fifou-960x640.jpg\" alt=\"Aya Nakamura sera l'une des stars \u00e0 l'affiche du Rose Festival 2026 !\" width=\"960\" height=\"640\"\/><br \/>\n    Aya Nakamura sera l\u2019une des stars \u00e0 l\u2019affiche du Rose Festival 2026 ! (\u00a9Fifou)<\/p>\n<p class=\" wall-content\">C\u2019est tout simplement devenu le plus gros festival de la r\u00e9gion toulousaine ! Le <strong>Rose Festival<\/strong> sera de retour pour une \u00e9dition XXL, du 27 au 29 ao\u00fbt 2026, au Meett, le Parce des Expositions de Toulouse M\u00e9tropole situ\u00e9 \u00e0 Aussonne. Le festival imagin\u00e9 Bigflo et Oli a d\u00e9j\u00e0 annonc\u00e9 de sacr\u00e9s noms puisque Aya Nakamura, DJ Snake, Macklemore, Josman, Charlotte Cardin, Iliona, Ino Casablanca, et Kungs seront pr\u00e9sents ! Et la line-up devrait continuer \u00e0 s\u2019\u00e9toffer dans les prochaines semaines.\u00a0<\/p>\n<p>Du 27 au 29 ao\u00fbt 2026, au Meett<\/p>\n<p>SEPTEMBRE \/ OCTOBRE<\/p>\n<ul class=\" wall-content\">\n<li><strong>Star Wars, un cin\u00e9-concert exceptionnel au Z\u00e9nith\u00a0<\/strong><\/li>\n<\/ul>\n<p>    <img   decoding=\"async\" loading=\"lazy\" src=\"https:\/\/www.europesays.com\/fr\/wp-content\/uploads\/2026\/01\/afp-star-wars-dark-darth-vador-sabre-laser-arme-vente-aux-encheres-objet-culte-cinema-960x640.jpg\" alt=\"\" width=\"960\" height=\"640\"\/><br \/>\n    \u00ab\u00a0Star Wars : Episode V \u2013 L\u2019Empire contre-attaque\u00a0\u00bb est sorti en 1980. (\u00a9LUCASFILM \/ Archives du 7eme Art \/ AFP)<\/p>\n<p class=\" wall-content\">La saga <strong>Star Wars<\/strong> est de retour au Z\u00e9nith de Toulouse, qui proposera un cin\u00e9-concert exceptionnel, le jeudi 24 septembre 2026 en collaboration avec l\u2019Orchestre du Capitole, autour du deuxi\u00e8me volet des aventures galactiques et cultissimes de Luke Skylwalker, \u00ab\u00a0L\u2019Empire contre-attaque\u00a0\u00bb. Un grand moment de musique\u2026 et de cin\u00e9ma, \u00e0 vivre dans la plus grande salle de la Ville rose.\u00a0<\/p>\n<p>Le jeudi 24 septembre 2026, au Z\u00e9nith de Toulouse.\u00a0<\/p>\n<ul class=\" wall-content\">\n<li><strong>Expo consacr\u00e9e \u00e0 Joan Miro aux Abattoirs\u00a0<\/strong><\/li>\n<\/ul>\n<p>    <img   decoding=\"async\" loading=\"lazy\" src=\"https:\/\/www.europesays.com\/fr\/wp-content\/uploads\/2026\/01\/d8f9649d56086dcf9649d5608a00a6v-960x640.jpg\" alt=\"Le Mus\u00e9e des Abattoirs va encore cr\u00e9er l'\u00e9v\u00e9nement avec une carte blanche consacr\u00e9e \u00e0 Jean-Charles de Castelbajac.\u00a0\" width=\"960\" height=\"640\"\/><br \/>\n    Le Mus\u00e9e des Abattoirs pr\u00e9voit une grande exposition consacr\u00e9e \u00e0 l\u2019artiste catalan Joan Miro. (\u00a9Lucie Jodot\u00a0)<\/p>\n<p class=\" wall-content\">Attention, grand \u00e9v\u00e9nement en perspective ! Apr\u00e8s Picasso, Niki de Saint-Phalle ou encore Giacometti, la prochaine\u00a0grande exposition\u00a0organis\u00e9e par la Ville de Toulouse sera consacr\u00e9e \u00e0 l\u2019artiste catalan\u00a0<strong>Joan Miro<\/strong>\u00a0(1893-1983).\u00a0<\/p>\n<p class=\" wall-content\">Cette exposition accueillera des pr\u00eats de la fondation Miro de Barcelone, avec pour angle, l\u2019anti-peinture : une p\u00e9riode o\u00f9 Miro a voulu s\u2019extraire d\u2019un certain formalisme conventionnel en cr\u00e9ant des \u0153uvres sous forme d\u2019assemblages, de collages de mat\u00e9riaux, bruts et rugueux.\u00a0<\/p>\n<p class=\" wall-content\">En 1927, Miro d\u00e9clara vouloir en effet\u00a0\u00ab assassiner la peinture \u00bb\u00a0: l\u2019exposition pr\u00e9sent\u00e9e aux Abattoirs \u00e0 l\u2019automne 2026 explorera donc <strong>cette crise \u00ab d\u2019anti-peinture \u00bb<\/strong> du grand artiste catalan, qui se traduisit par une riche exp\u00e9rimentation de mat\u00e9riaux et de techniques, avant un retour \u00e0 ses premi\u00e8res amours. On a d\u00e9j\u00e0 h\u00e2te !<\/p>\n<p>Du 2 octobre 2026 au 7 mars 2027.\u00a0<\/p>\n<p>    <img   decoding=\"async\" loading=\"lazy\" src=\"https:\/\/www.europesays.com\/fr\/wp-content\/uploads\/2026\/01\/mecanik-paradize-1-960x640.jpg\" alt=\"Le festival Pink Paradize revient du 3 au 13 octobre 2024 avec une programmation de folie ! \" width=\"960\" height=\"640\"\/><br \/>\n    Le festival Mecanik Paradize sera de retour du 8 au 11 mars 2026, \u00e0 la Halle de La Machine. (\u00a9Gabriel Kenedi \/ actu Toulouse (archives))<\/p>\n<p class=\" wall-content\">C\u2019est l\u00e0 encore un festival tr\u00e8s attendu \u00e0 Toulouse. Du 8 au 11 octobre 2026, <strong>Mecanik Paradize<\/strong> sera de retour (en plein air) \u00e0 la Halle de la Machine pour proposer un concept unique au monde qui m\u00e9lange musique live, machines vivantes et sc\u00e9nographie de feu pour l\u2019ouverture du festival Pink Paradize 2026 !\u00a0<\/p>\n<p>Du 8 au 11 octobre 2026, \u00e0 la Halle de La Machine.\u00a0<\/p>\n<p>NOVEMBRE \/ DECEMBRE\u00a0<\/p>\n<ul class=\" wall-content\">\n<li><strong>Une expo immersive aux Jacobins<\/strong><\/li>\n<\/ul>\n<p>    <img   decoding=\"async\" loading=\"lazy\" src=\"https:\/\/www.europesays.com\/fr\/wp-content\/uploads\/2026\/01\/jacobins-toulouse-gk-960x640.jpg\" alt=\"L'exposition est \u00e0 voir \u00e0 la fois aux Jacobins et au mus\u00e9e Saint-Raymond, au centre-ville de Toulouse. \" width=\"960\" height=\"640\"\/><br \/>\n    Une exposition immersive sera \u00e0 d\u00e9couvrir aux Jacobins \u00e0 la fin de l\u2019ann\u00e9e 2026. (\u00a9Gabriel Kenedi \/ Actu Toulouse)<\/p>\n<p class=\" wall-content\">\u00ab <strong>Bal au Grand-H\u00f4tel<\/strong> : se divertir \u00e0 Toulouse et \u00e0 La Belle Epoque (1888-1914) \u00bb, voil\u00e0 le th\u00e8me d\u2019une <strong>expo immersive<\/strong> qui se tiendra aux <strong>Jacobins<\/strong> \u00e0 partir de novembre 2026.\u00a0 \u00ab L\u2019objectif de cette expo est de savoir comment les Toulousains vivaient-ils \u00e0 la Belle \u00c9poque. Elle permettra de plonger dans un pass\u00e9 pas si lointain et de revisiter Toulouse, \u00e0 travers ses caf\u00e9s, ses restaurants, ses magasins, ses logements et ses divertissements \u00bb, souligne Pierre Esplugas-Labatut.\u00a0<\/p>\n<p>Du 5 novembre 2026 au 3 octobre 2027<\/p>\n<p>    <img   decoding=\"async\" loading=\"lazy\" src=\"https:\/\/www.europesays.com\/fr\/wp-content\/uploads\/2026\/01\/a61fb9269d2860b1fb9269d28a43fbv-960x640.jpg\" alt=\"Le TGS aura lieu au Meett, fin novembre.\" width=\"960\" height=\"640\"\/><br \/>\n    Le TGS aura lieu au Meett, fin novembre 2026. (\u00a9M\u00e9lina Le Corre \/)<\/p>\n<p class=\" wall-content\">Les fans de pop culture et d\u2019univers geek ont d\u00e9j\u00e0 coch\u00e9 les dates dans leur agenda ! Le <strong>TGS<\/strong> reviendra au <strong>Meett<\/strong> les 28 et 29 novembre 2026. Un gigantesque salon de 40 000m2, qui dispose de 500 stands et de 7 sc\u00e8nes ! Bref, un rendez-vous immanquable.\u00a0<\/p>\n<p>Les 28 et 29 novembre 2026, au Meett.\u00a0<\/p>\n<p class=\" wall-content\">Personnalisez votre actualit\u00e9 en ajoutant vos villes et m\u00e9dias en favori avec <a href=\"https:\/\/moncompte.actu.fr\" title=\"D\u00e9couvez Mon Actu\" rel=\"nofollow noopener\" data-trk=\"{&quot;cta&quot;:{&quot;action&quot;:&quot;https:\\\/\\\/moncompte.actu.fr&quot;,&quot;category&quot;:&quot;mon compte&quot;,&quot;from&quot;:&quot;article footer&quot;,&quot;name&quot;:&quot;Mon actu&quot;,&quot;type&quot;:&quot;cta&quot;}}\" target=\"_blank\">Mon Actu<\/a>.<\/p>\n","protected":false},"excerpt":{"rendered":"Par Gabriel Kenedi Publi\u00e9 le 2 janv. 2026 \u00e0 7h12 Que nous r\u00e9serve 2026 sur le plan culturel&hellip;\n","protected":false},"author":2,"featured_media":635712,"comment_status":"","ping_status":"","sticky":false,"template":"","format":"standard","meta":{"footnotes":""},"categories":[2816],"tags":[1111,11,1777,674,1011,27,3478,1652,12,2680,25,1341,2312,9738],"class_list":{"0":"post-635711","1":"post","2":"type-post","3":"status-publish","4":"format-standard","5":"has-post-thumbnail","7":"category-toulouse","8":"tag-actu","9":"tag-actualites","10":"tag-eu","11":"tag-europe","12":"tag-fr","13":"tag-france","14":"tag-le-bikini","15":"tag-loisirs-culture","16":"tag-news","17":"tag-occitanie","18":"tag-republique-francaise","19":"tag-sortir-a-toulouse","20":"tag-toulouse","21":"tag-zenith-de-toulouse"},"share_on_mastodon":{"url":"https:\/\/pubeurope.com\/@fr\/115824349640830145","error":""},"_links":{"self":[{"href":"https:\/\/www.europesays.com\/fr\/wp-json\/wp\/v2\/posts\/635711","targetHints":{"allow":["GET"]}}],"collection":[{"href":"https:\/\/www.europesays.com\/fr\/wp-json\/wp\/v2\/posts"}],"about":[{"href":"https:\/\/www.europesays.com\/fr\/wp-json\/wp\/v2\/types\/post"}],"author":[{"embeddable":true,"href":"https:\/\/www.europesays.com\/fr\/wp-json\/wp\/v2\/users\/2"}],"replies":[{"embeddable":true,"href":"https:\/\/www.europesays.com\/fr\/wp-json\/wp\/v2\/comments?post=635711"}],"version-history":[{"count":0,"href":"https:\/\/www.europesays.com\/fr\/wp-json\/wp\/v2\/posts\/635711\/revisions"}],"wp:featuredmedia":[{"embeddable":true,"href":"https:\/\/www.europesays.com\/fr\/wp-json\/wp\/v2\/media\/635712"}],"wp:attachment":[{"href":"https:\/\/www.europesays.com\/fr\/wp-json\/wp\/v2\/media?parent=635711"}],"wp:term":[{"taxonomy":"category","embeddable":true,"href":"https:\/\/www.europesays.com\/fr\/wp-json\/wp\/v2\/categories?post=635711"},{"taxonomy":"post_tag","embeddable":true,"href":"https:\/\/www.europesays.com\/fr\/wp-json\/wp\/v2\/tags?post=635711"}],"curies":[{"name":"wp","href":"https:\/\/api.w.org\/{rel}","templated":true}]}}