{"id":635713,"date":"2026-01-02T07:35:14","date_gmt":"2026-01-02T07:35:14","guid":{"rendered":"https:\/\/www.europesays.com\/fr\/635713\/"},"modified":"2026-01-02T07:35:14","modified_gmt":"2026-01-02T07:35:14","slug":"meteo-a-lille-les-previsions-du-vendredi-02-janvier-2026","status":"publish","type":"post","link":"https:\/\/www.europesays.com\/fr\/635713\/","title":{"rendered":"M\u00e9t\u00e9o \u00e0 Lille : les pr\u00e9visions du vendredi 02 janvier 2026"},"content":{"rendered":"<p>\u00c0 Lille, la journ\u00e9e du vendredi 02 janvier 2026 d\u00e9bute sous un ciel tr\u00e8s nuageux, avant de s\u2019\u00e9claircir largement en apr\u00e8s-midi. Le vent s\u2019intensifie par moments, et les temp\u00e9ratures restent fra\u00eeches avec un ressenti n\u00e9gatif.<\/p>\n<p>    Ce matin \u00e0 Lille : ciel tr\u00e8s nuageux d\u00e8s l\u2019aube<\/p>\n<p>Le soleil s\u2019est lev\u00e9 \u00e0 08 h 49, envelopp\u00e9 d\u2019un \u00e9pais manteau nuageux. \u00c0 09 h, le thermom\u00e8tre affiche <b>2 \u00b0C<\/b>, mais le ressenti chute \u00e0 <b>-3 \u00b0C<\/b> sous une humidit\u00e9 de 88 %.<\/p>\n<p>Un vent d\u2019ouest-sud-ouest souffle \u00e0 16 km\/h, sans rafales notables. Aucune pr\u00e9cipitation ni risque d\u2019averse significative \u00e0 signaler ce matin.<\/p>\n<ul>\n<li><b>Pression<\/b> : 1004 hPa<\/li>\n<li><b>Type de temps<\/b> : Tr\u00e8s nuageux<\/li>\n<li><b>Pluie<\/b> : 0 mm<\/li>\n<\/ul>\n<p>Avec cette fra\u00eecheur marqu\u00e9e, il est conseill\u00e9 d\u2019opter pour une tenue bien isolante. Les mod\u00e8les M\u00e9t\u00e9o-France et Copernicus confirment la stabilit\u00e9 nuageuse en d\u00e9but de journ\u00e9e.<\/p>\n<p>Apr\u00e8s-midi : perc\u00e9e ensoleill\u00e9e et l\u00e9g\u00e8re bise<\/p>\n<p>Vers 15 h, le ciel se d\u00e9gage nettement : <b>ciel bleu<\/b> au-dessus de la Grand-Place. La temp\u00e9rature atteint <b>3 \u00b0C<\/b>, pour un ressenti de <b>-2 \u00b0C<\/b>.<\/p>\n<p>Le vent d\u2019ouest-nord-ouest se renforce \u00e0 18 km\/h, avec <b>rafales jusqu\u2019\u00e0 41 km\/h<\/b>. L\u2019air demeure sec : probabilit\u00e9 de pluie de 2 % et aucun millim\u00e8tre relev\u00e9.<\/p>\n<ul>\n<li><b>Humidit\u00e9<\/b> : 72 %<\/li>\n<li><b>Pression<\/b> : 1004 hPa<\/li>\n<li><b>Qualit\u00e9 de l\u2019air<\/b> : Ind\u00e9finie<\/li>\n<\/ul>\n<p>Apr\u00e8s la grisaille du matin, cette ambiance lumineuse offre un r\u00e9pit, mais le ressenti reste n\u00e9gatif : gants et bonnet demeurent recommand\u00e9s.<\/p>\n<p>Soir\u00e9e et coucher du soleil : retour des nuages<\/p>\n<p>Le soleil se couche \u00e0 16 h 54. \u00c0 21 h, la couverture nuageuse s\u2019\u00e9paissit \u00e0 nouveau. La temp\u00e9rature descend \u00e0 <b>1 \u00b0C<\/b>, pour un ressenti de <b>-4 \u00b0C<\/b>.<\/p>\n<p>Le vent s\u2019oriente plein ouest \u00e0 13 km\/h, sans rafales marquantes. L\u2019humidit\u00e9 est mod\u00e9r\u00e9e (78 %) et la pression remonte l\u00e9g\u00e8rement \u00e0 1007 hPa.<\/p>\n<ul>\n<li><b>Type de temps<\/b> : Tr\u00e8s nuageux<\/li>\n<li><b>Pluie<\/b> : 0 mm<\/li>\n<\/ul>\n<p>La soir\u00e9e s\u2019annonce calme mais froide. Pour une promenade nocturne, une couche isolante suppl\u00e9mentaire reste de mise.<\/p>\n<p>Tendance pour demain : retour d\u2019un temps hivernal<\/p>\n<p>Le 3 janvier, la synoptique pr\u00e9voit une <b>neige faible<\/b>. Les temp\u00e9ratures s\u2019\u00e9chelonneront entre <b>-1 \u00b0C<\/b> et <b>3 \u00b0C<\/b>, avec un ressenti compris entre <b>-6 \u00b0C<\/b> et <b>-3 \u00b0C<\/b>.<\/p>\n<p>Le vent d\u2019ouest se renforcera \u00e0 25 km\/h, accompagn\u00e9 de <b>rafales pouvant atteindre 45 km\/h<\/b>. Pr\u00e9cipitations attendues : 0,6 mm (\u00e9quivalent eau), humidit\u00e9 \u00e0 82 %, pression \u00e0 1002 hPa.<\/p>\n<ul>\n<li><b>Type de temps<\/b> : Neige faible<\/li>\n<li><b>Probabilit\u00e9 de pr\u00e9cipitations<\/b> : 6 %<\/li>\n<li><b>Direction dominante<\/b> : Ouest<\/li>\n<\/ul>\n<p>Pour suivre l\u2019\u00e9volution heure par heure, consultez <a href=\"https:\/\/www.meteocity.com\/france\/lille-v2998324\/meteo-demain\" target=\"_blank\" rel=\"noopener\">notre bulletin du lendemain<\/a>.<\/p>\n<p>En qu\u00eate d\u2019id\u00e9es de sorties adapt\u00e9es au froid ? Retrouvez-les sur <a href=\"https:\/\/www.meteocity.com\/france\/lille-v2998324\/tourisme\" target=\"_blank\" rel=\"noopener\">notre page tourisme<\/a>.<\/p>\n","protected":false},"excerpt":{"rendered":"\u00c0 Lille, la journ\u00e9e du vendredi 02 janvier 2026 d\u00e9bute sous un ciel tr\u00e8s nuageux, avant de s\u2019\u00e9claircir&hellip;\n","protected":false},"author":2,"featured_media":635714,"comment_status":"","ping_status":"","sticky":false,"template":"","format":"standard","meta":{"footnotes":""},"categories":[2815],"tags":[1111,11,1777,674,1011,27,811,1307,12,25],"class_list":{"0":"post-635713","1":"post","2":"type-post","3":"status-publish","4":"format-standard","5":"has-post-thumbnail","7":"category-lille","8":"tag-actu","9":"tag-actualites","10":"tag-eu","11":"tag-europe","12":"tag-fr","13":"tag-france","14":"tag-hauts-de-france","15":"tag-lille","16":"tag-news","17":"tag-republique-francaise"},"share_on_mastodon":{"url":"https:\/\/pubeurope.com\/@fr\/115824357044454224","error":""},"_links":{"self":[{"href":"https:\/\/www.europesays.com\/fr\/wp-json\/wp\/v2\/posts\/635713","targetHints":{"allow":["GET"]}}],"collection":[{"href":"https:\/\/www.europesays.com\/fr\/wp-json\/wp\/v2\/posts"}],"about":[{"href":"https:\/\/www.europesays.com\/fr\/wp-json\/wp\/v2\/types\/post"}],"author":[{"embeddable":true,"href":"https:\/\/www.europesays.com\/fr\/wp-json\/wp\/v2\/users\/2"}],"replies":[{"embeddable":true,"href":"https:\/\/www.europesays.com\/fr\/wp-json\/wp\/v2\/comments?post=635713"}],"version-history":[{"count":0,"href":"https:\/\/www.europesays.com\/fr\/wp-json\/wp\/v2\/posts\/635713\/revisions"}],"wp:featuredmedia":[{"embeddable":true,"href":"https:\/\/www.europesays.com\/fr\/wp-json\/wp\/v2\/media\/635714"}],"wp:attachment":[{"href":"https:\/\/www.europesays.com\/fr\/wp-json\/wp\/v2\/media?parent=635713"}],"wp:term":[{"taxonomy":"category","embeddable":true,"href":"https:\/\/www.europesays.com\/fr\/wp-json\/wp\/v2\/categories?post=635713"},{"taxonomy":"post_tag","embeddable":true,"href":"https:\/\/www.europesays.com\/fr\/wp-json\/wp\/v2\/tags?post=635713"}],"curies":[{"name":"wp","href":"https:\/\/api.w.org\/{rel}","templated":true}]}}