{"id":635717,"date":"2026-01-02T07:37:11","date_gmt":"2026-01-02T07:37:11","guid":{"rendered":"https:\/\/www.europesays.com\/fr\/635717\/"},"modified":"2026-01-02T07:37:11","modified_gmt":"2026-01-02T07:37:11","slug":"avec-pres-de-900-000-visiteurs-les-musees-de-marseille-surfent-sur-les-records","status":"publish","type":"post","link":"https:\/\/www.europesays.com\/fr\/635717\/","title":{"rendered":"Avec pr\u00e8s de 900 000 visiteurs, les mus\u00e9es de Marseille surfent sur les records"},"content":{"rendered":"\n<p>\u00ab La gratuit\u00e9, c\u2019est la d\u00e9mocratie\u00a0\u00bb, affirme sans ambages Christine, devant les vestiges de Massalia sous vitrine. Cette habitante de la Belle de Mai se souvient de l\u2019ouverture du mus\u00e9e d\u2019Histoire de Marseille \u00ab\u00a0dans les ann\u00e9es 70, avec des escaliers en bois\u00a0\u00bb. Elle y revient r\u00e9guli\u00e8rement, comme ce 31\u00a0d\u00e9cembre, avec V\u00e9nus et Julien, ses amis libanais, qui d\u00e9couvrent \u00ab\u00a0la collection largement enrichie et mise en valeur par une superbe mus\u00e9ographie\u00a0\u00bb.<\/p>\n<p>\u00ab\u00a0On croit que c\u2019est tranquille ce job, eh bien non\u00a0!\u00a0\u00bb, s\u2019amuse l\u2019agent de s\u00e9curit\u00e9, \u00e0 l\u2019entr\u00e9e du mus\u00e9e. En ce jour de Saint-Sylvestre, les visiteurs affluent, de tous \u00e2ges, de tous lieux. La faute, ou plut\u00f4t le m\u00e9rite, \u00e0 la politique culturelle de la Ville. Depuis 2020, les mus\u00e9es marseillais sont gratuits. \u00ab\u00a0Je suis all\u00e9 \u00e0 la Vieille Charit\u00e9 ce matin et je passe l\u2019apr\u00e8s-midi ici, pour pas un euro. C\u2019est magnifique\u00a0! Un voyage dans le temps\u00a0\u00bb, appr\u00e9cie Joachim, g\u00e9ologue allemand \u00e0 la retraite, qui \u00e9cume les mus\u00e9es d\u2019Europe \u00ab\u00a0dont certains, tr\u00e8s chers\u00a0\u00bb. La gratuit\u00e9, m\u00eame pour les expositions temporaires chaque premier dimanche du mois, est un argument de vente n\u00e9cessaire, mais pas suffisant, pour Christine, qui profite \u00e9galement \u00ab\u00a0des conf\u00e9rences, top et en acc\u00e8s libre\u00a0\u00bb.<\/p>\n<p>Dans la file d\u2019attente pour les tickets, un groupe de jeunes parisiens se r\u00e9jouit d\u2019avance. \u00ab\u00a0J\u2019adore les vieilles pierres, explique Schams \u00e0 son fr\u00e8re cadet. Mais on va faire du deux en un avec l\u2019expo photo des Detaille. Tu conna\u00eetras Marseille comme si tu y \u00e9tais n\u00e9\u00a0\u00bb. Plus loin, devant l\u2019\u00e9pave reconstitu\u00e9e du navire romain de la Bourse, un couple de mal-voyants attendent les audio-guides. \u00ab\u00a0Je suis d\u00e9j\u00e0 venu avec l\u2019\u00e9cole\u00a0\u00bb, pr\u00e9cise leur fils Antonin, 9 ans, qui r\u00e9clame \u00e9galement \u00ab\u00a0un casque, parce que c\u2019est plus marrant\u00a0\u00bb. Une poign\u00e9e d\u2019enfants, le nez coll\u00e9 \u00e0 la guide conf\u00e9renci\u00e8re, ne rate pas une miette de l\u2019histoire de Protis et Gyptis. \u00ab\u00a0Ils ont eu le coup de foudre\u00a0!\u00a0\u00bb s\u2019\u00e9crie l\u2019un d\u2019eux en se retournant vers son p\u00e8re.<\/p>\n<p>Dehors, au calme, pos\u00e9e sur un banc du jardin des vestiges, Manon, 27 ans, avoue \u00ab\u00a0venir souvent profiter de ce d\u00e9cor qui a travers\u00e9 les \u00e2ges, en plein c\u0153ur du centre-ville, c\u2019est un vrai luxe pour prendre ma pause sandwich\u00a0\u00bb.<\/p>\n<p>Pas de doute, la fr\u00e9quentation des mus\u00e9es s\u2019installe dans une dynamique positive. Un succ\u00e8s que ne boude pas Jean-Marc Coppola. \u00ab\u00a0La gratuit\u00e9 en est un des \u00e9l\u00e9ments. Mais elle permet aussi de valoriser nos mus\u00e9es\u00a0\u00bb, consid\u00e8re l\u2019adjoint (PCF) au maire en charge de la culture.<\/p>\n<p> Les \u0153uvres sortent<br \/>\n               <br \/>de leur r\u00e9serve\n              <\/p>\n<p>L\u2019\u00e9lu \u00e9voque \u00e9galement la politique culturelle men\u00e9e en direction des cr\u00e8ches et des \u00e9coles, \u00ab\u00a0avec le programme d\u2019\u00e9ducation artistique et culturelle o\u00f9 les parents sont accompagnateurs, en particulier avec le Pr\u00e9au des Accoules. Et un choix des sujets d\u2019expositions, comme \u201cC\u2019est pas b\u00eates\u2019\u2019 sur la repr\u00e9sentation animale dans les \u0153uvres, qui valorise les pi\u00e8ces expos\u00e9es\u00a0\u00bb.<\/p>\n<p>La Ville a \u00e9galement enrichi ses expositions permanentes de pi\u00e8ces sorties des r\u00e9serves. \u00ab\u00a0De quoi offrir de nouveaux r\u00e9cits de Marseille et donner envie de revenir\u00a0\u00bb, argumente l\u2019\u00e9lu. D\u2019autant plus facilement que les expos jouent les prolongations. Et dans la liste des ingr\u00e9dients qui font recette, il faut encore ajouter l\u2019\u00e9v\u00e9nementiel, avec \u00ab\u00a0les festivals qui accrochent, les femmes mises \u00e0 l\u2019honneur, les partenariats avec d\u2019autres mus\u00e9es comme le Louvre, la formation des agents par le recrutement externe&#8230;\u00a0\u00bb<\/p>\n<p> Marseille offre une bulle d\u2019air au festival de BD d\u2019Angoul\u00eame\n              <\/p>\n<p>L\u2019annulation de l\u2019\u00e9dition 2026 du festival d\u2019Angoul\u00eame ne signera pas un sacrifice total pour les artistes. Le rendez-vous se d\u00e9cline en mini-festivals de BD, diss\u00e9min\u00e9s sur le territoire. Dont un \u00e0 Marseille, pr\u00e9vu fin janvier. \u00ab La Ville de Marseille a \u00e9t\u00e9 sollicit\u00e9e pour accueillir l\u2019un d\u2019eux, du 30 janvier au 1er f\u00e9vrier \u00bb, se f\u00e9licite Jean-Marc Coppola. L\u2019adjoint au maire en charge de la culture pr\u00e9cise : \u00ab Nous sommes en train de l\u2019organiser dans un lieu lou\u00e9 et pr\u00e9empt\u00e9, l\u2019ancienne enseigne de chaussure Andr\u00e9, sur la Canebi\u00e8re, o\u00f9 nous accueillerons une dizaine d\u2019autrices de BD, dont quelques Marseillaises. Ce sera l\u2019occasion d\u2019un partenariat avec la biblioth\u00e8que de l\u2019Alcazar, qui dispose d\u2019un fond tr\u00e8s ancien de BD \u00bb.<\/p>\n<p> \u00c0 savoir\n              <\/p>\n<p><b>884 000 visiteurs<\/b><\/p>\n<p>Ce chiffre marque une hausse historique de la fr\u00e9quentation de l\u2019ensemble des mus\u00e9es en 2025. En 2024, ils \u00e9taient 670 026 visiteurs \u00e0 passer le seuil. Chacun des douze mois affiche une fr\u00e9quentation en hausse par rapport \u00e0 l\u2019ann\u00e9e pr\u00e9c\u00e9dente, avec un jalon in\u00e9dit de 101 306 au mois d\u2019ao\u00fbt.<\/p>\n<p><b>Au top<\/b><\/p>\n<p>La Vieille Charit\u00e9 d\u00e9passe les 270 000 visiteurs, battant son record de 249 447 en 2018. Le Mus\u00e9e d\u2019Histoire de Marseille franchit pour la premi\u00e8re fois la barre des 100 000. Le Pr\u00e9au des Accoules en a accueilli plus de 37 000, contre 32 017 en 2024. Le M\u00e9morial des d\u00e9portations d\u00e9passe les 28 000.<\/p>\n<p><b>Du jamais vu<\/b><\/p>\n<p>D\u2019autres mus\u00e9es atteignent leur plus haut niveau de fr\u00e9quentation depuis plusieurs ann\u00e9es : le mus\u00e9e des Beaux-Arts avec plus de 99 000 visiteurs, le Mus\u00e9e des arts d\u00e9coratifs, de la fa\u00efence et de la mode, \u00e0 Bor\u00e9ly, d\u00e9croche 44 000 entr\u00e9es, et 68 000 pour Cantini, son meilleur r\u00e9sultat depuis 2017.<\/p>\n","protected":false},"excerpt":{"rendered":"\u00ab La gratuit\u00e9, c\u2019est la d\u00e9mocratie\u00a0\u00bb, affirme sans ambages Christine, devant les vestiges de Massalia sous vitrine. Cette&hellip;\n","protected":false},"author":2,"featured_media":635718,"comment_status":"","ping_status":"","sticky":false,"template":"","format":"standard","meta":{"footnotes":""},"categories":[2814],"tags":[1111,11,1777,674,1011,27,884,12,882,3241,25],"class_list":{"0":"post-635717","1":"post","2":"type-post","3":"status-publish","4":"format-standard","5":"has-post-thumbnail","7":"category-marseille","8":"tag-actu","9":"tag-actualites","10":"tag-eu","11":"tag-europe","12":"tag-fr","13":"tag-france","14":"tag-marseille","15":"tag-news","16":"tag-provence-alpes-cote-dazur","17":"tag-record","18":"tag-republique-francaise"},"share_on_mastodon":{"url":"https:\/\/pubeurope.com\/@fr\/115824364333158177","error":""},"_links":{"self":[{"href":"https:\/\/www.europesays.com\/fr\/wp-json\/wp\/v2\/posts\/635717","targetHints":{"allow":["GET"]}}],"collection":[{"href":"https:\/\/www.europesays.com\/fr\/wp-json\/wp\/v2\/posts"}],"about":[{"href":"https:\/\/www.europesays.com\/fr\/wp-json\/wp\/v2\/types\/post"}],"author":[{"embeddable":true,"href":"https:\/\/www.europesays.com\/fr\/wp-json\/wp\/v2\/users\/2"}],"replies":[{"embeddable":true,"href":"https:\/\/www.europesays.com\/fr\/wp-json\/wp\/v2\/comments?post=635717"}],"version-history":[{"count":0,"href":"https:\/\/www.europesays.com\/fr\/wp-json\/wp\/v2\/posts\/635717\/revisions"}],"wp:featuredmedia":[{"embeddable":true,"href":"https:\/\/www.europesays.com\/fr\/wp-json\/wp\/v2\/media\/635718"}],"wp:attachment":[{"href":"https:\/\/www.europesays.com\/fr\/wp-json\/wp\/v2\/media?parent=635717"}],"wp:term":[{"taxonomy":"category","embeddable":true,"href":"https:\/\/www.europesays.com\/fr\/wp-json\/wp\/v2\/categories?post=635717"},{"taxonomy":"post_tag","embeddable":true,"href":"https:\/\/www.europesays.com\/fr\/wp-json\/wp\/v2\/tags?post=635717"}],"curies":[{"name":"wp","href":"https:\/\/api.w.org\/{rel}","templated":true}]}}