{"id":635719,"date":"2026-01-02T07:38:11","date_gmt":"2026-01-02T07:38:11","guid":{"rendered":"https:\/\/www.europesays.com\/fr\/635719\/"},"modified":"2026-01-02T07:38:11","modified_gmt":"2026-01-02T07:38:11","slug":"six-prevenus-ecopent-de-1-500-e-damende","status":"publish","type":"post","link":"https:\/\/www.europesays.com\/fr\/635719\/","title":{"rendered":"six pr\u00e9venus \u00e9copent de 1\u00a0500\u00a0\u20ac d\u2019amende"},"content":{"rendered":"<p>Six amendes de 1\u00a0500\u00a0\u20ac d\u00e9livr\u00e9es \u00e0 autant de pr\u00e9venus. La justice est pass\u00e9e, pr\u00e8s d\u2019un an et demi apr\u00e8s que le Boulevard p\u00e9riph\u00e9rique nord de Lyon (BPNL) a \u00e9t\u00e9 bloqu\u00e9 plusieurs minutes \u00e0 la circulation, au cours d\u2019un cort\u00e8ge de mariage.<\/p>\n<p>L\u2019affaire a \u00e9t\u00e9 audienc\u00e9e le 10\u00a0d\u00e9cembre au tribunal de Lyon, a appris notre r\u00e9daction. Les faits s\u2019\u00e9taient produits le 21\u00a0juin 2024 au soir et avaient \u00e9t\u00e9 relay\u00e9s \u00e0 l\u2019\u00e9poque <a href=\"https:\/\/www.leprogres.fr\/faits-divers-justice\/2024\/06\/23\/leur-conduite-etait-tres-dangereuse-un-convoi-de-mariage-bloque-la-circulation-dans-un-tunnel-du-peripherique-nord#:~:text=Lyon%2520%25C2%25AB%2520Une%2520conduite%2520tr%25C3%25A8s%2520dangereuse,composant%2520un%2520convoi%2520de%2520mariage.\" target=\"_blank\" rel=\"noopener\">dans les colonnes du <\/a><a href=\"https:\/\/www.leprogres.fr\/faits-divers-justice\/2024\/06\/23\/leur-conduite-etait-tres-dangereuse-un-convoi-de-mariage-bloque-la-circulation-dans-un-tunnel-du-peripherique-nord#:~:text=Lyon%2520%25C2%25AB%2520Une%2520conduite%2520tr%25C3%25A8s%2520dangereuse,composant%2520un%2520convoi%2520de%2520mariage.\" target=\"_blank\" rel=\"noopener\">Progr\u00e8s<\/a>.<\/p>\n<p>  Ils avaient dans\u00e9 sur les voies<\/p>\n<p>Dix \u00e0 quinze voitures, des grosses cylindr\u00e9es, avaient sem\u00e9 la pagaille dans les ouvrages, zigzaguant, acc\u00e9l\u00e9rant, freinant soudainement, selon un t\u00e9moin. Certains participants \u00e9taient m\u00eame sortis des v\u00e9hicules, alors \u00e0 l\u2019arr\u00eat, pour danser sur les voies, se filmer\u2026<\/p>\n<p>Les policiers de la CRS autorouti\u00e8re Rh\u00f4ne-Alpes-Auvergne ont men\u00e9 une enqu\u00eate pour identifier plusieurs des auteurs, permettant cet \u00e9pilogue judiciaire.<\/p>\n","protected":false},"excerpt":{"rendered":"Six amendes de 1\u00a0500\u00a0\u20ac d\u00e9livr\u00e9es \u00e0 autant de pr\u00e9venus. La justice est pass\u00e9e, pr\u00e8s d\u2019un an et demi&hellip;\n","protected":false},"author":2,"featured_media":635720,"comment_status":"","ping_status":"","sticky":false,"template":"","format":"standard","meta":{"footnotes":""},"categories":[1889],"tags":[1111,11,2430,271,272,2757,1777,674,274,107,1011,27,2428,2756,12,25,2429],"class_list":{"0":"post-635719","1":"post","2":"type-post","3":"status-publish","4":"format-standard","5":"has-post-thumbnail","7":"category-lyon","8":"tag-actu","9":"tag-actualites","10":"tag-auvergne-rhone-alpes","11":"tag-crime","12":"tag-delit-et-contravention","13":"tag-edition-lyon-villeurbanne","14":"tag-eu","15":"tag-europe","16":"tag-faits-divers-justice","17":"tag-fil-info","18":"tag-fr","19":"tag-france","20":"tag-lyon","21":"tag-lyon-bassin","22":"tag-news","23":"tag-republique-francaise","24":"tag-rhone"},"share_on_mastodon":{"url":"https:\/\/pubeurope.com\/@fr\/115824368246799859","error":""},"_links":{"self":[{"href":"https:\/\/www.europesays.com\/fr\/wp-json\/wp\/v2\/posts\/635719","targetHints":{"allow":["GET"]}}],"collection":[{"href":"https:\/\/www.europesays.com\/fr\/wp-json\/wp\/v2\/posts"}],"about":[{"href":"https:\/\/www.europesays.com\/fr\/wp-json\/wp\/v2\/types\/post"}],"author":[{"embeddable":true,"href":"https:\/\/www.europesays.com\/fr\/wp-json\/wp\/v2\/users\/2"}],"replies":[{"embeddable":true,"href":"https:\/\/www.europesays.com\/fr\/wp-json\/wp\/v2\/comments?post=635719"}],"version-history":[{"count":0,"href":"https:\/\/www.europesays.com\/fr\/wp-json\/wp\/v2\/posts\/635719\/revisions"}],"wp:featuredmedia":[{"embeddable":true,"href":"https:\/\/www.europesays.com\/fr\/wp-json\/wp\/v2\/media\/635720"}],"wp:attachment":[{"href":"https:\/\/www.europesays.com\/fr\/wp-json\/wp\/v2\/media?parent=635719"}],"wp:term":[{"taxonomy":"category","embeddable":true,"href":"https:\/\/www.europesays.com\/fr\/wp-json\/wp\/v2\/categories?post=635719"},{"taxonomy":"post_tag","embeddable":true,"href":"https:\/\/www.europesays.com\/fr\/wp-json\/wp\/v2\/tags?post=635719"}],"curies":[{"name":"wp","href":"https:\/\/api.w.org\/{rel}","templated":true}]}}