{"id":635721,"date":"2026-01-02T07:39:12","date_gmt":"2026-01-02T07:39:12","guid":{"rendered":"https:\/\/www.europesays.com\/fr\/635721\/"},"modified":"2026-01-02T07:39:12","modified_gmt":"2026-01-02T07:39:12","slug":"meteo-une-journee-entre-soleil-et-nuages-4-degres-attendus-ce-vendredi-a-lyon","status":"publish","type":"post","link":"https:\/\/www.europesays.com\/fr\/635721\/","title":{"rendered":"M\u00e9t\u00e9o : une journ\u00e9e entre soleil et nuages, 4 degr\u00e9s attendus ce vendredi \u00e0 Lyon\u00a0"},"content":{"rendered":"<p>                            <img loading=\"lazy\" width=\"1080\" height=\"675\" class=\"attachment-article size-article wp-post-image lazyload\" alt=\"Ho\u0302tel Dieu de Lyon @Hugo LAUBEPIN\" decoding=\"async\" src=\"https:\/\/www.europesays.com\/fr\/wp-content\/uploads\/2025\/05\/Hotel-Dieu-de-Lyon-e1685611596210.jpg\" data-eio-rwidth=\"1080\" data-eio-rheight=\"675\"\/><\/p>\n<p>Ho\u0302tel Dieu de Lyon @Hugo LAUBEPIN<\/p>\n<p class=\"content\" style=\"font-size:1.2em;font-weight:700\">La journ\u00e9e de ce vendredi 2 janvier sera plus mitig\u00e9e \u00e0 Lyon, bien que le soleil soit toujours pr\u00e9sent. Des gel\u00e9es matinales sont toujours visibles et 4 degr\u00e9s sont attendus dans l\u2019apr\u00e8s-midi.\u00a0<\/p>\n<p>Si les nuages et le soleil se partagent le ciel ce vendredi 2 janvier, les temp\u00e9ratures restent tr\u00e8s froides \u00e0 Lyon. Ce matin, le mercure indique en effet -4 degr\u00e9s, en raison d\u2019un ciel enti\u00e8rement d\u00e9gag\u00e9.\u00a0<\/p>\n<p>Des nuages feront leur apparition au cours de la journ\u00e9e, mais il fera toujours froid avec seulement 4 degr\u00e9s. Le ciel se couvrira en soir\u00e9e et les nuages persisteront durant la matin\u00e9e de samedi.\u00a0<\/p>\n","protected":false},"excerpt":{"rendered":"Ho\u0302tel Dieu de Lyon @Hugo LAUBEPIN La journ\u00e9e de ce vendredi 2 janvier sera plus mitig\u00e9e \u00e0 Lyon,&hellip;\n","protected":false},"author":2,"featured_media":103932,"comment_status":"","ping_status":"","sticky":false,"template":"","format":"standard","meta":{"footnotes":""},"categories":[1889],"tags":[1111,11,2430,1777,674,1011,27,2428,12,25],"class_list":{"0":"post-635721","1":"post","2":"type-post","3":"status-publish","4":"format-standard","5":"has-post-thumbnail","7":"category-lyon","8":"tag-actu","9":"tag-actualites","10":"tag-auvergne-rhone-alpes","11":"tag-eu","12":"tag-europe","13":"tag-fr","14":"tag-france","15":"tag-lyon","16":"tag-news","17":"tag-republique-francaise"},"share_on_mastodon":{"url":"https:\/\/pubeurope.com\/@fr\/115824372147176892","error":""},"_links":{"self":[{"href":"https:\/\/www.europesays.com\/fr\/wp-json\/wp\/v2\/posts\/635721","targetHints":{"allow":["GET"]}}],"collection":[{"href":"https:\/\/www.europesays.com\/fr\/wp-json\/wp\/v2\/posts"}],"about":[{"href":"https:\/\/www.europesays.com\/fr\/wp-json\/wp\/v2\/types\/post"}],"author":[{"embeddable":true,"href":"https:\/\/www.europesays.com\/fr\/wp-json\/wp\/v2\/users\/2"}],"replies":[{"embeddable":true,"href":"https:\/\/www.europesays.com\/fr\/wp-json\/wp\/v2\/comments?post=635721"}],"version-history":[{"count":0,"href":"https:\/\/www.europesays.com\/fr\/wp-json\/wp\/v2\/posts\/635721\/revisions"}],"wp:featuredmedia":[{"embeddable":true,"href":"https:\/\/www.europesays.com\/fr\/wp-json\/wp\/v2\/media\/103932"}],"wp:attachment":[{"href":"https:\/\/www.europesays.com\/fr\/wp-json\/wp\/v2\/media?parent=635721"}],"wp:term":[{"taxonomy":"category","embeddable":true,"href":"https:\/\/www.europesays.com\/fr\/wp-json\/wp\/v2\/categories?post=635721"},{"taxonomy":"post_tag","embeddable":true,"href":"https:\/\/www.europesays.com\/fr\/wp-json\/wp\/v2\/tags?post=635721"}],"curies":[{"name":"wp","href":"https:\/\/api.w.org\/{rel}","templated":true}]}}