{"id":635724,"date":"2026-01-02T07:42:09","date_gmt":"2026-01-02T07:42:09","guid":{"rendered":"https:\/\/www.europesays.com\/fr\/635724\/"},"modified":"2026-01-02T07:42:09","modified_gmt":"2026-01-02T07:42:09","slug":"grand-paris-express-quand-les-gares-deviennent-des-oeuvres-dart","status":"publish","type":"post","link":"https:\/\/www.europesays.com\/fr\/635724\/","title":{"rendered":"Grand Paris Express\u00a0: quand les gares deviennent des \u0153uvres d\u2019art"},"content":{"rendered":"<p class=\"PopSlotParagraph qg-tx2 qg-xtra-lh svelte-1r0pyek\">Lanc\u00e9 il y a quinze ans, ce chantier hors normes repr\u00e9sente 36 milliards d\u2019euros d\u2019investissement, 200 kilom\u00e8tres de lignes et 68 nouvelles gares, toutes diff\u00e9rentes les unes des autres.<\/p>\n<p class=\"PopSlotParagraph qg-tx2 qg-xtra-lh svelte-1r0pyek\">Chaque gare a \u00e9t\u00e9 confi\u00e9e \u00e0 un architecte et pens\u00e9e en lien \u00e9troit avec son environnement urbain. R\u00e9sultat\u00a0: des stations spectaculaires, parfois creus\u00e9es tr\u00e8s profond\u00e9ment, parfois a\u00e9riennes, comme sur la ligne 18, o\u00f9 les m\u00e9tros circuleront sur le plus long viaduc ferroviaire d\u2019Europe, culminant \u00e0 35 m\u00e8tres au-dessus du sol.<\/p>\n<p class=\"PopSlotParagraph qg-tx2 qg-xtra-lh svelte-1r0pyek\">Certaines gares impressionnent d\u00e9j\u00e0. \u00c0 Vitry-sur-Seine, l\u2019architecture \u00e9voque une grotte min\u00e9rale, en r\u00e9sonance avec le parc voisin. Et \u00e0 Villejuif, la gare Villejuif \u2013 Gustave Roussy vient d\u2019\u00eatre sacr\u00e9e plus belle gare du monde au Prix Versailles 2025. Imagin\u00e9e par l\u2019architecte fran\u00e7ais Dominique Perrault, elle se distingue par son puits de lumi\u00e8re spectaculaire et sa grande verri\u00e8re circulaire.<\/p>\n<p class=\"PopSlotParagraph qg-tx2 qg-xtra-lh svelte-1r0pyek\">\u00c0 terme, avec un simple Pass Navigo, les Franciliens traverseront 68 gares et 68 \u0153uvres d\u2019art. Une nouvelle fa\u00e7on de voyager\u2026 et de comprendre, enfin, \u00ab\u00a0c\u2019est quoi ce chantier\u00a0\u00bb.<\/p>\n<p class=\"PopSlotParagraph qg-tx2 qg-xtra-lh svelte-1r0pyek\"><strong>Toutes les informations \u00e0 retrouver sont \u00e0 retrouver dans \u201cC\u2019est quoi ce chantier\u201d, par Marjorie Masson, sur Ici Paris \u00cele-de-France.<\/strong><\/p>\n","protected":false},"excerpt":{"rendered":"Lanc\u00e9 il y a quinze ans, ce chantier hors normes repr\u00e9sente 36 milliards d\u2019euros d\u2019investissement, 200 kilom\u00e8tres de&hellip;\n","protected":false},"author":2,"featured_media":635725,"comment_status":"","ping_status":"","sticky":false,"template":"","format":"standard","meta":{"footnotes":""},"categories":[1888],"tags":[1111,1928,11,1927,1777,674,1011,27,12,1926,626,1925,25],"class_list":{"0":"post-635724","1":"post","2":"type-post","3":"status-publish","4":"format-standard","5":"has-post-thumbnail","7":"category-paris","8":"tag-actu","9":"tag-actu-paris","10":"tag-actualites","11":"tag-actualites-paris","12":"tag-eu","13":"tag-europe","14":"tag-fr","15":"tag-france","16":"tag-news","17":"tag-news-paris","18":"tag-paris","19":"tag-paris-news","20":"tag-republique-francaise"},"share_on_mastodon":{"url":"https:\/\/pubeurope.com\/@fr\/115824383933440444","error":""},"_links":{"self":[{"href":"https:\/\/www.europesays.com\/fr\/wp-json\/wp\/v2\/posts\/635724","targetHints":{"allow":["GET"]}}],"collection":[{"href":"https:\/\/www.europesays.com\/fr\/wp-json\/wp\/v2\/posts"}],"about":[{"href":"https:\/\/www.europesays.com\/fr\/wp-json\/wp\/v2\/types\/post"}],"author":[{"embeddable":true,"href":"https:\/\/www.europesays.com\/fr\/wp-json\/wp\/v2\/users\/2"}],"replies":[{"embeddable":true,"href":"https:\/\/www.europesays.com\/fr\/wp-json\/wp\/v2\/comments?post=635724"}],"version-history":[{"count":0,"href":"https:\/\/www.europesays.com\/fr\/wp-json\/wp\/v2\/posts\/635724\/revisions"}],"wp:featuredmedia":[{"embeddable":true,"href":"https:\/\/www.europesays.com\/fr\/wp-json\/wp\/v2\/media\/635725"}],"wp:attachment":[{"href":"https:\/\/www.europesays.com\/fr\/wp-json\/wp\/v2\/media?parent=635724"}],"wp:term":[{"taxonomy":"category","embeddable":true,"href":"https:\/\/www.europesays.com\/fr\/wp-json\/wp\/v2\/categories?post=635724"},{"taxonomy":"post_tag","embeddable":true,"href":"https:\/\/www.europesays.com\/fr\/wp-json\/wp\/v2\/tags?post=635724"}],"curies":[{"name":"wp","href":"https:\/\/api.w.org\/{rel}","templated":true}]}}