{"id":635732,"date":"2026-01-02T07:46:13","date_gmt":"2026-01-02T07:46:13","guid":{"rendered":"https:\/\/www.europesays.com\/fr\/635732\/"},"modified":"2026-01-02T07:46:13","modified_gmt":"2026-01-02T07:46:13","slug":"la-russie-promet-de-prouver-lattaque-de-drones-ukrainiens-contre-la-residence-de-poutine","status":"publish","type":"post","link":"https:\/\/www.europesays.com\/fr\/635732\/","title":{"rendered":"La Russie promet de prouver l&rsquo;attaque de drones ukrainiens contre la r\u00e9sidence de Poutine"},"content":{"rendered":"<p data-path-to-node=\"4\">Le minist\u00e8re russe de la D\u00e9fense affirme avoir extrait et d\u00e9cod\u00e9 les donn\u00e9es de navigation d\u2019un drone ukrainien abattu lors d\u2019une attaque de grande envergure impliquant 91 appareils. Selon Moscou, cette op\u00e9ration visait une r\u00e9sidence pr\u00e9sidentielle dans la r\u00e9gion de Novgorod, au sud de Saint-P\u00e9tersbourg.<\/p>\n<p data-path-to-node=\"5\">\u00ab Le d\u00e9codage des donn\u00e9es de l\u2019appareil montre que l\u2019attaque du 29 d\u00e9cembre 2025 visait l\u2019une des installations de la r\u00e9sidence du pr\u00e9sident russe \u00bb, a indiqu\u00e9 le minist\u00e8re dans un communiqu\u00e9 publi\u00e9 sur Telegram, pr\u00e9cisant que les \u00e9l\u00e9ments seraient transmis \u00e0 la partie am\u00e9ricaine \u00ab via les canaux \u00e9tablis \u00bb.<\/p>\n<p>Des preuves contest\u00e9es<\/p>\n<p data-path-to-node=\"7\">Lors d\u2019un point presse le 31 d\u00e9cembre, le minist\u00e8re a diffus\u00e9 une carte de vol ainsi que des images montrant des d\u00e9bris de drones (fragments noirs, structures en bois et c\u00e2blages rouges) \u00e9parpill\u00e9s dans la neige. La carte indiquait des points d\u2019interception dans plusieurs r\u00e9gions, notamment Briansk, Smolensk et Novgorod. Aucune victime ni d\u00e9g\u00e2t majeur n\u2019a \u00e9t\u00e9 signal\u00e9.<\/p>\n<p data-path-to-node=\"8\">L\u2019Ukraine a fermement ni\u00e9 \u00eatre \u00e0 l\u2019origine de cette attaque. Kiev et plusieurs responsables occidentaux rejettent ces all\u00e9gations, y voyant une op\u00e9ration de d\u00e9sinformation destin\u00e9e \u00e0 faire d\u00e9railler les efforts diplomatiques visant \u00e0 mettre fin \u00e0 une guerre qui dure depuis pr\u00e8s de quatre ans.<\/p>\n<p>Diplomatie et guerre de l\u2019information<\/p>\n<p data-path-to-node=\"10\">Le ministre ukrainien des Affaires \u00e9trang\u00e8res, Andrii Sybiha, a qualifi\u00e9 les affirmations du Kremlin de \u00ab manipulations russes visant \u00e0 saboter les efforts de paix \u00bb. De son c\u00f4t\u00e9, Kaja Kallas, chef de la diplomatie de l\u2019Union europ\u00e9enne, a d\u00e9nonc\u00e9 une \u00ab distraction d\u00e9lib\u00e9r\u00e9e \u00bb : \u00ab Personne ne devrait accepter les affirmations infond\u00e9es d\u2019un agresseur qui cible aveugl\u00e9ment les infrastructures et les civils ukrainiens depuis le d\u00e9but de la guerre. \u00bb<\/p>\n<p data-path-to-node=\"11\">Le Kremlin a averti que cet incident pr\u00e9sum\u00e9 durcirait sa position dans les n\u00e9gociations avec Washington. Le pr\u00e9sident Volodymyr Zelensky a r\u00e9torqu\u00e9 qu\u2019il s\u2019agissait d\u2019une \u00ab invention totale \u00bb destin\u00e9e \u00e0 justifier de nouvelles frappes russes sur les villes ukrainiennes.<\/p>\n<p>Le pivot de Donald Trump<\/p>\n<p data-path-to-node=\"13\">Donald Trump s\u2019est d\u2019abord montr\u00e9 r\u00e9ceptif \u00e0 la version russe le 29 d\u00e9cembre, confiant aux journalistes en avoir parl\u00e9 avec Vladimir Poutine. Cependant, d\u00e8s le 31 d\u00e9cembre, un changement de ton s\u2019est op\u00e9r\u00e9 : M. Trump a partag\u00e9 un \u00e9ditorial du New York Post accusant Moscou d\u2019entraver la conclusion d\u2019une paix n\u00e9goci\u00e9e.<\/p>\n<p>Un Nouvel An sous les bombes<\/p>\n<p data-path-to-node=\"15\">Cette controverse s\u2019inscrit dans un contexte d\u2019escalade militaire. Durant la nuit du r\u00e9veillon, la Russie a lanc\u00e9 plus de 200 drones contre les infrastructures \u00e9nerg\u00e9tiques ukrainiennes. Parall\u00e8lement, Moscou a accus\u00e9 l\u2019Ukraine d\u2019une frappe meurtri\u00e8re dans la r\u00e9gion occup\u00e9e de Kherson, affirmant que trois drones avaient touch\u00e9 un h\u00f4tel et un caf\u00e9 dans le village c\u00f4tier de Khorly, faisant au moins 24 morts parmi les civils rassembl\u00e9s pour les festivit\u00e9s.<\/p>\n<p data-path-to-node=\"16\">Malgr\u00e9 la violence des combats, les canaux diplomatiques restent ouverts. Dans son adresse du Nouvel An, M. Zelensky a r\u00e9it\u00e9r\u00e9 son souhait de paix, tout en refusant tout accord \u00ab faible \u00bb qui menacerait l\u2019existence m\u00eame de l\u2019Ukraine. Si des progr\u00e8s ont \u00e9t\u00e9 signal\u00e9s, le statut des territoires occup\u00e9s et les garanties de s\u00e9curit\u00e9 pour Kiev demeurent les principaux points de friction.<\/p>\n","protected":false},"excerpt":{"rendered":"Le minist\u00e8re russe de la D\u00e9fense affirme avoir extrait et d\u00e9cod\u00e9 les donn\u00e9es de navigation d\u2019un drone ukrainien&hellip;\n","protected":false},"author":2,"featured_media":635733,"comment_status":"","ping_status":"","sticky":false,"template":"","format":"standard","meta":{"footnotes":""},"categories":[1591],"tags":[11,1887,12,1885,1886,132],"class_list":{"0":"post-635732","1":"post","2":"type-post","3":"status-publish","4":"format-standard","5":"has-post-thumbnail","7":"category-russie","8":"tag-actualites","9":"tag-federation-de-russie","10":"tag-news","11":"tag-russia","12":"tag-russian-federation","13":"tag-russie"},"share_on_mastodon":{"url":"https:\/\/pubeurope.com\/@fr\/115824399681980433","error":""},"_links":{"self":[{"href":"https:\/\/www.europesays.com\/fr\/wp-json\/wp\/v2\/posts\/635732","targetHints":{"allow":["GET"]}}],"collection":[{"href":"https:\/\/www.europesays.com\/fr\/wp-json\/wp\/v2\/posts"}],"about":[{"href":"https:\/\/www.europesays.com\/fr\/wp-json\/wp\/v2\/types\/post"}],"author":[{"embeddable":true,"href":"https:\/\/www.europesays.com\/fr\/wp-json\/wp\/v2\/users\/2"}],"replies":[{"embeddable":true,"href":"https:\/\/www.europesays.com\/fr\/wp-json\/wp\/v2\/comments?post=635732"}],"version-history":[{"count":0,"href":"https:\/\/www.europesays.com\/fr\/wp-json\/wp\/v2\/posts\/635732\/revisions"}],"wp:featuredmedia":[{"embeddable":true,"href":"https:\/\/www.europesays.com\/fr\/wp-json\/wp\/v2\/media\/635733"}],"wp:attachment":[{"href":"https:\/\/www.europesays.com\/fr\/wp-json\/wp\/v2\/media?parent=635732"}],"wp:term":[{"taxonomy":"category","embeddable":true,"href":"https:\/\/www.europesays.com\/fr\/wp-json\/wp\/v2\/categories?post=635732"},{"taxonomy":"post_tag","embeddable":true,"href":"https:\/\/www.europesays.com\/fr\/wp-json\/wp\/v2\/tags?post=635732"}],"curies":[{"name":"wp","href":"https:\/\/api.w.org\/{rel}","templated":true}]}}