{"id":635736,"date":"2026-01-02T07:48:10","date_gmt":"2026-01-02T07:48:10","guid":{"rendered":"https:\/\/www.europesays.com\/fr\/635736\/"},"modified":"2026-01-02T07:48:10","modified_gmt":"2026-01-02T07:48:10","slug":"nous-devons-rendre-sa-grandeur-a-lamerique-george-clooney-repond-aux-attaques-de-donald-trump-apres-sa-naturalisation-francaise","status":"publish","type":"post","link":"https:\/\/www.europesays.com\/fr\/635736\/","title":{"rendered":"\u00ab\u00a0Nous devons rendre sa grandeur \u00e0 l\u2019Am\u00e9rique\u00a0\u00bb\u00a0: George Clooney r\u00e9pond aux attaques de Donald Trump apr\u00e8s sa naturalisation fran\u00e7aise"},"content":{"rendered":"<p class=\"paragraph text_align_left lp-f-body-02\">Attaqu\u00e9 par Donald Trump, George Clooney n\u2019a pas tard\u00e9 \u00e0 lui r\u00e9pondre. Mercredi, le pr\u00e9sident am\u00e9ricain s\u2019\u00e9tait <a href=\"https:\/\/www.leparisien.fr\/international\/etats-unis\/donald-trump-raille-la-naturalisation-des-clooney-et-critique-la-gestion-desastreuse-de-limmigration-en-france-01-01-2026-WWXDJN5IVNGX3BPVHP3E2F4DTE.php?ts=1767334579411\" target=\"_self\" rel=\"noopener\">ouvertement moqu\u00e9 de l\u2019acteur <\/a>et de sa famille sur son r\u00e9seau social Truth Social apr\u00e8s leur obtention de la nationalit\u00e9 fran\u00e7aise.<\/p>\n<p class=\"\">\u00ab Bonne nouvelle ! George et Amal Clooney, deux des pires pronostiqueurs politiques de tous les temps, sont officiellement devenus citoyens fran\u00e7ais \u00bb, a \u00e9crit Donald Trump, avant d\u2019ironiser sur l\u2019influence et la carri\u00e8re de l\u2019acteur \u00ab aux rares films, totalement m\u00e9diocres \u00bb et de critiquer la politique d\u2019immigration en Europe.<\/p>\n<p class=\"\">\u00ab Malheureusement, la France est actuellement confront\u00e9e \u00e0 un grave probl\u00e8me de criminalit\u00e9 en raison de sa gestion absolument d\u00e9sastreuse de l\u2019immigration, comme celle qu\u2019on a eue sous Joe Biden l\u2019endormi \u00bb, a ajout\u00e9 le locataire de la Maison-Blanche, coutumier des attaques contre ses opposants politiques dont fait partie <a href=\"https:\/\/www.leparisien.fr\/culture-loisirs\/cinema\/george-clooney-naturalise-francais-les-dessous-dune-vraie-love-story-entre-la-star-et-lhexagone-30-12-2025-2JE45RSD2RB5PL6UQE43XVKEBA.php\" target=\"_self\" rel=\"noopener\">George Clooney<\/a>.<\/p>\n<p>La r\u00e9ponse de l\u2019acteur am\u00e9ricain<\/p>\n<p class=\"\">L\u2019acteur d\u2019\u00ab Ocean\u2019s Eleven \u00bb ou \u00ab <a href=\"https:\/\/www.leparisien.fr\/culture-loisirs\/cinema\/george-clooney-je-vais-jouer-dans-le-film-dix-pour-cent-et-jarrive-a-paris-pour-le-tournage-25-10-2025-4OSGJURQQVCK5K2A45P5NDEISI.php\" target=\"_self\" rel=\"noopener\">Dix pour cent<\/a> \u00bb lui a r\u00e9pondu jeudi dans une d\u00e9claration transmise \u00e0 <a href=\"https:\/\/www.hollywoodreporter.com\/news\/politics-news\/george-clooney-pushes-back-trump-attacks-french-citizen-1236462527\/\" target=\"_self\" rel=\"noopener\">The Hollywood Reporter<\/a> : \u00ab Je suis enti\u00e8re d\u2019accord avec le pr\u00e9sident actuel. Nous devons rendre sa grandeur \u00e0 l\u2019Am\u00e9rique. Nous commencerons en novembre. \u00bb<\/p>\n<p class=\"\">Une menace \u00e0 peine voil\u00e9e, alors que l\u2019int\u00e9gralit\u00e9 de la Chambre des repr\u00e9sentants et un tiers du S\u00e9nat doivent \u00eatre renouvel\u00e9s le 3 novembre 2026. L\u2019\u00e9ch\u00e9ance s\u2019annonce cruciale pour la Maison-Blanche. D\u2019autant plus que les \u00e9lections de mi-mandat sont rarement favorables au pr\u00e9sident en poste.<\/p>\n<p class=\"title-embed-dailymotion lp-color-text lp-f-subtitle-04\">Vid\u00e9oLes Clooney obtiennent la nationalit\u00e9 fran\u00e7aise<\/p>\n<p class=\"\">Soutien de longue date du Parti D\u00e9mocrate am\u00e9ricain, George Clooney a r\u00e9cemment exprim\u00e9 son inqui\u00e9tude sur l\u2019avenir du cin\u00e9ma et de la presse aux \u00c9tats-Unis. \u00ab Je suis bien plus inquiet de la fa\u00e7on dont nous nous informons et dont nous allons discerner la r\u00e9alit\u00e9 sans une presse ind\u00e9pendante \u00bb, a-t-il d\u00e9clar\u00e9 au d\u00e9but du mois d\u2019octobre, accusant Bari Weiss de \u00ab d\u00e9manteler \u00bb la cha\u00eene d\u2019information <a href=\"https:\/\/www.leparisien.fr\/international\/etats-unis\/aux-etats-unis-la-deprogrammation-dune-emission-phare-de-la-tele-relance-les-debats-sur-la-liberte-dexpression-sous-trump-22-12-2025-NHHUWI5ZBRH6BHRFGIIUU4K7PI.php\" target=\"_self\" rel=\"noopener\">CBS News<\/a>. L\u2019occasion pour lui de rappeler son attachement \u00e0 un journaliste de la cha\u00eene, Edward R. Murrow, qu\u2019il incarnait \u00e0 Broadway.<\/p>\n<p>\u00ab Deux poids deux mesures \u00bb<\/p>\n<p class=\"\">En France aussi, la naturalisation de George Clooney, 64 ans, de son \u00e9pouse, Amal, 47 ans, et de leurs jumeaux de 8 ans a fait r\u00e9agir. La ministre d\u00e9l\u00e9gu\u00e9e aupr\u00e8s du ministre de l\u2019Int\u00e9rieur, Marie-Pierre Vedrenne a d\u00e9nonc\u00e9 un \u00ab deux poids deux mesures \u00bb en plein resserrement des conditions d\u2019acc\u00e8s \u00e0 la citoyennet\u00e9 fran\u00e7aise.<\/p>\n<p class=\"\">\u00ab Nous sommes tr\u00e8s satisfaits \u00bb de ces naturalisations, d\u2019autant que le couple Clooney et ses deux enfants \u00ab vivent sur le territoire national \u00bb, dans le Var, a r\u00e9pondu le ministre de l\u2019Int\u00e9rieur Laurent Nu\u00f1ez, qualifiant \u00bb la d\u00e9cision de l\u2019autorit\u00e9 publique \u00bb de \u00ab grande chance pour notre pays \u00bb.<\/p>\n","protected":false},"excerpt":{"rendered":"Attaqu\u00e9 par Donald Trump, George Clooney n\u2019a pas tard\u00e9 \u00e0 lui r\u00e9pondre. Mercredi, le pr\u00e9sident am\u00e9ricain s\u2019\u00e9tait ouvertement&hellip;\n","protected":false},"author":2,"featured_media":635737,"comment_status":"","ping_status":"","sticky":false,"template":"","format":"standard","meta":{"footnotes":""},"categories":[1589],"tags":[11,872,73,1866,14,12,1864,1865,1863,308],"class_list":{"0":"post-635736","1":"post","2":"type-post","3":"status-publish","4":"format-standard","5":"has-post-thumbnail","7":"category-etats-unis","8":"tag-actualites","9":"tag-culture-et-loisirs","10":"tag-etats-unis","11":"tag-etats-unis-damerique","12":"tag-international","13":"tag-news","14":"tag-united-states","15":"tag-united-states-of-america","16":"tag-us","17":"tag-usa"},"share_on_mastodon":{"url":"https:\/\/pubeurope.com\/@fr\/115824407579493614","error":""},"_links":{"self":[{"href":"https:\/\/www.europesays.com\/fr\/wp-json\/wp\/v2\/posts\/635736","targetHints":{"allow":["GET"]}}],"collection":[{"href":"https:\/\/www.europesays.com\/fr\/wp-json\/wp\/v2\/posts"}],"about":[{"href":"https:\/\/www.europesays.com\/fr\/wp-json\/wp\/v2\/types\/post"}],"author":[{"embeddable":true,"href":"https:\/\/www.europesays.com\/fr\/wp-json\/wp\/v2\/users\/2"}],"replies":[{"embeddable":true,"href":"https:\/\/www.europesays.com\/fr\/wp-json\/wp\/v2\/comments?post=635736"}],"version-history":[{"count":0,"href":"https:\/\/www.europesays.com\/fr\/wp-json\/wp\/v2\/posts\/635736\/revisions"}],"wp:featuredmedia":[{"embeddable":true,"href":"https:\/\/www.europesays.com\/fr\/wp-json\/wp\/v2\/media\/635737"}],"wp:attachment":[{"href":"https:\/\/www.europesays.com\/fr\/wp-json\/wp\/v2\/media?parent=635736"}],"wp:term":[{"taxonomy":"category","embeddable":true,"href":"https:\/\/www.europesays.com\/fr\/wp-json\/wp\/v2\/categories?post=635736"},{"taxonomy":"post_tag","embeddable":true,"href":"https:\/\/www.europesays.com\/fr\/wp-json\/wp\/v2\/tags?post=635736"}],"curies":[{"name":"wp","href":"https:\/\/api.w.org\/{rel}","templated":true}]}}