{"id":635740,"date":"2026-01-02T07:50:12","date_gmt":"2026-01-02T07:50:12","guid":{"rendered":"https:\/\/www.europesays.com\/fr\/635740\/"},"modified":"2026-01-02T07:50:12","modified_gmt":"2026-01-02T07:50:12","slug":"volee-en-brabant-wallon-la-toyota-partait-vers-lallemagne","status":"publish","type":"post","link":"https:\/\/www.europesays.com\/fr\/635740\/","title":{"rendered":"Vol\u00e9e en Brabant wallon, la Toyota partait vers l&rsquo;Allemagne"},"content":{"rendered":"<p class=\"ap-StoryElement ap-StoryElement--mb ap-StoryText\">Rayan O, un jeune habitant de Villepinte, en r\u00e9gion parisienne, \u00e9tait seul au volant. Juste avant d&rsquo;\u00eatre arr\u00eat\u00e9, il avait dict\u00e9 un message sur GSM: \u00ab\u00a0Les cond\u00e9s viennent de sortir, b\u00e2tards !\u00a0\u00bb.<\/p>\n<p class=\"ap-StoryElement ap-StoryElement--mb ap-StoryText\">Un GSM qui n&rsquo;\u00e9tait pas le sien: il a affirm\u00e9 que \u00ab\u00a0des gens\u00a0\u00bb lui avaient donn\u00e9 l&rsquo;appareil quelques minutes auparavant, dans un petit village situ\u00e9 juste \u00e0 la limite de la France et de la Belgique. Ce vieil iPhone 7 devait lui servir de GPS pour conduire la voiture en Allemagne, l&rsquo;adresse exacte devant lui \u00eatre envoy\u00e9e en cours de trajet via la messagerie Signal.<\/p>\n<p class=\"ap-StoryElement ap-StoryElement--mb ap-StoryText\">Par qui ? \u00ab\u00a0Des personnes sont venues me chercher en Mercedes et m&rsquo;ont conduit jusque dans le petit village, a-t-il expliqu\u00e9 devant le tribunal correctionnel. Ils m&rsquo;ont donn\u00e9 la cl\u00e9 du Rav 4, qui \u00e9tait ab\u00eem\u00e9e. C&rsquo;\u00e9tait bizarre, on voyait la puce.\u00a0\u00bb<\/p>\n<p class=\"ap-StoryElement ap-StoryElement--mb ap-StoryText\">D&rsquo;apr\u00e8s lui, il a alors demand\u00e9 si la voiture \u00e9tait en ordre et on lui a r\u00e9pondu de ne pas paniquer, que les papiers \u00e9taient dans la bo\u00eete \u00e0 gants. Et comme il d\u00e9crit ses interlocuteurs comme \u00ab\u00a0dangereux\u00a0\u00bb, il n&rsquo;a pas pos\u00e9 plus de questions. Il devait recevoir 100\u00a0euros ce trajet jusqu&rsquo;en Allemagne.<\/p>\n<p class=\"ap-StoryElement ap-StoryElement--mb ap-StoryText\">\u00ab\u00a0Mon client avait 20 ans et \u00e9tait dans la d\u00e8che, a plaid\u00e9 son avocat. Une personne qu&rsquo;il conna\u00eet vaguement lui a promis un billet pour conduire une voiture de la fronti\u00e8re franco-belge jusqu&rsquo;en Allemagne, il n&rsquo;a pas vu n\u00e9cessairement le mal. Quand on lui a donn\u00e9 la cl\u00e9, il a r\u00e9alis\u00e9 que c&rsquo;\u00e9tait bizarre. Mais on l&rsquo;avait amen\u00e9 sur place, il a compris qu&rsquo;il ne pouvait plus changer d&rsquo;avis.\u00a0\u00bb<\/p>\n<p class=\"ap-StoryElement ap-StoryElement--mb ap-StoryText\">Techniquement, le pr\u00e9venu n&rsquo;\u00e9tait pas poursuivi pour le vol commis \u00e0 Waterloo: ce n&rsquo;\u00e9tait pas lui. Quant au recel de la voiture, il a \u00e9t\u00e9 commis \u00e0 Mons, et le tribunal correctionnel du Brabant wallon n&rsquo;est pas g\u00e9ographiquement comp\u00e9tent. C&rsquo;est donc pour l&rsquo;appartenance \u00e0 une association de malfaiteurs qu&rsquo;une peine de 12 mois avait \u00e9t\u00e9 requise \u00e0 son encontre.<\/p>\n<p class=\"ap-StoryElement ap-StoryElement--mb ap-StoryText\">Le tribunal s&rsquo;est montr\u00e9 plus cl\u00e9ment: il accorde la suspension du prononc\u00e9.<\/p>\n","protected":false},"excerpt":{"rendered":"Rayan O, un jeune habitant de Villepinte, en r\u00e9gion parisienne, \u00e9tait seul au volant. Juste avant d&rsquo;\u00eatre arr\u00eat\u00e9,&hellip;\n","protected":false},"author":2,"featured_media":635741,"comment_status":"","ping_status":"","sticky":false,"template":"","format":"standard","meta":{"footnotes":""},"categories":[1587],"tags":[11,672,1804,1805,1803,1777,674,1801,12,1802,25463,74327],"class_list":{"0":"post-635740","1":"post","2":"type-post","3":"status-publish","4":"format-standard","5":"has-post-thumbnail","7":"category-allemagne","8":"tag-actualites","9":"tag-allemagne","10":"tag-bundesrepublik-deutschland","11":"tag-de","12":"tag-deutschland","13":"tag-eu","14":"tag-europe","15":"tag-germany","16":"tag-news","17":"tag-republique-federale-dallemagne","18":"tag-tribunal-correctionnel","19":"tag-waterloo"},"share_on_mastodon":{"url":"https:\/\/pubeurope.com\/@fr\/115824415527742832","error":""},"_links":{"self":[{"href":"https:\/\/www.europesays.com\/fr\/wp-json\/wp\/v2\/posts\/635740","targetHints":{"allow":["GET"]}}],"collection":[{"href":"https:\/\/www.europesays.com\/fr\/wp-json\/wp\/v2\/posts"}],"about":[{"href":"https:\/\/www.europesays.com\/fr\/wp-json\/wp\/v2\/types\/post"}],"author":[{"embeddable":true,"href":"https:\/\/www.europesays.com\/fr\/wp-json\/wp\/v2\/users\/2"}],"replies":[{"embeddable":true,"href":"https:\/\/www.europesays.com\/fr\/wp-json\/wp\/v2\/comments?post=635740"}],"version-history":[{"count":0,"href":"https:\/\/www.europesays.com\/fr\/wp-json\/wp\/v2\/posts\/635740\/revisions"}],"wp:featuredmedia":[{"embeddable":true,"href":"https:\/\/www.europesays.com\/fr\/wp-json\/wp\/v2\/media\/635741"}],"wp:attachment":[{"href":"https:\/\/www.europesays.com\/fr\/wp-json\/wp\/v2\/media?parent=635740"}],"wp:term":[{"taxonomy":"category","embeddable":true,"href":"https:\/\/www.europesays.com\/fr\/wp-json\/wp\/v2\/categories?post=635740"},{"taxonomy":"post_tag","embeddable":true,"href":"https:\/\/www.europesays.com\/fr\/wp-json\/wp\/v2\/tags?post=635740"}],"curies":[{"name":"wp","href":"https:\/\/api.w.org\/{rel}","templated":true}]}}