{"id":635742,"date":"2026-01-02T07:51:17","date_gmt":"2026-01-02T07:51:17","guid":{"rendered":"https:\/\/www.europesays.com\/fr\/635742\/"},"modified":"2026-01-02T07:51:17","modified_gmt":"2026-01-02T07:51:17","slug":"les-17-villes-deurope-a-visiter-en-2026-des-plus-celebres-aux-plus-confidentielles","status":"publish","type":"post","link":"https:\/\/www.europesays.com\/fr\/635742\/","title":{"rendered":"Les 17 villes d&rsquo;Europe \u00e0 visiter en 2026, des plus c\u00e9l\u00e8bres aux plus confidentielles"},"content":{"rendered":"<p><a href=\"https:\/\/www.admagazine.fr\/lifestyle\/hotel-design\/diaporama\/un-hotel-du-meilleur-gout-a-copenhague\/59003\" target=\"_blank\" rel=\"noopener\">Copenhague<\/a> n&rsquo;est pas seulement l&rsquo;une des villes offrant la meilleure qualit\u00e9 de vie au monde, elle est aussi consid\u00e9r\u00e9e comme la ville du v\u00e9lo par excellence. Et c&rsquo;est ainsi que l&rsquo;on peut le mieux explorer la capitale danoise, par exemple le long du Havneringen (anneau du port), un circuit de 13 kilom\u00e8tres qui longe toujours l&rsquo;eau. Si vous n&rsquo;avez pas envie d&rsquo;enfourcher votre v\u00e9lo, vous pouvez aussi explorer les innombrables quartiers de la ville \u00e0 pied et vous r\u00e9galer en faisant le tour du monde. Ou bien vous en tenir au Sm\u00f8rrebr\u00f8d et au Zimtnoten, deux sp\u00e9cialit\u00e9s typiquement danoises \u2014 un vrai plaisir assur\u00e9 !<\/p>\n<p><img decoding=\"async\" alt=\"Lucca Altstadt\" loading=\"lazy\" class=\"ResponsiveImageContainer-eNxvmU cfBbTk responsive-image__image\"   src=\"https:\/\/www.europesays.com\/fr\/wp-content\/uploads\/2026\/01\/GettyImages-163636719.jpg\"\/><\/p>\n<p>Lucques est encore aujourd&rsquo;hui encadr\u00e9e par un mur d&rsquo;enceinte d&rsquo;environ quatre kilom\u00e8tres de long, qui date de la Renaissance.<\/p>\n<p>Maremagnum\/Getty Images<\/p>\n<p>Certains peuvent conna\u00eetre Lucques gr\u00e2ce \u00e0 la nouvelle de Joseph von Eichendorff Le tableau de marbre, tandis que d&rsquo;autres connaissent surtout cette <a href=\"https:\/\/www.admagazine.fr\/galerie\/villes-meconnues-voir-une-fois-vie\" target=\"_blank\" rel=\"noopener\">ville historique<\/a> situ\u00e9e \u00e0 proximit\u00e9 du fleuve Serchio pour son centre historique pittoresque. Les anciens remparts sont peut-\u00eatre l&#8217;embl\u00e8me le plus connu de la ville, puisqu&rsquo;ils encadrent Lucques sur une longueur de pr\u00e8s de quatre kilom\u00e8tres. L&rsquo;ascension de la tour m\u00e9di\u00e9vale Torre Guinigi fait \u00e9galement partie du programme immanquable, tout comme la visite de la Piazza dell&rsquo;Anfiteatro, qui faisait autrefois office d&rsquo;amphith\u00e9\u00e2tre.<\/p>\n<p>Remarque sur les plus belles villes d&rsquo;Europe : cette liste n&rsquo;est pas un classement, mais correspond \u00e0 une s\u00e9lection de <a href=\"https:\/\/www.admagazine.fr\/galerie\/lieux-visiter-2025\" target=\"_blank\" rel=\"noopener\">recommandations de voyage<\/a> subjectives de la r\u00e9daction.<\/p>\n<p>Article initialement publi\u00e9 sur <a href=\"https:\/\/www.ad-magazin.de\/artikel\/schoenste-staedte-europa\" target=\"_blank\" rel=\"noopener\">AD Allemagne<\/a>.<\/p>\n","protected":false},"excerpt":{"rendered":"Copenhague n&rsquo;est pas seulement l&rsquo;une des villes offrant la meilleure qualit\u00e9 de vie au monde, elle est aussi&hellip;\n","protected":false},"author":2,"featured_media":635743,"comment_status":"","ping_status":"","sticky":false,"template":"","format":"standard","meta":{"footnotes":""},"categories":[1586],"tags":[11,1777,674,1011,27,12,25,1666],"class_list":{"0":"post-635742","1":"post","2":"type-post","3":"status-publish","4":"format-standard","5":"has-post-thumbnail","7":"category-europe","8":"tag-actualites","9":"tag-eu","10":"tag-europe","11":"tag-fr","12":"tag-france","13":"tag-news","14":"tag-republique-francaise","15":"tag-voyages"},"share_on_mastodon":{"url":"https:\/\/pubeurope.com\/@fr\/115824419500643386","error":""},"_links":{"self":[{"href":"https:\/\/www.europesays.com\/fr\/wp-json\/wp\/v2\/posts\/635742","targetHints":{"allow":["GET"]}}],"collection":[{"href":"https:\/\/www.europesays.com\/fr\/wp-json\/wp\/v2\/posts"}],"about":[{"href":"https:\/\/www.europesays.com\/fr\/wp-json\/wp\/v2\/types\/post"}],"author":[{"embeddable":true,"href":"https:\/\/www.europesays.com\/fr\/wp-json\/wp\/v2\/users\/2"}],"replies":[{"embeddable":true,"href":"https:\/\/www.europesays.com\/fr\/wp-json\/wp\/v2\/comments?post=635742"}],"version-history":[{"count":0,"href":"https:\/\/www.europesays.com\/fr\/wp-json\/wp\/v2\/posts\/635742\/revisions"}],"wp:featuredmedia":[{"embeddable":true,"href":"https:\/\/www.europesays.com\/fr\/wp-json\/wp\/v2\/media\/635743"}],"wp:attachment":[{"href":"https:\/\/www.europesays.com\/fr\/wp-json\/wp\/v2\/media?parent=635742"}],"wp:term":[{"taxonomy":"category","embeddable":true,"href":"https:\/\/www.europesays.com\/fr\/wp-json\/wp\/v2\/categories?post=635742"},{"taxonomy":"post_tag","embeddable":true,"href":"https:\/\/www.europesays.com\/fr\/wp-json\/wp\/v2\/tags?post=635742"}],"curies":[{"name":"wp","href":"https:\/\/api.w.org\/{rel}","templated":true}]}}