{"id":635767,"date":"2026-01-02T08:10:18","date_gmt":"2026-01-02T08:10:18","guid":{"rendered":"https:\/\/www.europesays.com\/fr\/635767\/"},"modified":"2026-01-02T08:10:18","modified_gmt":"2026-01-02T08:10:18","slug":"les-films-les-plus-attendus-en-2026","status":"publish","type":"post","link":"https:\/\/www.europesays.com\/fr\/635767\/","title":{"rendered":"Les films les plus attendus en 2026"},"content":{"rendered":"<p><img loading=\"lazy\" decoding=\"async\" class=\"w-full lazyload lazyload--opacity object-contain\" style=\"aspect-ratio:185 \/ 100;opacity:1\" alt=\"&quot;Father Mother Sister Brother&quot; de Jim Jarmusch, avec Tom Waits, Adam Driver, Mayim Bialik, Charlotte Rampling, Cate Blanchett, Vicky Krieps, Indya Moore, Luka Sabbat.\" width=\"768\" height=\"415\" fetchpriority=\"auto\" src=\"https:\/\/www.europesays.com\/fr\/wp-content\/uploads\/2025\/12\/1765951754_589_S5VKD3X55FFF3BW6V4SEHXNP7I.png\"  data- data-optimumx=\"1\"\/>Tom Waits de retour chez Jim Jarmusch dans \u00ab\u00a0Father Mother Sister Brother\u00a0\u00bb. \u00a9Cin\u00e9artVie priv\u00e9e (14\/1)<\/p>\n<p class=\"ap-StoryElement ap-StoryElement--mb ap-StoryText\">Cin\u00e9aste subtile, Rebecca Zlotowski (Une fille facile, <a href=\"https:\/\/www.moustique.be\/culture\/2022\/09\/21\/les-enfants-des-autres-un-film-sublime-dedie-aux-meres-sans-enfant-RUWUPT5YUNFVNNFXNYHZAWFXEQ\/\" target=\"_self\" rel=\"noopener\">Les Enfants des autres<\/a>) ravive le thriller psychologique fa\u00e7on Woody Allen avec Jodie Foster en psychanalyste persuad\u00e9e que l&rsquo;une de ses patientes (Virginie Efira) a \u00e9t\u00e9 assassin\u00e9e. Outre le plaisir de d\u00e9couvrir la star am\u00e9ricaine dans son premier grand r\u00f4le en Fran\u00e7ais, on adore le sc\u00e9nario ludique co-\u00e9crit avec l&rsquo;\u00e9crivaine Anne Berest (Gabri\u00eble, La Carte postale) qui plonge dans nos inconscients et ram\u00e8ne le personnage de Jodie Foster vers la tendresse face \u00e0 Daniel Auteuil. <b>J.G.<\/b><\/p>\n<p><img loading=\"lazy\" decoding=\"async\" class=\"w-full lazyload lazyload--opacity object-contain\" style=\"aspect-ratio:178 \/ 100;opacity:1\" alt=\"Pour la premi\u00e8re fois, Jodie Foster a accept\u00e9 de jouer en fran\u00e7ais dans &quot;Vie priv\u00e9e&quot; de Rebecca Zlotowski, notamment face \u00e0 Virginie Efira. R\u00e9sultat \u00e0 l'\u00e9cran le 3 d\u00e9cembre 2025.\" width=\"768\" height=\"432\" fetchpriority=\"auto\" src=\"https:\/\/www.europesays.com\/fr\/wp-content\/uploads\/2025\/12\/1765951754_589_S5VKD3X55FFF3BW6V4SEHXNP7I.png\"  data- data-optimumx=\"1\"\/>Pour la premi\u00e8re fois, Jodie Foster a accept\u00e9 de jouer en fran\u00e7ais dans \u00ab\u00a0Vie priv\u00e9e\u00a0\u00bb de Rebecca Zlotowski, notamment face \u00e0 Virginie Efira.  \u00a9J\u00e9r\u00f4me Pr\u00e9bois<a href=\"https:\/\/www.lalibre.be\/culture\/2026\/01\/01\/stranger-things-lultime-episode-valait-il-la-peine-de-rester-eveille-jusqua-quatre-heures-du-matin-6N4JPZTG6VAWBMRLXNWDQ7MARU\/\" target=\"_self\" class=\"ap-StoryInterstitialLink ap-StoryElement ap-StoryElement--mb\" rel=\"noopener\">\u00ab\u00a0Stranger Things\u00a0\u00bb : l&rsquo;ultime \u00e9pisode valait-il la peine de rester \u00e9veill\u00e9 jusqu&rsquo;\u00e0 quatre heures du matin ?<\/a><\/p>\n<p class=\"ap-StoryElement ap-StoryElement--mb ap-StoryText\"><a href=\"https:\/\/www.lalibre.be\/culture\/cinema\/actualite\/2025\/12\/08\/one-battle-after-another-et-hamnet-favoris-aux-golden-globes-2026-ZKNKH63O6JAPZHO3T6NMQXHV44\/\" rel=\"noopener\" target=\"_blank\">Nomm\u00e9 \u00e0 six reprises aux Golden Globes<\/a>, Hamnet sera certainement aussi l&rsquo;un des grands favoris des oscars. Vainqueuse de la saison des prix 2021 avec son formidable <a href=\"https:\/\/www.lalibre.be\/culture\/cinema\/2021\/06\/08\/lamerique-invisible-2DZ3UWFOHREPXK6Y5AHEDDNJOM\/\" rel=\"noopener\" target=\"_blank\">Nomadland<\/a>, Chlo\u00e9 Zhao adapte ici <a href=\"https:\/\/www.lalibre.be\/culture\/livres-bd\/2021\/04\/13\/une-tragedie-dabord-familiale-EWBNUQTGRRAYTN5PPOASKHW2EI\/\" rel=\"noopener\" target=\"_blank\">le roman homonyme de l&rsquo;autrice irlandaise Maggie O&rsquo;Farrell<\/a>, qui imagine le couple Agn\u00e8s et William Shakespeare (Jessie Buckley et Paul Mescal) face au deuil de leur jeune fils. La cin\u00e9aste sino-am\u00e9ricaine signe un drame intimiste fort sur la puissance cathartique du th\u00e9\u00e2tre. <b>H.H.<\/b><\/p>\n<p><img loading=\"lazy\" decoding=\"async\" class=\"w-full lazyload lazyload--opacity object-contain\" style=\"aspect-ratio:151 \/ 100;opacity:1\" alt=\"This image released by Focus Features shows Jessie Buckley, center, in a scene from &quot;Hamnet.&quot; (Agata Grzybowska\/Focus Features via AP)\" width=\"768\" height=\"510\" fetchpriority=\"auto\" src=\"https:\/\/www.europesays.com\/fr\/wp-content\/uploads\/2025\/12\/1765951754_589_S5VKD3X55FFF3BW6V4SEHXNP7I.png\"  data- data-optimumx=\"1\"\/>Jessie Buckley, une femme en deuil dans \u00ab\u00a0Hamnet\u00a0\u00bb de Chlo\u00e9 Zhao. \u00a9 2025 FOCUS FEATURES LLC. ALL RIGHTS RESERVED.Hurlevent (11\/2)<\/p>\n<p class=\"ap-StoryElement ap-StoryElement--mb ap-StoryText\">C&rsquo;est peu dire qu&rsquo;on attend beaucoup de l&rsquo;adaptation du roman gothique d&rsquo;Emily Bront\u00eb paru en 1847 Les Hauts du Hurlevent (Wuthering Heights, d\u00e9j\u00e0 plusieurs fois revisit\u00e9 \u00e0 l&rsquo;\u00e9cran), ici par la r\u00e9alisatrice britannique Emerald Fennell (le n\u00e9o-noir Saltburn et le revenge movie f\u00e9ministe Promising young woman, oscar du meilleur sc\u00e9nario en 2021). Margot Robbie (Barbie) et Jacob Elordi (Frankenstein) feront revivre les amoureux maudits de la campagne anglaise Catherine et Heathcliff, avec en bande originale la fi\u00e9vreuse reine de la pop Charli XCX. Sortie pr\u00e9vue pour la Saint-Valentin. <b>J.G.<\/b><\/p>\n<p><img loading=\"lazy\" decoding=\"async\" class=\"w-full lazyload lazyload--opacity object-contain\" style=\"aspect-ratio:178 \/ 100;opacity:1\" alt=\"Margot Robbie dans le r\u00f4le de  Catherine Earnshaw dans &quot;Hurlevent&quot;, nouvelle adaptation du roman d'Emily Bront\u00eb sign\u00e9e Emerald Fennell.\" width=\"768\" height=\"432\" fetchpriority=\"auto\" src=\"https:\/\/www.europesays.com\/fr\/wp-content\/uploads\/2025\/12\/1765951754_589_S5VKD3X55FFF3BW6V4SEHXNP7I.png\"  data- data-optimumx=\"1\"\/>Margot Robbie dans le r\u00f4le de  Catherine Earnshaw dans \u00ab\u00a0Hurlevent\u00a0\u00bb, nouvelle adaptation du roman d&rsquo;Emily Bront\u00eb sign\u00e9e Emerald Fennell. \u00a9Warner Bros<a href=\"https:\/\/www.lalibre.be\/culture\/2026\/01\/01\/le-grand-ecran-en-danger-les-films-sortiront-ils-encore-en-salle-G5IZOJTB3ZD7PHOJ4RKMF37CBA\/\" target=\"_self\" class=\"ap-StoryInterstitialLink ap-StoryElement ap-StoryElement--mb\" rel=\"noopener\">Le grand \u00e9cran en danger : les films sortiront-ils encore en salle ?<\/a><\/p>\n<p class=\"ap-StoryElement ap-StoryElement--mb ap-StoryText\">C&rsquo;est l&rsquo;un des projets les plus pop de l&rsquo;ann\u00e9e, celui pour lequel Timoth\u00e9e Chalamet revenu de Bob Dylan se fend d&rsquo;une promotion d\u00e9mentielle sur tous les r\u00e9seaux sociaux, en influenceur \u00e0 capuche fa\u00e7on prank. Sous la cam\u00e9ra du new-yorkais Josh Safdie (qui a l&rsquo;habitude de travailler en duo avec son fr\u00e8re Ben), il incarne ici le vrai Marty Reisman, un champion de ping-pong fascin\u00e9 par la gloire dans les ann\u00e9es 1950. L&rsquo;occasion pour l&rsquo;acteur de tacler le star-sytem avec ce personnage de \u00ab\u00a0Timmy Supreme\u00a0\u00bb qui brouille savamment les pistes entre r\u00e9alit\u00e9 et promo. <b>J.G.<\/b><\/p>\n<p><img loading=\"lazy\" decoding=\"async\" class=\"w-full lazyload lazyload--opacity object-contain\" style=\"aspect-ratio:150 \/ 100;opacity:1\" alt=\"This image released by A24 shows Timoth\u00e9e Chalamet in a scene from &quot;Marty Supreme.&quot; (A24 via AP)\" width=\"768\" height=\"512\" fetchpriority=\"auto\" src=\"https:\/\/www.europesays.com\/fr\/wp-content\/uploads\/2025\/12\/1765951754_589_S5VKD3X55FFF3BW6V4SEHXNP7I.png\"  data- data-optimumx=\"1\"\/>Timoth\u00e9e Chalamet a d\u00e9croch\u00e9 une nomination aux Golden Globe du meilleur acteur pour le r\u00f4le-titre de \u00ab\u00a0Marty Supreme\u00a0\u00bb de Josh Safdie.The Super Mario Galaxy Movie (1\/4)<\/p>\n<p class=\"ap-StoryElement ap-StoryElement--mb ap-StoryText\">En 2023, <a href=\"https:\/\/www.lalibre.be\/culture\/cinema\/films\/2023\/04\/05\/super-mario-bros-lequipe-du-film-a-sans-doute-beaucoup-tate-des-consoles-nintendo-IJLQIWYSAZEVVAQHSEJRAQPGUI\/\" rel=\"noopener\" target=\"_blank\">le portage au grand \u00e9cran du h\u00e9ros iconique de Nintendo<\/a> avait tout \u00e9cras\u00e9 sur son passage. Meilleur film d&rsquo;animation de l&rsquo;ann\u00e9e, il se glissa en deuxi\u00e8me position du box-office mondial, entre Barbie et Oppenheimer, avec 1,36 milliard de dollars de recettes. On reprend donc la m\u00eame \u00e9quipe : Aaron Horvath et Michael Jelenic \u00e0 la r\u00e9alisation et Matthew Fogel au sc\u00e9nario. Adaptant cette fois Super Mario Galaxy, le classique de la console Wii, cette suite emm\u00e8ne Mario, Luigi, Toad et la princesse Peach aux quatre coins de la galaxie. <b>H.H.<\/b><\/p>\n<p><img loading=\"lazy\" decoding=\"async\" class=\"w-full lazyload lazyload--opacity object-contain\" style=\"aspect-ratio:187 \/ 100;opacity:1\" alt=\"The Super Mario Galaxy Movie\" width=\"768\" height=\"410\" fetchpriority=\"auto\" src=\"https:\/\/www.europesays.com\/fr\/wp-content\/uploads\/2025\/12\/1765951754_589_S5VKD3X55FFF3BW6V4SEHXNP7I.png\"  data- data-optimumx=\"1\"\/>\u00ab\u00a0Super Mario Galaxy Movie\u00a0\u00bb porte cette fois au grand \u00e9cran le jeu classique de la console Wii. \u00a9Universal Pictures<a href=\"https:\/\/www.lalibre.be\/culture\/2025\/12\/31\/streaming-le-programme-des-nouveautes-de-janvier-POWHJ522LJHV3DXDNQARK5MV6E\/\" target=\"_self\" class=\"ap-StoryInterstitialLink ap-StoryElement ap-StoryElement--mb\" rel=\"noopener\">Streaming : le programme des nouveaut\u00e9s de janvier<\/a><\/p>\n<p class=\"ap-StoryElement ap-StoryElement--mb ap-StoryText\">Report\u00e9 pendant des plusieurs mois pour un possible conflit juridique avec la famille Jackson, le biopic sur Michael Jackson verra le jour au printemps, seize ans apr\u00e8s la mort du King of Pop. Produit par Graham King (Bohemian Rhapsody), r\u00e9alis\u00e9 par Antoine Fuqua (Training Day) et incarn\u00e9 par le neveu de la star Jaafar Jackson, Michael reviendra sur l&rsquo;ascension extraordinaire de Michael Jackson et ses rencontres, de Quincy Jones \u00e0 Diana Ross. On ne sait pas encore si le film fera l&rsquo;impasse sur la face sombre du chanteur, accus\u00e9 d&rsquo;agression sexuelle sur mineur en 1993. <b>J.G.<\/b><\/p>\n<p><img loading=\"lazy\" decoding=\"async\" class=\"w-full lazyload lazyload--opacity object-contain\" style=\"aspect-ratio:178 \/ 100;opacity:1\" alt=\"Pour camper Michael Jackson dans son biopic &quot;Michael&quot;, Antoine Fuqua a choisi son neveu, Jaafar Jackson.\" width=\"768\" height=\"433\" fetchpriority=\"auto\" src=\"https:\/\/www.europesays.com\/fr\/wp-content\/uploads\/2025\/12\/1765951754_589_S5VKD3X55FFF3BW6V4SEHXNP7I.png\"  data- data-optimumx=\"1\"\/>Pour camper Michael Jackson dans son biopic \u00ab\u00a0Michael\u00a0\u00bb, Antoine Fuqua a choisi son neveu, Jaafar Jackson. \u00a9LionsgateLe Diable s&rsquo;habille en Prada 2 (29\/4)<\/p>\n<p class=\"ap-StoryElement ap-StoryElement--mb ap-StoryText\">C&rsquo;est la suite \u00ab\u00a0fashion\u00a0\u00bb la plus attendue de 2026. Vingt ans apr\u00e8s le premier volet, Meryl Streep et Anne Hathaway reprennent du galon, la premi\u00e8re toujours inspir\u00e9e par la r\u00e9dactrice en cheffe du magazine Vogue Anna Wintour (qui s&rsquo;est retir\u00e9e en juin dernier apr\u00e8s quarante ans de r\u00e8gne incontest\u00e9 sur les magazines de mode), et la seconde dans le r\u00f4le de l&rsquo;ambitieuse Andrea Sachs. A leurs c\u00f4t\u00e9s, on retrouvera Emily Blunt et Stanley Tucci unis face au d\u00e9clin de la presse papier. <b>J.G.<\/b><\/p>\n<p><img loading=\"lazy\" decoding=\"async\" class=\"w-full lazyload lazyload--opacity object-contain\" style=\"aspect-ratio:212 \/ 100;opacity:1\" alt=\"Vingt ans apr\u00e8s &quot;Le Diable s'habille en Prada&quot;, Meryl Streep et Anne Hathaway retrouvent leurs personnages dans une suite toujours r\u00e9alis\u00e9e par David Frankel.\" width=\"768\" height=\"363\" fetchpriority=\"auto\" src=\"https:\/\/www.europesays.com\/fr\/wp-content\/uploads\/2025\/12\/1765951754_589_S5VKD3X55FFF3BW6V4SEHXNP7I.png\"  data- data-optimumx=\"1\"\/>Vingt ans apr\u00e8s \u00ab\u00a0Le Diable s&rsquo;habille en Prada\u00a0\u00bb, Meryl Streep et Anne Hathaway retrouvent leurs personnages dans une suite toujours r\u00e9alis\u00e9e par David Frankel. \u00a920th Century StudiosStar Wars : The Mandalorian and Grogu (20\/5)<\/p>\n<p class=\"ap-StoryElement ap-StoryElement--mb ap-StoryText\">Orphelins de Star Wars au grand \u00e9cran depuis l&rsquo;<a href=\"https:\/\/www.lalibre.be\/culture\/cinema\/2019\/12\/18\/lascension-des-skywalker-jj-abrams-sauve-la-galaxie-star-wars-et-en-met-plein-la-vue-PWGMGFS6SNHNHH4FIHH3IONLKM\/\" rel=\"noopener\" target=\"_blank\">Episode IX : L&rsquo;Ascension de Skywalker<\/a> de J. J. Abrams, qui marquait la fin de la saga originelle en 2019, les fans ont d\u00fb se rabattre sur les productions Disney +, plus ou moins r\u00e9ussies. La plus marquante fut sans doute <a href=\"https:\/\/www.lalibre.be\/culture\/medias-tele\/2020\/11\/02\/les-perles-cachees-dans-le-mandalorian-pour-les-fans-de-star-wars-SRD7ZJFDBJGUVPOAKHF6UUENGU\/\" rel=\"noopener\" target=\"_blank\">The Mandalorian<\/a>, avec Pedro Pascal sous le casque de Mando. Toujours confi\u00e9e \u00e0 Jon Favreau, la suite des deux saisons de la s\u00e9rie d\u00e9barque au cin\u00e9ma en mai et l&rsquo;on croisera \u00e9videmment la route de l&#8217;embl\u00e9matique Grogu, alias Baby Yoda. <b>H.H.<\/b><\/p>\n<p><img loading=\"lazy\" decoding=\"async\" class=\"w-full lazyload lazyload--opacity object-contain\" style=\"aspect-ratio:150 \/ 100;opacity:1\" alt=\"Sous le casque du &quot;Mandalorian&quot;, on retrouvera Pedro Pascal, aux c\u00f4t\u00e9s du craquant Grogu.\" width=\"768\" height=\"512\" fetchpriority=\"auto\" src=\"https:\/\/www.europesays.com\/fr\/wp-content\/uploads\/2025\/12\/1765951754_589_S5VKD3X55FFF3BW6V4SEHXNP7I.png\"  data- data-optimumx=\"1\"\/>Sous le casque du \u00ab\u00a0Mandalorian\u00a0\u00bb, on retrouvera Pedro Pascal, aux c\u00f4t\u00e9s du craquant Grogu. \u00a9Lucasfilm<a href=\"https:\/\/www.lalibre.be\/culture\/2025\/12\/31\/muriel-robin-paye-laddition-ne-jamais-etre-choisie-par-ses-pairs-ca-vous-tue-a-petit-feu-MGSNAMY655GEJOYGCX7RZG7V3E\/\" target=\"_self\" class=\"ap-StoryInterstitialLink ap-StoryElement ap-StoryElement--mb\" rel=\"noopener\">Muriel Robin paye l&rsquo;addition : \u00ab\u00a0Ne jamais \u00eatre choisie par ses pairs, \u00e7a vous tue \u00e0 petit feu\u00a0\u00bb<\/a><\/p>\n<p class=\"ap-StoryElement ap-StoryElement--mb ap-StoryText\">Un film de Steven Spielberg est toujours un \u00e9v\u00e9nement, surtout lorsque la premi\u00e8re bande-annonce se r\u00e9v\u00e8le aussi \u00e9trange et myst\u00e9rieuse que Disclosure Day, m\u00ealant mondes parall\u00e8les et possibilit\u00e9 d&rsquo;une vie extra-terrestre. Apr\u00e8s le tr\u00e8s intime The Fabelmans, le r\u00e9alisateur culte d&rsquo;E.T revient \u00e0 la science-fiction et s&rsquo;entoure de fid\u00e8les (David Koepp, le sc\u00e9nariste de Jurassic Park et Indiana Jones et le royaume du cr\u00e2ne de cristal) et de nouveaux venus dans son cin\u00e9ma (Emily Blunt, Josh O&rsquo;Connor et Colman Domingo au casting). On a h\u00e2te ! <b>J.G.<\/b><\/p>\n<p><img loading=\"lazy\" decoding=\"async\" class=\"w-full lazyload lazyload--opacity object-contain\" style=\"aspect-ratio:158 \/ 100;opacity:1\" alt=\"Emily Blunt dans &quot;Discoure Day&quot;, qui marque le retour de Steven Spielberg \u00e0 la science-fiction.\" width=\"768\" height=\"486\" fetchpriority=\"auto\" src=\"https:\/\/www.europesays.com\/fr\/wp-content\/uploads\/2025\/12\/1765951754_589_S5VKD3X55FFF3BW6V4SEHXNP7I.png\"  data- data-optimumx=\"1\"\/>Emily Blunt dans \u00ab\u00a0Discoure Day\u00a0\u00bb, qui marque le retour de Steven Spielberg \u00e0 la science-fiction. \u00a9SonyLes blockbusters de l&rsquo;ann\u00e9e<\/p>\n<p class=\"ap-StoryElement ap-StoryElement--mb ap-StoryText\">Alors qu&rsquo;<a href=\"https:\/\/www.lalibre.be\/culture\/cinema\/films\/2025\/12\/16\/avatar-de-feu-et-de-cendres-un-spectacle-eblouissant-mais-assez-peu-innovant-7WEJT4U55VFYZFAWEUFOJG3CLU\/\" rel=\"noopener\" target=\"_blank\">Avatar : de feu et de cendres<\/a> va truster la t\u00eate du box-office durant les premi\u00e8res semaines de 2026, l&rsquo;ann\u00e9e sera riche en blockbusters. \u00c0 commencer par <b>L&rsquo;Odyss\u00e9e<\/b> (15\/7), l&rsquo;adaptation d&rsquo;Hom\u00e8re par Christopher Nolan (Oppenheimer), avec Matt Damon dans le r\u00f4le d&rsquo;Ulysse et Tom Holland dans celui de T\u00e9l\u00e9maque. Tandis qu&rsquo;en fin d&rsquo;ann\u00e9e (18\/12), Denis Villeneuve d\u00e9voilera d\u00e9j\u00e0 le troisi\u00e8me volet de la saga de S-F <b>Dune<\/b>.<\/p>\n<p class=\"ap-StoryElement ap-StoryElement--mb ap-StoryText\">Du c\u00f4t\u00e9 de chez Marvel, les fans pourront d\u00e9couvrir le tr\u00e8s attendu <b>Spider-Man : Brand New Day<\/b> (29\/7), quatri\u00e8me volet des aventures en solo de l&rsquo;homme araign\u00e9e sign\u00e9 Destin Daniel Cretton, ainsi qu&rsquo;<b>Avengers<\/b> <b>: Doomsday<\/b> (16\/12), qui marque le retour des fr\u00e8res Russo dans le MCU.<\/p>\n<p><a href=\"https:\/\/www.lalibre.be\/culture\/cinema\/2025\/12\/30\/retro-cinema-nos-coups-de-coeur-2025-DSXHHNL2MBD2FCJLCK3NTVW5XI\/\" target=\"_self\" class=\"ap-StoryInterstitialLink ap-StoryElement ap-StoryElement--mb\" rel=\"noopener\">R\u00e9tro cin\u00e9ma : nos coups de c\u0153ur 2025<\/a><\/p>\n<p class=\"ap-StoryElement ap-StoryElement--mb ap-StoryText\">Enfin, c\u00f4t\u00e9 animation, Pixar d\u00e9voilera <b>Toy Story 5<\/b> le 17\/6 et les <b>Minions 3<\/b> d\u00e9barqueront le 1\/7. Tandis que le classique de l&rsquo;animation Disney <b>Vaiana<\/b> prendra vie en prises de vues r\u00e9elles (avec Catherine Laga&rsquo;aia dans le r\u00f4le-titre) le 8\/7. <b>H.H.<\/b><\/p>\n<p><img loading=\"lazy\" decoding=\"async\" class=\"w-full lazyload lazyload--opacity object-contain\" style=\"aspect-ratio:178 \/ 100;opacity:1\" alt=\"En d\u00e9cembre, Thomoth\u00e9e Chalamet retrouvera son r\u00f4le de Paul Atr\u00e9ides dans &quot;Dune: Part Three&quot; de Denis Villeneuve.\" width=\"768\" height=\"432\" fetchpriority=\"auto\" src=\"https:\/\/www.europesays.com\/fr\/wp-content\/uploads\/2025\/12\/1765951754_589_S5VKD3X55FFF3BW6V4SEHXNP7I.png\"  data- data-optimumx=\"1\"\/>En d\u00e9cembre, Thomoth\u00e9e Chalamet retrouvera son r\u00f4le de Paul Atr\u00e9ides dans \u00ab\u00a0Dune: Part Three\u00a0\u00bb de Denis Villeneuve. \u00a9Legendary Pictures<\/p>\n","protected":false},"excerpt":{"rendered":"Tom Waits de retour chez Jim Jarmusch dans \u00ab\u00a0Father Mother Sister Brother\u00a0\u00bb. \u00a9Cin\u00e9artVie priv\u00e9e (14\/1) Cin\u00e9aste subtile, Rebecca&hellip;\n","protected":false},"author":2,"featured_media":635768,"comment_status":"","ping_status":"","sticky":false,"template":"","format":"standard","meta":{"footnotes":""},"categories":[1354],"tags":[35820,10350,58,59,1346,1011,27,1227,1360,4932,74328],"class_list":{"0":"post-635767","1":"post","2":"type-post","3":"status-publish","4":"format-standard","5":"has-post-thumbnail","7":"category-films","8":"tag-army","9":"tag-conflict","10":"tag-divertissement","11":"tag-entertainment","12":"tag-films","13":"tag-fr","14":"tag-france","15":"tag-horizontal","16":"tag-movies","17":"tag-war","18":"tag-war-and-conflict"},"share_on_mastodon":{"url":"https:\/\/pubeurope.com\/@fr\/115824494640826557","error":""},"_links":{"self":[{"href":"https:\/\/www.europesays.com\/fr\/wp-json\/wp\/v2\/posts\/635767","targetHints":{"allow":["GET"]}}],"collection":[{"href":"https:\/\/www.europesays.com\/fr\/wp-json\/wp\/v2\/posts"}],"about":[{"href":"https:\/\/www.europesays.com\/fr\/wp-json\/wp\/v2\/types\/post"}],"author":[{"embeddable":true,"href":"https:\/\/www.europesays.com\/fr\/wp-json\/wp\/v2\/users\/2"}],"replies":[{"embeddable":true,"href":"https:\/\/www.europesays.com\/fr\/wp-json\/wp\/v2\/comments?post=635767"}],"version-history":[{"count":0,"href":"https:\/\/www.europesays.com\/fr\/wp-json\/wp\/v2\/posts\/635767\/revisions"}],"wp:featuredmedia":[{"embeddable":true,"href":"https:\/\/www.europesays.com\/fr\/wp-json\/wp\/v2\/media\/635768"}],"wp:attachment":[{"href":"https:\/\/www.europesays.com\/fr\/wp-json\/wp\/v2\/media?parent=635767"}],"wp:term":[{"taxonomy":"category","embeddable":true,"href":"https:\/\/www.europesays.com\/fr\/wp-json\/wp\/v2\/categories?post=635767"},{"taxonomy":"post_tag","embeddable":true,"href":"https:\/\/www.europesays.com\/fr\/wp-json\/wp\/v2\/tags?post=635767"}],"curies":[{"name":"wp","href":"https:\/\/api.w.org\/{rel}","templated":true}]}}