{"id":635778,"date":"2026-01-02T08:16:11","date_gmt":"2026-01-02T08:16:11","guid":{"rendered":"https:\/\/www.europesays.com\/fr\/635778\/"},"modified":"2026-01-02T08:16:11","modified_gmt":"2026-01-02T08:16:11","slug":"kim-jong-un-consolide-la-place-de-sa-fille-pour-prendre-un-jour-sa-succession","status":"publish","type":"post","link":"https:\/\/www.europesays.com\/fr\/635778\/","title":{"rendered":"Kim Jong-un consolide la place de sa fille pour prendre un jour sa succession"},"content":{"rendered":"<p>De p\u00e8re en fils et maintenant de p\u00e8re en fille\u00a0: <a href=\"https:\/\/www.20minutes.fr\/monde\/coree_du_nord\/4193952-20260101-coree-nord-kim-jong-encense-v-ux-liens-militaires-russie\" target=\"_blank\" class=\"c-link c-link--is-underlined\" rel=\"noopener\">Kim Jong-un<\/a> semble bien avoir l\u2019intention de l\u00e9guer \u00e0 l\u2019une de ses enfants les clefs de la <a href=\"https:\/\/www.20minutes.fr\/monde\/coree_du_nord\/4193654-20251230-coree-nord-kim-jong-fait-monter-pression-nouveaux-lance-roquettes\" target=\"_blank\" class=\"c-link c-link--is-underlined\" rel=\"noopener\">Cor\u00e9e du Nord<\/a>. Vendredi, le leader nord-cor\u00e9en a une nouvelle fois consolid\u00e9 la place de sa fille pour prendre un jour sa succession.<\/p>\n<\/p>\n<p><a href=\"https:\/\/www.20minutes.fr\/monde\/coree_du_nord\/4170971-20250903-coree-nord-kim-ju-ae-fille-kim-jong-pressentie-succeder\" target=\"_blank\" class=\"c-link c-link--is-underlined\" rel=\"noopener\">Kim Ju Ae<\/a> a en effet fait sa premi\u00e8re visite au mausol\u00e9e o\u00f9 reposent son grand-p\u00e8re et arri\u00e8re-grand-p\u00e8re, anciens dirigeants, d\u2019apr\u00e8s les images du m\u00e9dia officiel.<\/p>\n<p>Une dynastie au pouvoir depuis\u00a01948<\/p>\n<p>La Cor\u00e9e du Nord est domin\u00e9e depuis\u00a01948 par la dynastie Kim, \u00e9galement appel\u00e9e \u00ab\u00a0lign\u00e9e Paektu\u00a0\u00bb, du nom d\u2019une montagne sacr\u00e9e qui est le berceau l\u00e9gendaire du peuple cor\u00e9en et o\u00f9, selon la propagande du pays, a vu le jour Kim Jong Il (grand-p\u00e8re de Kim Ju Ae) qui avait lui-m\u00eame succ\u00e9d\u00e9 \u00e0 son p\u00e8re Kim Il Sung (arri\u00e8re-grand-p\u00e8re).<\/p>\n<p>Les deux hommes, surnomm\u00e9s \u00ab\u00a0leaders \u00e9ternels\u00a0\u00bb dans la propagande d\u2019\u00c9tat, sont inhum\u00e9s au palais du Soleil de Kumsusan, un vaste mausol\u00e9e du centre-ville de Pyongyang. Kim Jong-un s\u2019y est rendu accompagn\u00e9 de hauts responsables, mais \u00e9galement de sa fille Ju Ae, montrent les images de l\u2019agence de presse officielle KCNA.<\/p>\n<p>L\u2019unique dynastie communiste au monde<\/p>\n<p>Cette jeune fille dont l\u2019\u00e2ge n\u2019est pas confirm\u00e9 a \u00e9t\u00e9 vue aux c\u00f4t\u00e9s de son p\u00e8re \u00e0 plusieurs occasions depuis sa premi\u00e8re apparition en\u00a02022. Les renseignements sud-cor\u00e9ens pensent ainsi qu\u2019elle pourrait un jour lui succ\u00e9der pour la quatri\u00e8me g\u00e9n\u00e9ration au pouvoir de l\u2019unique dynastie communiste au monde.<\/p>\n<p><a href=\"https:\/\/www.20minutes.fr\/monde\/coree_du_nord\/\" target=\"_blank\" class=\"c-link c-btn c-btn--primary\" rel=\"noopener\">Notre dossier sur la Cor\u00e9e du Nord<\/a><\/p>\n<p>En\u00a02024, les m\u00e9dias d\u2019Etat nord-cor\u00e9ens avaient d\u00e9sign\u00e9 Kim Ju Ae sous le titre tr\u00e8s honorifique de \u00ab\u00a0hyangdo\u00a0\u00bb (\u00ab grande personne de conseil\u00a0\u00bb, en cor\u00e9en), un terme g\u00e9n\u00e9ralement r\u00e9serv\u00e9 au dirigeant ou \u00e0 son successeur.<\/p>\n<p>Avant\u00a02022, la seule confirmation de l\u2019existence de Kim Ju Ae \u00e9tait venue de l\u2019ex-star am\u00e9ricaine de la NBA Dennis Rodman. Il affirmait avoir rencontr\u00e9 une fille du dirigeant appel\u00e9e Ju Ae au cours d\u2019une visite en Cor\u00e9e du Nord en\u00a02013.<\/p>\n","protected":false},"excerpt":{"rendered":"De p\u00e8re en fils et maintenant de p\u00e8re en fille\u00a0: Kim Jong-un semble bien avoir l\u2019intention de l\u00e9guer&hellip;\n","protected":false},"author":2,"featured_media":635779,"comment_status":"","ping_status":"","sticky":false,"template":"","format":"standard","meta":{"footnotes":""},"categories":[5],"tags":[47,11,34005,13987,1011,27,14,15404,74,12,133,28],"class_list":{"0":"post-635778","1":"post","2":"type-post","3":"status-publish","4":"format-standard","5":"has-post-thumbnail","7":"category-international","8":"tag-actualite","9":"tag-actualites","10":"tag-communisme","11":"tag-coree-du-nord","12":"tag-fr","13":"tag-france","14":"tag-international","15":"tag-kim-jong-un","16":"tag-monde","17":"tag-news","18":"tag-video","19":"tag-world"},"share_on_mastodon":{"url":"https:\/\/pubeurope.com\/@fr\/115824517877648962","error":""},"_links":{"self":[{"href":"https:\/\/www.europesays.com\/fr\/wp-json\/wp\/v2\/posts\/635778","targetHints":{"allow":["GET"]}}],"collection":[{"href":"https:\/\/www.europesays.com\/fr\/wp-json\/wp\/v2\/posts"}],"about":[{"href":"https:\/\/www.europesays.com\/fr\/wp-json\/wp\/v2\/types\/post"}],"author":[{"embeddable":true,"href":"https:\/\/www.europesays.com\/fr\/wp-json\/wp\/v2\/users\/2"}],"replies":[{"embeddable":true,"href":"https:\/\/www.europesays.com\/fr\/wp-json\/wp\/v2\/comments?post=635778"}],"version-history":[{"count":0,"href":"https:\/\/www.europesays.com\/fr\/wp-json\/wp\/v2\/posts\/635778\/revisions"}],"wp:featuredmedia":[{"embeddable":true,"href":"https:\/\/www.europesays.com\/fr\/wp-json\/wp\/v2\/media\/635779"}],"wp:attachment":[{"href":"https:\/\/www.europesays.com\/fr\/wp-json\/wp\/v2\/media?parent=635778"}],"wp:term":[{"taxonomy":"category","embeddable":true,"href":"https:\/\/www.europesays.com\/fr\/wp-json\/wp\/v2\/categories?post=635778"},{"taxonomy":"post_tag","embeddable":true,"href":"https:\/\/www.europesays.com\/fr\/wp-json\/wp\/v2\/tags?post=635778"}],"curies":[{"name":"wp","href":"https:\/\/api.w.org\/{rel}","templated":true}]}}